{"id":29667,"date":"2026-08-31T19:40:00","date_gmt":"2026-08-31T22:40:00","guid":{"rendered":"https:\/\/treslineasnoticias.com.ar\/?p=29667"},"modified":"2026-09-01T11:58:48","modified_gmt":"2026-09-01T14:58:48","slug":"nuevas-herramientas-para-los-talleres-gratuitos-con-agil-salida-laboral","status":"publish","type":"post","link":"https:\/\/treslineasnoticias.com.ar\/?p=29667","title":{"rendered":"Nuevas herramientas para los talleres gratuitos con \u00e1gil salida laboral"},"content":{"rendered":"\n<p><strong><em>El jefe comunal -Andr\u00e9s Watson- entreg\u00f3 insumos para potenciar los seminarios municipales en la ma\u00f1ana del lunes en el Centro Integrador Comunitario ubicado en calle Remedios de Escalada y Caseros -Santo Tom\u00e1s-.<\/em><\/strong><\/p>\n\n\n\n<p>Tras hablar con los y las docentes sobre sus actividades, el Intendente vislumbr\u00f3 \u201cla oportunidad de perfeccionar el trabajo realizado con m\u00e1s instrumentos a fin de ofrecer clases cada vez m\u00e1s profesionales a los vecinos y las vecinas\u201d.<\/p>\n\n\n\n<figure class=\"wp-block-image size-large\"><img loading=\"lazy\" decoding=\"async\" width=\"1024\" height=\"683\" src=\"http:\/\/treslineasnoticias.com.ar\/wp-content\/uploads\/2026\/09\/1fd718fc-49a5-c613-fb7d-3f93d50a34b0-1024x683.jpg\" alt=\"\" class=\"wp-image-29672\" srcset=\"https:\/\/treslineasnoticias.com.ar\/wp-content\/uploads\/2026\/09\/1fd718fc-49a5-c613-fb7d-3f93d50a34b0-1024x683.jpg 1024w, https:\/\/treslineasnoticias.com.ar\/wp-content\/uploads\/2026\/09\/1fd718fc-49a5-c613-fb7d-3f93d50a34b0-300x200.jpg 300w, https:\/\/treslineasnoticias.com.ar\/wp-content\/uploads\/2026\/09\/1fd718fc-49a5-c613-fb7d-3f93d50a34b0-768x512.jpg 768w, https:\/\/treslineasnoticias.com.ar\/wp-content\/uploads\/2026\/09\/1fd718fc-49a5-c613-fb7d-3f93d50a34b0-1536x1024.jpg 1536w, https:\/\/treslineasnoticias.com.ar\/wp-content\/uploads\/2026\/09\/1fd718fc-49a5-c613-fb7d-3f93d50a34b0-2048x1365.jpg 2048w\" sizes=\"auto, (max-width: 1024px) 100vw, 1024px\" \/><\/figure>\n\n\n\n<p>El Alcalde resalt\u00f3 \u201clos espacios fundamentales para fomentar oficios con salida laboral o recreativos, adem\u00e1s de su funci\u00f3n como sitios de contenci\u00f3n ciudadana\u201d. Ponder\u00f3 \u201cla inversi\u00f3n del gobierno provincial en estos recursos para impulsar a la gente a crecer diariamente en una situaci\u00f3n nacional dif\u00edcil\u201d.<\/p>\n\n\n\n<p>La secretaria de Desarrollo Social -Laura Vivas- remarc\u00f3 \u201cla adquisici\u00f3n de nuevas herramientas destinadas a las m\u00faltiples sedes en los barrios: una decisi\u00f3n importante por proporcionar una capacitaci\u00f3n de calidad a la poblaci\u00f3n\u201d.<\/p>\n\n\n\n<figure class=\"wp-block-image size-large\"><img loading=\"lazy\" decoding=\"async\" width=\"1024\" height=\"683\" src=\"http:\/\/treslineasnoticias.com.ar\/wp-content\/uploads\/2026\/09\/d096da1a-285c-3bc8-344e-6d6918c689b8-1024x683.jpg\" alt=\"\" class=\"wp-image-29671\" srcset=\"https:\/\/treslineasnoticias.com.ar\/wp-content\/uploads\/2026\/09\/d096da1a-285c-3bc8-344e-6d6918c689b8-1024x683.jpg 1024w, https:\/\/treslineasnoticias.com.ar\/wp-content\/uploads\/2026\/09\/d096da1a-285c-3bc8-344e-6d6918c689b8-300x200.jpg 300w, https:\/\/treslineasnoticias.com.ar\/wp-content\/uploads\/2026\/09\/d096da1a-285c-3bc8-344e-6d6918c689b8-768x512.jpg 768w, https:\/\/treslineasnoticias.com.ar\/wp-content\/uploads\/2026\/09\/d096da1a-285c-3bc8-344e-6d6918c689b8-1536x1024.jpg 1536w, https:\/\/treslineasnoticias.com.ar\/wp-content\/uploads\/2026\/09\/d096da1a-285c-3bc8-344e-6d6918c689b8-2048x1365.jpg 2048w\" sizes=\"auto, (max-width: 1024px) 100vw, 1024px\" \/><\/figure>\n\n\n\n<p>El responsable del taller de zapater\u00eda -Juan Villalba- defini\u00f3 \u201cfabulosa la determinaci\u00f3n de acercarnos elementos a las y los profesores con el objetivo de brindar cursos a\u00fan mejores\u201d. En su caso, mencion\u00f3 \u201cuna c\u00e1tedra con una amplia cantidad de concurrentes con distintas edades que tomaron su lugar con la idea de reactivar el rubro\u201d.<\/p>\n\n\n\n<p>A cargo de la propuesta de costura, Graciela Arg\u00fcello consider\u00f3 a la provisi\u00f3n de objetos \u201cexcepcional por reflejar una ayuda a los y las participantes en el aprendizaje de saberes pr\u00e1cticos\u201d.<\/p>\n\n\n\n<div class=\"wp-block-columns is-layout-flex wp-container-core-columns-is-layout-28f84493 wp-block-columns-is-layout-flex\">\n<div class=\"wp-block-column is-layout-flow wp-block-column-is-layout-flow\" style=\"flex-basis:100%\">\n<figure class=\"wp-block-gallery has-nested-images columns-default is-cropped wp-block-gallery-1 is-layout-flex wp-block-gallery-is-layout-flex\">\n<figure class=\"wp-block-image size-large\"><img loading=\"lazy\" decoding=\"async\" width=\"1024\" height=\"683\" data-id=\"29669\" src=\"https:\/\/treslineasnoticias.com.ar\/wp-content\/uploads\/2026\/09\/b06fd613-42b3-39d7-d6b9-27d2c2635434-1024x683.jpg\" alt=\"\" class=\"wp-image-29669\" srcset=\"https:\/\/treslineasnoticias.com.ar\/wp-content\/uploads\/2026\/09\/b06fd613-42b3-39d7-d6b9-27d2c2635434-1024x683.jpg 1024w, https:\/\/treslineasnoticias.com.ar\/wp-content\/uploads\/2026\/09\/b06fd613-42b3-39d7-d6b9-27d2c2635434-300x200.jpg 300w, https:\/\/treslineasnoticias.com.ar\/wp-content\/uploads\/2026\/09\/b06fd613-42b3-39d7-d6b9-27d2c2635434-768x512.jpg 768w, https:\/\/treslineasnoticias.com.ar\/wp-content\/uploads\/2026\/09\/b06fd613-42b3-39d7-d6b9-27d2c2635434-1536x1024.jpg 1536w, https:\/\/treslineasnoticias.com.ar\/wp-content\/uploads\/2026\/09\/b06fd613-42b3-39d7-d6b9-27d2c2635434-2048x1365.jpg 2048w\" sizes=\"auto, (max-width: 1024px) 100vw, 1024px\" \/><\/figure>\n\n\n\n<figure class=\"wp-block-image size-large\"><img loading=\"lazy\" decoding=\"async\" width=\"1024\" height=\"683\" data-id=\"29668\" src=\"https:\/\/treslineasnoticias.com.ar\/wp-content\/uploads\/2026\/09\/59ca57a7-96d5-fd3f-7146-80015c842552-1024x683.jpg\" alt=\"\" class=\"wp-image-29668\" srcset=\"https:\/\/treslineasnoticias.com.ar\/wp-content\/uploads\/2026\/09\/59ca57a7-96d5-fd3f-7146-80015c842552-1024x683.jpg 1024w, https:\/\/treslineasnoticias.com.ar\/wp-content\/uploads\/2026\/09\/59ca57a7-96d5-fd3f-7146-80015c842552-300x200.jpg 300w, https:\/\/treslineasnoticias.com.ar\/wp-content\/uploads\/2026\/09\/59ca57a7-96d5-fd3f-7146-80015c842552-768x512.jpg 768w, https:\/\/treslineasnoticias.com.ar\/wp-content\/uploads\/2026\/09\/59ca57a7-96d5-fd3f-7146-80015c842552-1536x1024.jpg 1536w, https:\/\/treslineasnoticias.com.ar\/wp-content\/uploads\/2026\/09\/59ca57a7-96d5-fd3f-7146-80015c842552-2048x1365.jpg 2048w\" sizes=\"auto, (max-width: 1024px) 100vw, 1024px\" \/><\/figure>\n<\/figure>\n<\/div>\n<\/div>\n\n\n\n<p>\u201cUn valioso incentivo a los alumnos y las alumnas. Si bien ya ven\u00edan muy contentos, esto fue un plus\u201d, afirm\u00f3 su par en plomer\u00eda -Javier Rodr\u00edguez-.<\/p>\n\n\n\n<p>Para descubrir las alternativas de formaci\u00f3n, ingresar en <a href=\"http:\/\/www.varela.gob.ar\/cursosytalleres\/\"><u>www.varela.gob.ar\/cursosytalleres\/<\/u><\/a>.<\/p>\n","protected":false},"excerpt":{"rendered":"<p>El jefe comunal -Andr\u00e9s Watson- entreg\u00f3 insumos para potenciar los seminarios municipales en la ma\u00f1ana del lunes en el Centro Integrador Comunitario ubicado en calle Remedios de Escalada y Caseros -Santo Tom\u00e1s-. Tras hablar con los y las docentes sobre sus actividades, el Intendente vislumbr\u00f3 \u201cla oportunidad de perfeccionar el trabajo realizado con m\u00e1s instrumentos [&hellip;]<\/p>\n","protected":false},"author":3,"featured_media":29670,"comment_status":"open","ping_status":"open","sticky":false,"template":"","format":"standard","meta":{"_jetpack_memberships_contains_paid_content":false,"footnotes":""},"categories":[6],"tags":[],"class_list":["post-29667","post","type-post","status-publish","format-standard","has-post-thumbnail","hentry","category-florencio-varela"],"yoast_head":"<!-- This site is optimized with the Yoast SEO plugin v27.5 - https:\/\/yoast.com\/product\/yoast-seo-wordpress\/ -->\n<title>Nuevas herramientas para los talleres gratuitos con \u00e1gil salida laboral - Tres Lineas Noticias<\/title>\n<meta name=\"robots\" content=\"index, follow, max-snippet:-1, max-image-preview:large, max-video-preview:-1\" \/>\n<link rel=\"canonical\" href=\"https:\/\/treslineasnoticias.com.ar\/?p=29667\" \/>\n<meta property=\"og:locale\" content=\"es_ES\" \/>\n<meta property=\"og:type\" content=\"article\" \/>\n<meta property=\"og:title\" content=\"Nuevas herramientas para los talleres gratuitos con \u00e1gil salida laboral - Tres Lineas Noticias\" \/>\n<meta property=\"og:description\" content=\"El jefe comunal -Andr\u00e9s Watson- entreg\u00f3 insumos para potenciar los seminarios municipales en la ma\u00f1ana del lunes en el Centro Integrador Comunitario ubicado en calle Remedios de Escalada y Caseros -Santo Tom\u00e1s-. Tras hablar con los y las docentes sobre sus actividades, el Intendente vislumbr\u00f3 \u201cla oportunidad de perfeccionar el trabajo realizado con m\u00e1s instrumentos [&hellip;]\" \/>\n<meta property=\"og:url\" content=\"https:\/\/treslineasnoticias.com.ar\/?p=29667\" \/>\n<meta property=\"og:site_name\" content=\"Tres Lineas Noticias\" \/>\n<meta property=\"article:published_time\" content=\"2026-08-31T22:40:00+00:00\" \/>\n<meta property=\"article:modified_time\" content=\"2026-09-01T14:58:48+00:00\" \/>\n<meta property=\"og:image\" content=\"http:\/\/treslineasnoticias.com.ar\/wp-content\/uploads\/2026\/09\/ac05d6f9-919a-470e-5672-b9a9f8b17a53-scaled.jpg\" \/>\n\t<meta property=\"og:image:width\" content=\"2560\" \/>\n\t<meta property=\"og:image:height\" content=\"1707\" \/>\n\t<meta property=\"og:image:type\" content=\"image\/jpeg\" \/>\n<meta name=\"author\" content=\"Horacio L\u00f3pez\" \/>\n<meta name=\"twitter:card\" content=\"summary_large_image\" \/>\n<meta name=\"twitter:label1\" content=\"Escrito por\" \/>\n\t<meta name=\"twitter:data1\" content=\"Horacio L\u00f3pez\" \/>\n\t<meta name=\"twitter:label2\" content=\"Tiempo de lectura\" \/>\n\t<meta name=\"twitter:data2\" content=\"3 minutos\" \/>\n<script type=\"application\/ld+json\" class=\"yoast-schema-graph\">{\"@context\":\"https:\\\/\\\/schema.org\",\"@graph\":[{\"@type\":\"Article\",\"@id\":\"https:\\\/\\\/treslineasnoticias.com.ar\\\/?p=29667#article\",\"isPartOf\":{\"@id\":\"https:\\\/\\\/treslineasnoticias.com.ar\\\/?p=29667\"},\"author\":{\"name\":\"Horacio L\u00f3pez\",\"@id\":\"https:\\\/\\\/treslineasnoticias.com.ar\\\/#\\\/schema\\\/person\\\/c5f7249e50517b84c2379b145ca14895\"},\"headline\":\"Nuevas herramientas para los talleres gratuitos con \u00e1gil salida laboral\",\"datePublished\":\"2026-08-31T22:40:00+00:00\",\"dateModified\":\"2026-09-01T14:58:48+00:00\",\"mainEntityOfPage\":{\"@id\":\"https:\\\/\\\/treslineasnoticias.com.ar\\\/?p=29667\"},\"wordCount\":309,\"commentCount\":0,\"image\":{\"@id\":\"https:\\\/\\\/treslineasnoticias.com.ar\\\/?p=29667#primaryimage\"},\"thumbnailUrl\":\"https:\\\/\\\/treslineasnoticias.com.ar\\\/wp-content\\\/uploads\\\/2026\\\/09\\\/ac05d6f9-919a-470e-5672-b9a9f8b17a53-scaled.jpg\",\"articleSection\":[\"Florencio Varela\"],\"inLanguage\":\"es\",\"potentialAction\":[{\"@type\":\"CommentAction\",\"name\":\"Comment\",\"target\":[\"https:\\\/\\\/treslineasnoticias.com.ar\\\/?p=29667#respond\"]}]},{\"@type\":\"WebPage\",\"@id\":\"https:\\\/\\\/treslineasnoticias.com.ar\\\/?p=29667\",\"url\":\"https:\\\/\\\/treslineasnoticias.com.ar\\\/?p=29667\",\"name\":\"Nuevas herramientas para los talleres gratuitos con \u00e1gil salida laboral - Tres Lineas Noticias\",\"isPartOf\":{\"@id\":\"https:\\\/\\\/treslineasnoticias.com.ar\\\/#website\"},\"primaryImageOfPage\":{\"@id\":\"https:\\\/\\\/treslineasnoticias.com.ar\\\/?p=29667#primaryimage\"},\"image\":{\"@id\":\"https:\\\/\\\/treslineasnoticias.com.ar\\\/?p=29667#primaryimage\"},\"thumbnailUrl\":\"https:\\\/\\\/treslineasnoticias.com.ar\\\/wp-content\\\/uploads\\\/2026\\\/09\\\/ac05d6f9-919a-470e-5672-b9a9f8b17a53-scaled.jpg\",\"datePublished\":\"2026-08-31T22:40:00+00:00\",\"dateModified\":\"2026-09-01T14:58:48+00:00\",\"author\":{\"@id\":\"https:\\\/\\\/treslineasnoticias.com.ar\\\/#\\\/schema\\\/person\\\/c5f7249e50517b84c2379b145ca14895\"},\"breadcrumb\":{\"@id\":\"https:\\\/\\\/treslineasnoticias.com.ar\\\/?p=29667#breadcrumb\"},\"inLanguage\":\"es\",\"potentialAction\":[{\"@type\":\"ReadAction\",\"target\":[\"https:\\\/\\\/treslineasnoticias.com.ar\\\/?p=29667\"]}]},{\"@type\":\"ImageObject\",\"inLanguage\":\"es\",\"@id\":\"https:\\\/\\\/treslineasnoticias.com.ar\\\/?p=29667#primaryimage\",\"url\":\"https:\\\/\\\/treslineasnoticias.com.ar\\\/wp-content\\\/uploads\\\/2026\\\/09\\\/ac05d6f9-919a-470e-5672-b9a9f8b17a53-scaled.jpg\",\"contentUrl\":\"https:\\\/\\\/treslineasnoticias.com.ar\\\/wp-content\\\/uploads\\\/2026\\\/09\\\/ac05d6f9-919a-470e-5672-b9a9f8b17a53-scaled.jpg\",\"width\":2560,\"height\":1707},{\"@type\":\"BreadcrumbList\",\"@id\":\"https:\\\/\\\/treslineasnoticias.com.ar\\\/?p=29667#breadcrumb\",\"itemListElement\":[{\"@type\":\"ListItem\",\"position\":1,\"name\":\"Portada\",\"item\":\"https:\\\/\\\/treslineasnoticias.com.ar\\\/\"},{\"@type\":\"ListItem\",\"position\":2,\"name\":\"Nuevas herramientas para los talleres gratuitos con \u00e1gil salida laboral\"}]},{\"@type\":\"WebSite\",\"@id\":\"https:\\\/\\\/treslineasnoticias.com.ar\\\/#website\",\"url\":\"https:\\\/\\\/treslineasnoticias.com.ar\\\/\",\"name\":\"Tres Lineas Noticias\",\"description\":\"\",\"potentialAction\":[{\"@type\":\"SearchAction\",\"target\":{\"@type\":\"EntryPoint\",\"urlTemplate\":\"https:\\\/\\\/treslineasnoticias.com.ar\\\/?s={search_term_string}\"},\"query-input\":{\"@type\":\"PropertyValueSpecification\",\"valueRequired\":true,\"valueName\":\"search_term_string\"}}],\"inLanguage\":\"es\"},{\"@type\":\"Person\",\"@id\":\"https:\\\/\\\/treslineasnoticias.com.ar\\\/#\\\/schema\\\/person\\\/c5f7249e50517b84c2379b145ca14895\",\"name\":\"Horacio L\u00f3pez\",\"image\":{\"@type\":\"ImageObject\",\"inLanguage\":\"es\",\"@id\":\"https:\\\/\\\/treslineasnoticias.com.ar\\\/wp-content\\\/litespeed\\\/avatar\\\/f5a5e9d378b20cf999cb9a940a8324f3.jpg?ver=1788116984\",\"url\":\"https:\\\/\\\/treslineasnoticias.com.ar\\\/wp-content\\\/litespeed\\\/avatar\\\/f5a5e9d378b20cf999cb9a940a8324f3.jpg?ver=1788116984\",\"contentUrl\":\"https:\\\/\\\/treslineasnoticias.com.ar\\\/wp-content\\\/litespeed\\\/avatar\\\/f5a5e9d378b20cf999cb9a940a8324f3.jpg?ver=1788116984\",\"caption\":\"Horacio L\u00f3pez\"},\"sameAs\":[\"http:\\\/\\\/treslineasnoticias.com.ar\"],\"url\":\"https:\\\/\\\/treslineasnoticias.com.ar\\\/?author=3\"}]}<\/script>\n<!-- \/ Yoast SEO plugin. -->","yoast_head_json":{"title":"Nuevas herramientas para los talleres gratuitos con \u00e1gil salida laboral - Tres Lineas Noticias","robots":{"index":"index","follow":"follow","max-snippet":"max-snippet:-1","max-image-preview":"max-image-preview:large","max-video-preview":"max-video-preview:-1"},"canonical":"https:\/\/treslineasnoticias.com.ar\/?p=29667","og_locale":"es_ES","og_type":"article","og_title":"Nuevas herramientas para los talleres gratuitos con \u00e1gil salida laboral - Tres Lineas Noticias","og_description":"El jefe comunal -Andr\u00e9s Watson- entreg\u00f3 insumos para potenciar los seminarios municipales en la ma\u00f1ana del lunes en el Centro Integrador Comunitario ubicado en calle Remedios de Escalada y Caseros -Santo Tom\u00e1s-. Tras hablar con los y las docentes sobre sus actividades, el Intendente vislumbr\u00f3 \u201cla oportunidad de perfeccionar el trabajo realizado con m\u00e1s instrumentos [&hellip;]","og_url":"https:\/\/treslineasnoticias.com.ar\/?p=29667","og_site_name":"Tres Lineas Noticias","article_published_time":"2026-08-31T22:40:00+00:00","article_modified_time":"2026-09-01T14:58:48+00:00","og_image":[{"width":2560,"height":1707,"url":"http:\/\/treslineasnoticias.com.ar\/wp-content\/uploads\/2026\/09\/ac05d6f9-919a-470e-5672-b9a9f8b17a53-scaled.jpg","type":"image\/jpeg"}],"author":"Horacio L\u00f3pez","twitter_card":"summary_large_image","twitter_misc":{"Escrito por":"Horacio L\u00f3pez","Tiempo de lectura":"3 minutos"},"schema":{"@context":"https:\/\/schema.org","@graph":[{"@type":"Article","@id":"https:\/\/treslineasnoticias.com.ar\/?p=29667#article","isPartOf":{"@id":"https:\/\/treslineasnoticias.com.ar\/?p=29667"},"author":{"name":"Horacio L\u00f3pez","@id":"https:\/\/treslineasnoticias.com.ar\/#\/schema\/person\/c5f7249e50517b84c2379b145ca14895"},"headline":"Nuevas herramientas para los talleres gratuitos con \u00e1gil salida laboral","datePublished":"2026-08-31T22:40:00+00:00","dateModified":"2026-09-01T14:58:48+00:00","mainEntityOfPage":{"@id":"https:\/\/treslineasnoticias.com.ar\/?p=29667"},"wordCount":309,"commentCount":0,"image":{"@id":"https:\/\/treslineasnoticias.com.ar\/?p=29667#primaryimage"},"thumbnailUrl":"https:\/\/treslineasnoticias.com.ar\/wp-content\/uploads\/2026\/09\/ac05d6f9-919a-470e-5672-b9a9f8b17a53-scaled.jpg","articleSection":["Florencio Varela"],"inLanguage":"es","potentialAction":[{"@type":"CommentAction","name":"Comment","target":["https:\/\/treslineasnoticias.com.ar\/?p=29667#respond"]}]},{"@type":"WebPage","@id":"https:\/\/treslineasnoticias.com.ar\/?p=29667","url":"https:\/\/treslineasnoticias.com.ar\/?p=29667","name":"Nuevas herramientas para los talleres gratuitos con \u00e1gil salida laboral - Tres Lineas Noticias","isPartOf":{"@id":"https:\/\/treslineasnoticias.com.ar\/#website"},"primaryImageOfPage":{"@id":"https:\/\/treslineasnoticias.com.ar\/?p=29667#primaryimage"},"image":{"@id":"https:\/\/treslineasnoticias.com.ar\/?p=29667#primaryimage"},"thumbnailUrl":"https:\/\/treslineasnoticias.com.ar\/wp-content\/uploads\/2026\/09\/ac05d6f9-919a-470e-5672-b9a9f8b17a53-scaled.jpg","datePublished":"2026-08-31T22:40:00+00:00","dateModified":"2026-09-01T14:58:48+00:00","author":{"@id":"https:\/\/treslineasnoticias.com.ar\/#\/schema\/person\/c5f7249e50517b84c2379b145ca14895"},"breadcrumb":{"@id":"https:\/\/treslineasnoticias.com.ar\/?p=29667#breadcrumb"},"inLanguage":"es","potentialAction":[{"@type":"ReadAction","target":["https:\/\/treslineasnoticias.com.ar\/?p=29667"]}]},{"@type":"ImageObject","inLanguage":"es","@id":"https:\/\/treslineasnoticias.com.ar\/?p=29667#primaryimage","url":"https:\/\/treslineasnoticias.com.ar\/wp-content\/uploads\/2026\/09\/ac05d6f9-919a-470e-5672-b9a9f8b17a53-scaled.jpg","contentUrl":"https:\/\/treslineasnoticias.com.ar\/wp-content\/uploads\/2026\/09\/ac05d6f9-919a-470e-5672-b9a9f8b17a53-scaled.jpg","width":2560,"height":1707},{"@type":"BreadcrumbList","@id":"https:\/\/treslineasnoticias.com.ar\/?p=29667#breadcrumb","itemListElement":[{"@type":"ListItem","position":1,"name":"Portada","item":"https:\/\/treslineasnoticias.com.ar\/"},{"@type":"ListItem","position":2,"name":"Nuevas herramientas para los talleres gratuitos con \u00e1gil salida laboral"}]},{"@type":"WebSite","@id":"https:\/\/treslineasnoticias.com.ar\/#website","url":"https:\/\/treslineasnoticias.com.ar\/","name":"Tres Lineas Noticias","description":"","potentialAction":[{"@type":"SearchAction","target":{"@type":"EntryPoint","urlTemplate":"https:\/\/treslineasnoticias.com.ar\/?s={search_term_string}"},"query-input":{"@type":"PropertyValueSpecification","valueRequired":true,"valueName":"search_term_string"}}],"inLanguage":"es"},{"@type":"Person","@id":"https:\/\/treslineasnoticias.com.ar\/#\/schema\/person\/c5f7249e50517b84c2379b145ca14895","name":"Horacio L\u00f3pez","image":{"@type":"ImageObject","inLanguage":"es","@id":"https:\/\/treslineasnoticias.com.ar\/wp-content\/litespeed\/avatar\/f5a5e9d378b20cf999cb9a940a8324f3.jpg?ver=1788116984","url":"https:\/\/treslineasnoticias.com.ar\/wp-content\/litespeed\/avatar\/f5a5e9d378b20cf999cb9a940a8324f3.jpg?ver=1788116984","contentUrl":"https:\/\/treslineasnoticias.com.ar\/wp-content\/litespeed\/avatar\/f5a5e9d378b20cf999cb9a940a8324f3.jpg?ver=1788116984","caption":"Horacio L\u00f3pez"},"sameAs":["http:\/\/treslineasnoticias.com.ar"],"url":"https:\/\/treslineasnoticias.com.ar\/?author=3"}]}},"jetpack_featured_media_url":"https:\/\/treslineasnoticias.com.ar\/wp-content\/uploads\/2026\/09\/ac05d6f9-919a-470e-5672-b9a9f8b17a53-scaled.jpg","jetpack_sharing_enabled":true,"_links":{"self":[{"href":"https:\/\/treslineasnoticias.com.ar\/index.php?rest_route=\/wp\/v2\/posts\/29667","targetHints":{"allow":["GET"]}}],"collection":[{"href":"https:\/\/treslineasnoticias.com.ar\/index.php?rest_route=\/wp\/v2\/posts"}],"about":[{"href":"https:\/\/treslineasnoticias.com.ar\/index.php?rest_route=\/wp\/v2\/types\/post"}],"author":[{"embeddable":true,"href":"https:\/\/treslineasnoticias.com.ar\/index.php?rest_route=\/wp\/v2\/users\/3"}],"replies":[{"embeddable":true,"href":"https:\/\/treslineasnoticias.com.ar\/index.php?rest_route=%2Fwp%2Fv2%2Fcomments&post=29667"}],"version-history":[{"count":1,"href":"https:\/\/treslineasnoticias.com.ar\/index.php?rest_route=\/wp\/v2\/posts\/29667\/revisions"}],"predecessor-version":[{"id":29673,"href":"https:\/\/treslineasnoticias.com.ar\/index.php?rest_route=\/wp\/v2\/posts\/29667\/revisions\/29673"}],"wp:featuredmedia":[{"embeddable":true,"href":"https:\/\/treslineasnoticias.com.ar\/index.php?rest_route=\/wp\/v2\/media\/29670"}],"wp:attachment":[{"href":"https:\/\/treslineasnoticias.com.ar\/index.php?rest_route=%2Fwp%2Fv2%2Fmedia&parent=29667"}],"wp:term":[{"taxonomy":"category","embeddable":true,"href":"https:\/\/treslineasnoticias.com.ar\/index.php?rest_route=%2Fwp%2Fv2%2Fcategories&post=29667"},{"taxonomy":"post_tag","embeddable":true,"href":"https:\/\/treslineasnoticias.com.ar\/index.php?rest_route=%2Fwp%2Fv2%2Ftags&post=29667"}],"curies":[{"name":"wp","href":"https:\/\/api.w.org\/{rel}","templated":true}]}}