{"id":29679,"date":"2026-09-01T10:25:00","date_gmt":"2026-09-01T13:25:00","guid":{"rendered":"https:\/\/treslineasnoticias.com.ar\/?p=29679"},"modified":"2026-09-01T14:36:44","modified_gmt":"2026-09-01T17:36:44","slug":"magdalena-sierra-y-walter-correa-entregaron-certificados-de-formacion-laboral-a-115-vecinos-y-vecinas-de-avellaneda","status":"publish","type":"post","link":"https:\/\/treslineasnoticias.com.ar\/?p=29679","title":{"rendered":"Magdalena Sierra y Walter Correa entregaron Certificados de Formaci\u00f3n Laboral a 115 vecinos y vecinas de Avellaneda"},"content":{"rendered":"\n<p><strong><em>Corresponden a 11 cursos de capacitaci\u00f3n en oficios gratuitos que se dictaron en distintos barrios de la ciudad.<\/em><\/strong><\/p>\n\n\n\n<p>La intendenta de Avellaneda, Magdalena Sierra, y el ministro de Trabajo bonaerense, Walter Correa, encabezaron en el Centro Municipal de Arte la entrega de diplomas a 115 egresadas y egresados de los cursos de formaci\u00f3n laboral dictados por Ministerio, a trav\u00e9s del Instituto de Formaci\u00f3n Laboral, en articulaci\u00f3n con el Municipio.<\/p>\n\n\n\n<p>Durante el acto, la Jefa comunal felicit\u00f3 a las y los capacitadores y resalt\u00f3 la importancia de que las formaciones se dicten en distintos puntos de la ciudad, para que los vecinos no tengan que trasladarse.<\/p>\n\n\n\n<div class=\"wp-block-jetpack-slideshow aligncenter\" data-effect=\"slide\" style=\"--aspect-ratio:calc(640 \/ 426)\"><div class=\"wp-block-jetpack-slideshow_container swiper\"><ul class=\"wp-block-jetpack-slideshow_swiper-wrapper swiper-wrapper\"><li class=\"wp-block-jetpack-slideshow_slide swiper-slide\"><figure><img loading=\"lazy\" decoding=\"async\" width=\"1024\" height=\"682\" alt=\"\" class=\"wp-block-jetpack-slideshow_image wp-image-29682\" data-id=\"29682\" data-aspect-ratio=\"640 \/ 426\" src=\"http:\/\/treslineasnoticias.com.ar\/wp-content\/uploads\/2026\/09\/002-1024x682.jpeg\" srcset=\"https:\/\/treslineasnoticias.com.ar\/wp-content\/uploads\/2026\/09\/002-1024x682.jpeg 1024w, https:\/\/treslineasnoticias.com.ar\/wp-content\/uploads\/2026\/09\/002-300x200.jpeg 300w, https:\/\/treslineasnoticias.com.ar\/wp-content\/uploads\/2026\/09\/002-768x512.jpeg 768w, https:\/\/treslineasnoticias.com.ar\/wp-content\/uploads\/2026\/09\/002-1536x1023.jpeg 1536w, https:\/\/treslineasnoticias.com.ar\/wp-content\/uploads\/2026\/09\/002.jpeg 1600w\" sizes=\"(max-width: 1024px) 100vw, 1024px\" \/><\/figure><\/li><li class=\"wp-block-jetpack-slideshow_slide swiper-slide\"><figure><img loading=\"lazy\" decoding=\"async\" width=\"1024\" height=\"682\" alt=\"\" class=\"wp-block-jetpack-slideshow_image wp-image-29681\" data-id=\"29681\" data-aspect-ratio=\"640 \/ 426\" src=\"http:\/\/treslineasnoticias.com.ar\/wp-content\/uploads\/2026\/09\/006-1024x682.jpeg\" srcset=\"https:\/\/treslineasnoticias.com.ar\/wp-content\/uploads\/2026\/09\/006-1024x682.jpeg 1024w, https:\/\/treslineasnoticias.com.ar\/wp-content\/uploads\/2026\/09\/006-300x200.jpeg 300w, https:\/\/treslineasnoticias.com.ar\/wp-content\/uploads\/2026\/09\/006-768x512.jpeg 768w, https:\/\/treslineasnoticias.com.ar\/wp-content\/uploads\/2026\/09\/006-1536x1023.jpeg 1536w, https:\/\/treslineasnoticias.com.ar\/wp-content\/uploads\/2026\/09\/006.jpeg 1600w\" sizes=\"(max-width: 1024px) 100vw, 1024px\" \/><\/figure><\/li><\/ul><a class=\"wp-block-jetpack-slideshow_button-prev swiper-button-prev swiper-button-white\" role=\"button\"><\/a><a class=\"wp-block-jetpack-slideshow_button-next swiper-button-next swiper-button-white\" role=\"button\"><\/a><a aria-label=\"Pause Slideshow\" class=\"wp-block-jetpack-slideshow_button-pause\" role=\"button\"><\/a><div class=\"wp-block-jetpack-slideshow_pagination swiper-pagination swiper-pagination-white\"><\/div><\/div><\/div>\n\n\n\n<p>Los Centros de Formaci\u00f3n Laboral (CFL) brindan cursos y trayectos formativos gratuitos, con reconocimiento oficial, orientados a la formaci\u00f3n en oficios. En este caso, las capacitaciones fueron: peluquer\u00eda; operador de cuidado de adultos mayores; mec\u00e1nico de bicicletas; operador sociocomunitario; operador inform\u00e1tico para administraci\u00f3n; montador electricista; estampado m\u00faltiple; manicur\u00eda; gesti\u00f3n de emprendimientos productivos; jardiner\u00eda y productor de elaboraciones de conservas.<\/p>\n\n\n\n<p>La intendenta Sierra destac\u00f3 que los cursos tambi\u00e9n se dictan en el Centro de Inclusi\u00f3n para Personas con Discapacidad \u201cporque queremos una sociedad m\u00e1s justa e inclusiva\u201d.<\/p>\n\n\n\n<p>Asimismo, llam\u00f3 a tener esperanza y defini\u00f3 al trabajo como \u201cun ordenador de la vida\u201d. En ese sentido, critic\u00f3 al gobierno nacional por no generar trabajo y destruir el aparato productivo. \u201cLas familias se quiebran por no tener sustento\u201d, sostuvo.<\/p>\n\n\n\n<div class=\"wp-block-jetpack-slideshow aligncenter\" data-effect=\"slide\" style=\"--aspect-ratio:calc(640 \/ 426)\"><div class=\"wp-block-jetpack-slideshow_container swiper\"><ul class=\"wp-block-jetpack-slideshow_swiper-wrapper swiper-wrapper\"><li class=\"wp-block-jetpack-slideshow_slide swiper-slide\"><figure><img loading=\"lazy\" decoding=\"async\" width=\"1024\" height=\"682\" alt=\"\" class=\"wp-block-jetpack-slideshow_image wp-image-29680\" data-id=\"29680\" data-aspect-ratio=\"640 \/ 426\" src=\"http:\/\/treslineasnoticias.com.ar\/wp-content\/uploads\/2026\/09\/001-1024x682.jpeg\" srcset=\"https:\/\/treslineasnoticias.com.ar\/wp-content\/uploads\/2026\/09\/001-1024x682.jpeg 1024w, https:\/\/treslineasnoticias.com.ar\/wp-content\/uploads\/2026\/09\/001-300x200.jpeg 300w, https:\/\/treslineasnoticias.com.ar\/wp-content\/uploads\/2026\/09\/001-768x512.jpeg 768w, https:\/\/treslineasnoticias.com.ar\/wp-content\/uploads\/2026\/09\/001-1536x1023.jpeg 1536w, https:\/\/treslineasnoticias.com.ar\/wp-content\/uploads\/2026\/09\/001.jpeg 1600w\" sizes=\"(max-width: 1024px) 100vw, 1024px\" \/><\/figure><\/li><li class=\"wp-block-jetpack-slideshow_slide swiper-slide\"><figure><img loading=\"lazy\" decoding=\"async\" width=\"1024\" height=\"683\" alt=\"\" class=\"wp-block-jetpack-slideshow_image wp-image-29683\" data-id=\"29683\" data-aspect-ratio=\"640 \/ 427\" src=\"http:\/\/treslineasnoticias.com.ar\/wp-content\/uploads\/2026\/09\/008-1024x683.jpeg\" srcset=\"https:\/\/treslineasnoticias.com.ar\/wp-content\/uploads\/2026\/09\/008-1024x683.jpeg 1024w, https:\/\/treslineasnoticias.com.ar\/wp-content\/uploads\/2026\/09\/008-300x200.jpeg 300w, https:\/\/treslineasnoticias.com.ar\/wp-content\/uploads\/2026\/09\/008-768x512.jpeg 768w, https:\/\/treslineasnoticias.com.ar\/wp-content\/uploads\/2026\/09\/008.jpeg 1280w\" sizes=\"(max-width: 1024px) 100vw, 1024px\" \/><\/figure><\/li><\/ul><a class=\"wp-block-jetpack-slideshow_button-prev swiper-button-prev swiper-button-white\" role=\"button\"><\/a><a class=\"wp-block-jetpack-slideshow_button-next swiper-button-next swiper-button-white\" role=\"button\"><\/a><a aria-label=\"Pause Slideshow\" class=\"wp-block-jetpack-slideshow_button-pause\" role=\"button\"><\/a><div class=\"wp-block-jetpack-slideshow_pagination swiper-pagination swiper-pagination-white\"><\/div><\/div><\/div>\n\n\n\n<p>\u201cCada certificado es una pelea al presente\u201d, coincidi\u00f3 luego el ministro de Trabajo, Walter Correa, quien valor\u00f3 la articulaci\u00f3n con el Municipio y destac\u00f3 el contraste con el Gobierno nacional: \u201cHay una situaci\u00f3n de espejo. El gobierno de la Provincia, con Axel Kicillof, cree que el Estado debe formar y capacitar al pueblo\u201d.<\/p>\n\n\n\n<p>Desde Avellaneda, junto a la Provincia, buscamos generar herramientas que mejoren el presente de nuestra comunidad, a trav\u00e9s de capacitaciones y trabajo digno.<\/p>\n\n\n\n<p>Del acto tambi\u00e9n participaron el secretario Ejecutivo del Instituto Provincial de Formaci\u00f3n Laboral, Ezequiel Berrueco; la directora provincial de Empleo, Claudia Lazzaro; la directora de Rendici\u00f3n de Programas Especiales de la Secretar\u00eda de Desarrollo de Avellaneda, Candela C\u00f3rdoba; y el delegado regional del Ministerio de Trabajo, Gustavo Cousirat.<\/p>\n","protected":false},"excerpt":{"rendered":"<p>Corresponden a 11 cursos de capacitaci\u00f3n en oficios gratuitos que se dictaron en distintos barrios de la ciudad. La intendenta de Avellaneda, Magdalena Sierra, y el ministro de Trabajo bonaerense, Walter Correa, encabezaron en el Centro Municipal de Arte la entrega de diplomas a 115 egresadas y egresados de los cursos de formaci\u00f3n laboral dictados [&hellip;]<\/p>\n","protected":false},"author":3,"featured_media":29684,"comment_status":"open","ping_status":"open","sticky":false,"template":"","format":"standard","meta":{"_jetpack_memberships_contains_paid_content":false,"footnotes":""},"categories":[7],"tags":[],"class_list":["post-29679","post","type-post","status-publish","format-standard","has-post-thumbnail","hentry","category-avellaneda"],"yoast_head":"<!-- This site is optimized with the Yoast SEO plugin v27.5 - https:\/\/yoast.com\/product\/yoast-seo-wordpress\/ -->\n<title>Magdalena Sierra y Walter Correa entregaron Certificados de Formaci\u00f3n Laboral a 115 vecinos y vecinas de Avellaneda - Tres Lineas Noticias<\/title>\n<meta name=\"robots\" content=\"index, follow, max-snippet:-1, max-image-preview:large, max-video-preview:-1\" \/>\n<link rel=\"canonical\" href=\"https:\/\/treslineasnoticias.com.ar\/?p=29679\" \/>\n<meta property=\"og:locale\" content=\"es_ES\" \/>\n<meta property=\"og:type\" content=\"article\" \/>\n<meta property=\"og:title\" content=\"Magdalena Sierra y Walter Correa entregaron Certificados de Formaci\u00f3n Laboral a 115 vecinos y vecinas de Avellaneda - Tres Lineas Noticias\" \/>\n<meta property=\"og:description\" content=\"Corresponden a 11 cursos de capacitaci\u00f3n en oficios gratuitos que se dictaron en distintos barrios de la ciudad. La intendenta de Avellaneda, Magdalena Sierra, y el ministro de Trabajo bonaerense, Walter Correa, encabezaron en el Centro Municipal de Arte la entrega de diplomas a 115 egresadas y egresados de los cursos de formaci\u00f3n laboral dictados [&hellip;]\" \/>\n<meta property=\"og:url\" content=\"https:\/\/treslineasnoticias.com.ar\/?p=29679\" \/>\n<meta property=\"og:site_name\" content=\"Tres Lineas Noticias\" \/>\n<meta property=\"article:published_time\" content=\"2026-09-01T13:25:00+00:00\" \/>\n<meta property=\"article:modified_time\" content=\"2026-09-01T17:36:44+00:00\" \/>\n<meta property=\"og:image\" content=\"http:\/\/treslineasnoticias.com.ar\/wp-content\/uploads\/2026\/09\/0010.jpeg\" \/>\n\t<meta property=\"og:image:width\" content=\"1280\" \/>\n\t<meta property=\"og:image:height\" content=\"854\" \/>\n\t<meta property=\"og:image:type\" content=\"image\/jpeg\" \/>\n<meta name=\"author\" content=\"Horacio L\u00f3pez\" \/>\n<meta name=\"twitter:card\" content=\"summary_large_image\" \/>\n<meta name=\"twitter:label1\" content=\"Escrito por\" \/>\n\t<meta name=\"twitter:data1\" content=\"Horacio L\u00f3pez\" \/>\n\t<meta name=\"twitter:label2\" content=\"Tiempo de lectura\" \/>\n\t<meta name=\"twitter:data2\" content=\"3 minutos\" \/>\n<script type=\"application\/ld+json\" class=\"yoast-schema-graph\">{\"@context\":\"https:\\\/\\\/schema.org\",\"@graph\":[{\"@type\":\"Article\",\"@id\":\"https:\\\/\\\/treslineasnoticias.com.ar\\\/?p=29679#article\",\"isPartOf\":{\"@id\":\"https:\\\/\\\/treslineasnoticias.com.ar\\\/?p=29679\"},\"author\":{\"name\":\"Horacio L\u00f3pez\",\"@id\":\"https:\\\/\\\/treslineasnoticias.com.ar\\\/#\\\/schema\\\/person\\\/c5f7249e50517b84c2379b145ca14895\"},\"headline\":\"Magdalena Sierra y Walter Correa entregaron Certificados de Formaci\u00f3n Laboral a 115 vecinos y vecinas de Avellaneda\",\"datePublished\":\"2026-09-01T13:25:00+00:00\",\"dateModified\":\"2026-09-01T17:36:44+00:00\",\"mainEntityOfPage\":{\"@id\":\"https:\\\/\\\/treslineasnoticias.com.ar\\\/?p=29679\"},\"wordCount\":396,\"commentCount\":0,\"image\":{\"@id\":\"https:\\\/\\\/treslineasnoticias.com.ar\\\/?p=29679#primaryimage\"},\"thumbnailUrl\":\"https:\\\/\\\/treslineasnoticias.com.ar\\\/wp-content\\\/uploads\\\/2026\\\/09\\\/0010.jpeg\",\"articleSection\":[\"Avellaneda\"],\"inLanguage\":\"es\",\"potentialAction\":[{\"@type\":\"CommentAction\",\"name\":\"Comment\",\"target\":[\"https:\\\/\\\/treslineasnoticias.com.ar\\\/?p=29679#respond\"]}]},{\"@type\":\"WebPage\",\"@id\":\"https:\\\/\\\/treslineasnoticias.com.ar\\\/?p=29679\",\"url\":\"https:\\\/\\\/treslineasnoticias.com.ar\\\/?p=29679\",\"name\":\"Magdalena Sierra y Walter Correa entregaron Certificados de Formaci\u00f3n Laboral a 115 vecinos y vecinas de Avellaneda - Tres Lineas Noticias\",\"isPartOf\":{\"@id\":\"https:\\\/\\\/treslineasnoticias.com.ar\\\/#website\"},\"primaryImageOfPage\":{\"@id\":\"https:\\\/\\\/treslineasnoticias.com.ar\\\/?p=29679#primaryimage\"},\"image\":{\"@id\":\"https:\\\/\\\/treslineasnoticias.com.ar\\\/?p=29679#primaryimage\"},\"thumbnailUrl\":\"https:\\\/\\\/treslineasnoticias.com.ar\\\/wp-content\\\/uploads\\\/2026\\\/09\\\/0010.jpeg\",\"datePublished\":\"2026-09-01T13:25:00+00:00\",\"dateModified\":\"2026-09-01T17:36:44+00:00\",\"author\":{\"@id\":\"https:\\\/\\\/treslineasnoticias.com.ar\\\/#\\\/schema\\\/person\\\/c5f7249e50517b84c2379b145ca14895\"},\"breadcrumb\":{\"@id\":\"https:\\\/\\\/treslineasnoticias.com.ar\\\/?p=29679#breadcrumb\"},\"inLanguage\":\"es\",\"potentialAction\":[{\"@type\":\"ReadAction\",\"target\":[\"https:\\\/\\\/treslineasnoticias.com.ar\\\/?p=29679\"]}]},{\"@type\":\"ImageObject\",\"inLanguage\":\"es\",\"@id\":\"https:\\\/\\\/treslineasnoticias.com.ar\\\/?p=29679#primaryimage\",\"url\":\"https:\\\/\\\/treslineasnoticias.com.ar\\\/wp-content\\\/uploads\\\/2026\\\/09\\\/0010.jpeg\",\"contentUrl\":\"https:\\\/\\\/treslineasnoticias.com.ar\\\/wp-content\\\/uploads\\\/2026\\\/09\\\/0010.jpeg\",\"width\":1280,\"height\":854},{\"@type\":\"BreadcrumbList\",\"@id\":\"https:\\\/\\\/treslineasnoticias.com.ar\\\/?p=29679#breadcrumb\",\"itemListElement\":[{\"@type\":\"ListItem\",\"position\":1,\"name\":\"Portada\",\"item\":\"https:\\\/\\\/treslineasnoticias.com.ar\\\/\"},{\"@type\":\"ListItem\",\"position\":2,\"name\":\"Magdalena Sierra y Walter Correa entregaron Certificados de Formaci\u00f3n Laboral a 115 vecinos y vecinas de Avellaneda\"}]},{\"@type\":\"WebSite\",\"@id\":\"https:\\\/\\\/treslineasnoticias.com.ar\\\/#website\",\"url\":\"https:\\\/\\\/treslineasnoticias.com.ar\\\/\",\"name\":\"Tres Lineas Noticias\",\"description\":\"\",\"potentialAction\":[{\"@type\":\"SearchAction\",\"target\":{\"@type\":\"EntryPoint\",\"urlTemplate\":\"https:\\\/\\\/treslineasnoticias.com.ar\\\/?s={search_term_string}\"},\"query-input\":{\"@type\":\"PropertyValueSpecification\",\"valueRequired\":true,\"valueName\":\"search_term_string\"}}],\"inLanguage\":\"es\"},{\"@type\":\"Person\",\"@id\":\"https:\\\/\\\/treslineasnoticias.com.ar\\\/#\\\/schema\\\/person\\\/c5f7249e50517b84c2379b145ca14895\",\"name\":\"Horacio L\u00f3pez\",\"image\":{\"@type\":\"ImageObject\",\"inLanguage\":\"es\",\"@id\":\"https:\\\/\\\/treslineasnoticias.com.ar\\\/wp-content\\\/litespeed\\\/avatar\\\/f5a5e9d378b20cf999cb9a940a8324f3.jpg?ver=1788116984\",\"url\":\"https:\\\/\\\/treslineasnoticias.com.ar\\\/wp-content\\\/litespeed\\\/avatar\\\/f5a5e9d378b20cf999cb9a940a8324f3.jpg?ver=1788116984\",\"contentUrl\":\"https:\\\/\\\/treslineasnoticias.com.ar\\\/wp-content\\\/litespeed\\\/avatar\\\/f5a5e9d378b20cf999cb9a940a8324f3.jpg?ver=1788116984\",\"caption\":\"Horacio L\u00f3pez\"},\"sameAs\":[\"http:\\\/\\\/treslineasnoticias.com.ar\"],\"url\":\"https:\\\/\\\/treslineasnoticias.com.ar\\\/?author=3\"}]}<\/script>\n<!-- \/ Yoast SEO plugin. -->","yoast_head_json":{"title":"Magdalena Sierra y Walter Correa entregaron Certificados de Formaci\u00f3n Laboral a 115 vecinos y vecinas de Avellaneda - Tres Lineas Noticias","robots":{"index":"index","follow":"follow","max-snippet":"max-snippet:-1","max-image-preview":"max-image-preview:large","max-video-preview":"max-video-preview:-1"},"canonical":"https:\/\/treslineasnoticias.com.ar\/?p=29679","og_locale":"es_ES","og_type":"article","og_title":"Magdalena Sierra y Walter Correa entregaron Certificados de Formaci\u00f3n Laboral a 115 vecinos y vecinas de Avellaneda - Tres Lineas Noticias","og_description":"Corresponden a 11 cursos de capacitaci\u00f3n en oficios gratuitos que se dictaron en distintos barrios de la ciudad. La intendenta de Avellaneda, Magdalena Sierra, y el ministro de Trabajo bonaerense, Walter Correa, encabezaron en el Centro Municipal de Arte la entrega de diplomas a 115 egresadas y egresados de los cursos de formaci\u00f3n laboral dictados [&hellip;]","og_url":"https:\/\/treslineasnoticias.com.ar\/?p=29679","og_site_name":"Tres Lineas Noticias","article_published_time":"2026-09-01T13:25:00+00:00","article_modified_time":"2026-09-01T17:36:44+00:00","og_image":[{"width":1280,"height":854,"url":"http:\/\/treslineasnoticias.com.ar\/wp-content\/uploads\/2026\/09\/0010.jpeg","type":"image\/jpeg"}],"author":"Horacio L\u00f3pez","twitter_card":"summary_large_image","twitter_misc":{"Escrito por":"Horacio L\u00f3pez","Tiempo de lectura":"3 minutos"},"schema":{"@context":"https:\/\/schema.org","@graph":[{"@type":"Article","@id":"https:\/\/treslineasnoticias.com.ar\/?p=29679#article","isPartOf":{"@id":"https:\/\/treslineasnoticias.com.ar\/?p=29679"},"author":{"name":"Horacio L\u00f3pez","@id":"https:\/\/treslineasnoticias.com.ar\/#\/schema\/person\/c5f7249e50517b84c2379b145ca14895"},"headline":"Magdalena Sierra y Walter Correa entregaron Certificados de Formaci\u00f3n Laboral a 115 vecinos y vecinas de Avellaneda","datePublished":"2026-09-01T13:25:00+00:00","dateModified":"2026-09-01T17:36:44+00:00","mainEntityOfPage":{"@id":"https:\/\/treslineasnoticias.com.ar\/?p=29679"},"wordCount":396,"commentCount":0,"image":{"@id":"https:\/\/treslineasnoticias.com.ar\/?p=29679#primaryimage"},"thumbnailUrl":"https:\/\/treslineasnoticias.com.ar\/wp-content\/uploads\/2026\/09\/0010.jpeg","articleSection":["Avellaneda"],"inLanguage":"es","potentialAction":[{"@type":"CommentAction","name":"Comment","target":["https:\/\/treslineasnoticias.com.ar\/?p=29679#respond"]}]},{"@type":"WebPage","@id":"https:\/\/treslineasnoticias.com.ar\/?p=29679","url":"https:\/\/treslineasnoticias.com.ar\/?p=29679","name":"Magdalena Sierra y Walter Correa entregaron Certificados de Formaci\u00f3n Laboral a 115 vecinos y vecinas de Avellaneda - Tres Lineas Noticias","isPartOf":{"@id":"https:\/\/treslineasnoticias.com.ar\/#website"},"primaryImageOfPage":{"@id":"https:\/\/treslineasnoticias.com.ar\/?p=29679#primaryimage"},"image":{"@id":"https:\/\/treslineasnoticias.com.ar\/?p=29679#primaryimage"},"thumbnailUrl":"https:\/\/treslineasnoticias.com.ar\/wp-content\/uploads\/2026\/09\/0010.jpeg","datePublished":"2026-09-01T13:25:00+00:00","dateModified":"2026-09-01T17:36:44+00:00","author":{"@id":"https:\/\/treslineasnoticias.com.ar\/#\/schema\/person\/c5f7249e50517b84c2379b145ca14895"},"breadcrumb":{"@id":"https:\/\/treslineasnoticias.com.ar\/?p=29679#breadcrumb"},"inLanguage":"es","potentialAction":[{"@type":"ReadAction","target":["https:\/\/treslineasnoticias.com.ar\/?p=29679"]}]},{"@type":"ImageObject","inLanguage":"es","@id":"https:\/\/treslineasnoticias.com.ar\/?p=29679#primaryimage","url":"https:\/\/treslineasnoticias.com.ar\/wp-content\/uploads\/2026\/09\/0010.jpeg","contentUrl":"https:\/\/treslineasnoticias.com.ar\/wp-content\/uploads\/2026\/09\/0010.jpeg","width":1280,"height":854},{"@type":"BreadcrumbList","@id":"https:\/\/treslineasnoticias.com.ar\/?p=29679#breadcrumb","itemListElement":[{"@type":"ListItem","position":1,"name":"Portada","item":"https:\/\/treslineasnoticias.com.ar\/"},{"@type":"ListItem","position":2,"name":"Magdalena Sierra y Walter Correa entregaron Certificados de Formaci\u00f3n Laboral a 115 vecinos y vecinas de Avellaneda"}]},{"@type":"WebSite","@id":"https:\/\/treslineasnoticias.com.ar\/#website","url":"https:\/\/treslineasnoticias.com.ar\/","name":"Tres Lineas Noticias","description":"","potentialAction":[{"@type":"SearchAction","target":{"@type":"EntryPoint","urlTemplate":"https:\/\/treslineasnoticias.com.ar\/?s={search_term_string}"},"query-input":{"@type":"PropertyValueSpecification","valueRequired":true,"valueName":"search_term_string"}}],"inLanguage":"es"},{"@type":"Person","@id":"https:\/\/treslineasnoticias.com.ar\/#\/schema\/person\/c5f7249e50517b84c2379b145ca14895","name":"Horacio L\u00f3pez","image":{"@type":"ImageObject","inLanguage":"es","@id":"https:\/\/treslineasnoticias.com.ar\/wp-content\/litespeed\/avatar\/f5a5e9d378b20cf999cb9a940a8324f3.jpg?ver=1788116984","url":"https:\/\/treslineasnoticias.com.ar\/wp-content\/litespeed\/avatar\/f5a5e9d378b20cf999cb9a940a8324f3.jpg?ver=1788116984","contentUrl":"https:\/\/treslineasnoticias.com.ar\/wp-content\/litespeed\/avatar\/f5a5e9d378b20cf999cb9a940a8324f3.jpg?ver=1788116984","caption":"Horacio L\u00f3pez"},"sameAs":["http:\/\/treslineasnoticias.com.ar"],"url":"https:\/\/treslineasnoticias.com.ar\/?author=3"}]}},"jetpack_featured_media_url":"https:\/\/treslineasnoticias.com.ar\/wp-content\/uploads\/2026\/09\/0010.jpeg","jetpack_sharing_enabled":true,"_links":{"self":[{"href":"https:\/\/treslineasnoticias.com.ar\/index.php?rest_route=\/wp\/v2\/posts\/29679","targetHints":{"allow":["GET"]}}],"collection":[{"href":"https:\/\/treslineasnoticias.com.ar\/index.php?rest_route=\/wp\/v2\/posts"}],"about":[{"href":"https:\/\/treslineasnoticias.com.ar\/index.php?rest_route=\/wp\/v2\/types\/post"}],"author":[{"embeddable":true,"href":"https:\/\/treslineasnoticias.com.ar\/index.php?rest_route=\/wp\/v2\/users\/3"}],"replies":[{"embeddable":true,"href":"https:\/\/treslineasnoticias.com.ar\/index.php?rest_route=%2Fwp%2Fv2%2Fcomments&post=29679"}],"version-history":[{"count":1,"href":"https:\/\/treslineasnoticias.com.ar\/index.php?rest_route=\/wp\/v2\/posts\/29679\/revisions"}],"predecessor-version":[{"id":29685,"href":"https:\/\/treslineasnoticias.com.ar\/index.php?rest_route=\/wp\/v2\/posts\/29679\/revisions\/29685"}],"wp:featuredmedia":[{"embeddable":true,"href":"https:\/\/treslineasnoticias.com.ar\/index.php?rest_route=\/wp\/v2\/media\/29684"}],"wp:attachment":[{"href":"https:\/\/treslineasnoticias.com.ar\/index.php?rest_route=%2Fwp%2Fv2%2Fmedia&parent=29679"}],"wp:term":[{"taxonomy":"category","embeddable":true,"href":"https:\/\/treslineasnoticias.com.ar\/index.php?rest_route=%2Fwp%2Fv2%2Fcategories&post=29679"},{"taxonomy":"post_tag","embeddable":true,"href":"https:\/\/treslineasnoticias.com.ar\/index.php?rest_route=%2Fwp%2Fv2%2Ftags&post=29679"}],"curies":[{"name":"wp","href":"https:\/\/api.w.org\/{rel}","templated":true}]}}