{"id":29694,"date":"2026-09-01T17:20:00","date_gmt":"2026-09-01T20:20:00","guid":{"rendered":"https:\/\/treslineasnoticias.com.ar\/?p=29694"},"modified":"2026-09-02T10:03:17","modified_gmt":"2026-09-02T13:03:17","slug":"primer-aniversario-del-centro-comunitario-de-salud-mental-emiliano-galende","status":"publish","type":"post","link":"https:\/\/treslineasnoticias.com.ar\/?p=29694","title":{"rendered":"Primer aniversario del Centro Comunitario de Salud Mental \u201cEmiliano Galende\u00bb"},"content":{"rendered":"\n<p><strong><em>El mandatario varelense -Andr\u00e9s Watson- presidi\u00f3 el acto que evoc\u00f3 la apertura formal del establecimiento sanitario ubicado sobre la intersecci\u00f3n de las calles Esposos Curie con Alfonsina Storni -Villa Ang\u00e9lica- el martes por la ma\u00f1ana.<\/em><\/strong><\/p>\n\n\n\n<p>Durante la jornada, el Alcalde junto a la subsecretaria bonaerense de Salud Mental, Consumos Problem\u00e1ticos y Violencias -Julieta Calmels- comparti\u00f3 charlas con los y las pacientes: conocieron sus historias, pero tambi\u00e9n la relevancia que tuvo la asistencia obtenida en la entidad en sus vidas.<\/p>\n\n\n\n<p>El Jefe Comunal dimension\u00f3 \u201cla magnitud de contar en Florencio Varela con una instituci\u00f3n destinada a proteger a la ciudadan\u00eda en un aspecto vital\u201d. Visualiz\u00f3 \u201cuna gran proyecci\u00f3n a futuro bajo la premisa de beneficiar a m\u00e1s residentes en el distrito\u201d. Resalt\u00f3 \u201cla convicci\u00f3n del gobernador Axel Kicillof de continuar con la inversi\u00f3n en un \u00e1rea primordial\u201d.<\/p>\n\n\n\n<figure class=\"wp-block-image size-large\"><img loading=\"lazy\" decoding=\"async\" width=\"1024\" height=\"683\" src=\"http:\/\/treslineasnoticias.com.ar\/wp-content\/uploads\/2026\/09\/82aa4212-fbc4-2f75-4304-d0b5a8ebee08-1024x683.jpg\" alt=\"\" class=\"wp-image-29698\" srcset=\"https:\/\/treslineasnoticias.com.ar\/wp-content\/uploads\/2026\/09\/82aa4212-fbc4-2f75-4304-d0b5a8ebee08-1024x683.jpg 1024w, https:\/\/treslineasnoticias.com.ar\/wp-content\/uploads\/2026\/09\/82aa4212-fbc4-2f75-4304-d0b5a8ebee08-300x200.jpg 300w, https:\/\/treslineasnoticias.com.ar\/wp-content\/uploads\/2026\/09\/82aa4212-fbc4-2f75-4304-d0b5a8ebee08-768x512.jpg 768w, https:\/\/treslineasnoticias.com.ar\/wp-content\/uploads\/2026\/09\/82aa4212-fbc4-2f75-4304-d0b5a8ebee08-1536x1024.jpg 1536w, https:\/\/treslineasnoticias.com.ar\/wp-content\/uploads\/2026\/09\/82aa4212-fbc4-2f75-4304-d0b5a8ebee08-2048x1365.jpg 2048w\" sizes=\"auto, (max-width: 1024px) 100vw, 1024px\" \/><\/figure>\n\n\n\n<p>Por \u00faltimo, el responsable del Ejecutivo local subray\u00f3 \u201cel punto cr\u00edtico en materia de suicidios en la actualidad, ocasionado, en parte, por la compleja coyuntura econ\u00f3mica a nivel nacional y los escenarios de vulnerabilidad que padeci\u00f3 la poblaci\u00f3n en consecuencia\u201d.<\/p>\n\n\n\n<p>La funcionaria provincial remarc\u00f3 \u201cla decisi\u00f3n del Intendente de fomentar \u00e1mbitos adecuados que asistieran a personas que atravesaban distintas situaciones delicadas\u201d. \u201cHoy, no solamente celebramos un aniversario, sino que reafirmamos un compromiso con la gente\u201d, asegur\u00f3.<\/p>\n\n\n\n<p>La coordinadora del espacio -Ana Mastromauro- evalu\u00f3 \u201cun periodo en el cual, mediante psicolog\u00eda, trabajo social y actividades grupales, hubo una contenci\u00f3n a la comunidad, con m\u00e1s de 300 vecinos y vecinas en tratamiento vigente\u201d.<\/p>\n\n\n\n<figure class=\"wp-block-image size-large\"><img loading=\"lazy\" decoding=\"async\" width=\"1024\" height=\"683\" src=\"http:\/\/treslineasnoticias.com.ar\/wp-content\/uploads\/2026\/09\/d614d176-6dde-f3b6-93eb-cf317e630b4e-1024x683.jpg\" alt=\"\" class=\"wp-image-29697\" srcset=\"https:\/\/treslineasnoticias.com.ar\/wp-content\/uploads\/2026\/09\/d614d176-6dde-f3b6-93eb-cf317e630b4e-1024x683.jpg 1024w, https:\/\/treslineasnoticias.com.ar\/wp-content\/uploads\/2026\/09\/d614d176-6dde-f3b6-93eb-cf317e630b4e-300x200.jpg 300w, https:\/\/treslineasnoticias.com.ar\/wp-content\/uploads\/2026\/09\/d614d176-6dde-f3b6-93eb-cf317e630b4e-768x512.jpg 768w, https:\/\/treslineasnoticias.com.ar\/wp-content\/uploads\/2026\/09\/d614d176-6dde-f3b6-93eb-cf317e630b4e-1536x1024.jpg 1536w, https:\/\/treslineasnoticias.com.ar\/wp-content\/uploads\/2026\/09\/d614d176-6dde-f3b6-93eb-cf317e630b4e-2048x1365.jpg 2048w\" sizes=\"auto, (max-width: 1024px) 100vw, 1024px\" \/><\/figure>\n\n\n\n<p>En octubre de 2025, Franco Rodr\u00edguez inici\u00f3 su trayecto en el organismo por dificultades con estupefacientes. \u201cOcho meses atr\u00e1s, me alej\u00e9 de mis consumos\u201d, coment\u00f3 el muchacho oriundo de Presidente Sarmiento. En relaci\u00f3n a sus terapias, detall\u00f3 \u201creuniones en las cuales expusimos nuestras experiencias. Era necesario tener un c\u00edrculo sano en el que nadie nos juzgara\u201d.<\/p>\n\n\n\n<p>\u201cCuando entr\u00e9 por primera vez, tuve la sensaci\u00f3n de no saber qu\u00e9 hacer para sobrellevar mi depresi\u00f3n. Eso cambi\u00f3 con el acompa\u00f1amiento de los y las profesionales\u201d, revel\u00f3 Pedro Arga\u00f1ar\u00e1z. El frentista radicado en las inmediaciones destac\u00f3 \u201cla gratuidad y la cercan\u00eda\u201d como caracter\u00edsticas fundamentales.<\/p>\n\n\n\n<p>En caso de requerir atenci\u00f3n, asesoramiento o formular consultas, concurrir a la dependencia de lunes a viernes de 9 a 17 hs.<\/p>\n\n\n\n<figure class=\"wp-block-image size-large\"><img loading=\"lazy\" decoding=\"async\" width=\"1024\" height=\"683\" src=\"http:\/\/treslineasnoticias.com.ar\/wp-content\/uploads\/2026\/09\/700bf3df-4ac5-1af5-6d4e-419c7b1c90d6-1024x683.jpg\" alt=\"\" class=\"wp-image-29695\" srcset=\"https:\/\/treslineasnoticias.com.ar\/wp-content\/uploads\/2026\/09\/700bf3df-4ac5-1af5-6d4e-419c7b1c90d6-1024x683.jpg 1024w, https:\/\/treslineasnoticias.com.ar\/wp-content\/uploads\/2026\/09\/700bf3df-4ac5-1af5-6d4e-419c7b1c90d6-300x200.jpg 300w, https:\/\/treslineasnoticias.com.ar\/wp-content\/uploads\/2026\/09\/700bf3df-4ac5-1af5-6d4e-419c7b1c90d6-768x512.jpg 768w, https:\/\/treslineasnoticias.com.ar\/wp-content\/uploads\/2026\/09\/700bf3df-4ac5-1af5-6d4e-419c7b1c90d6-1536x1024.jpg 1536w, https:\/\/treslineasnoticias.com.ar\/wp-content\/uploads\/2026\/09\/700bf3df-4ac5-1af5-6d4e-419c7b1c90d6-2048x1365.jpg 2048w\" sizes=\"auto, (max-width: 1024px) 100vw, 1024px\" \/><\/figure>\n\n\n\n<p>Particip\u00f3 la secretaria de Salud -Adriana Alonso- junto a autoridades regionales del sector.<\/p>\n","protected":false},"excerpt":{"rendered":"<p>El mandatario varelense -Andr\u00e9s Watson- presidi\u00f3 el acto que evoc\u00f3 la apertura formal del establecimiento sanitario ubicado sobre la intersecci\u00f3n de las calles Esposos Curie con Alfonsina Storni -Villa Ang\u00e9lica- el martes por la ma\u00f1ana. Durante la jornada, el Alcalde junto a la subsecretaria bonaerense de Salud Mental, Consumos Problem\u00e1ticos y Violencias -Julieta Calmels- comparti\u00f3 [&hellip;]<\/p>\n","protected":false},"author":3,"featured_media":29696,"comment_status":"open","ping_status":"open","sticky":false,"template":"","format":"standard","meta":{"_jetpack_memberships_contains_paid_content":false,"footnotes":""},"categories":[6],"tags":[],"class_list":["post-29694","post","type-post","status-publish","format-standard","has-post-thumbnail","hentry","category-florencio-varela"],"yoast_head":"<!-- This site is optimized with the Yoast SEO plugin v27.5 - https:\/\/yoast.com\/product\/yoast-seo-wordpress\/ -->\n<title>Primer aniversario del Centro Comunitario de Salud Mental \u201cEmiliano Galende&quot; - Tres Lineas Noticias<\/title>\n<meta name=\"robots\" content=\"index, follow, max-snippet:-1, max-image-preview:large, max-video-preview:-1\" \/>\n<link rel=\"canonical\" href=\"https:\/\/treslineasnoticias.com.ar\/?p=29694\" \/>\n<meta property=\"og:locale\" content=\"es_ES\" \/>\n<meta property=\"og:type\" content=\"article\" \/>\n<meta property=\"og:title\" content=\"Primer aniversario del Centro Comunitario de Salud Mental \u201cEmiliano Galende&quot; - Tres Lineas Noticias\" \/>\n<meta property=\"og:description\" content=\"El mandatario varelense -Andr\u00e9s Watson- presidi\u00f3 el acto que evoc\u00f3 la apertura formal del establecimiento sanitario ubicado sobre la intersecci\u00f3n de las calles Esposos Curie con Alfonsina Storni -Villa Ang\u00e9lica- el martes por la ma\u00f1ana. Durante la jornada, el Alcalde junto a la subsecretaria bonaerense de Salud Mental, Consumos Problem\u00e1ticos y Violencias -Julieta Calmels- comparti\u00f3 [&hellip;]\" \/>\n<meta property=\"og:url\" content=\"https:\/\/treslineasnoticias.com.ar\/?p=29694\" \/>\n<meta property=\"og:site_name\" content=\"Tres Lineas Noticias\" \/>\n<meta property=\"article:published_time\" content=\"2026-09-01T20:20:00+00:00\" \/>\n<meta property=\"article:modified_time\" content=\"2026-09-02T13:03:17+00:00\" \/>\n<meta property=\"og:image\" content=\"http:\/\/treslineasnoticias.com.ar\/wp-content\/uploads\/2026\/09\/2b16d5c1-1ac9-d1d5-42cb-ea3ed7bbd447-scaled.jpg\" \/>\n\t<meta property=\"og:image:width\" content=\"2560\" \/>\n\t<meta property=\"og:image:height\" content=\"1706\" \/>\n\t<meta property=\"og:image:type\" content=\"image\/jpeg\" \/>\n<meta name=\"author\" content=\"Horacio L\u00f3pez\" \/>\n<meta name=\"twitter:card\" content=\"summary_large_image\" \/>\n<meta name=\"twitter:label1\" content=\"Escrito por\" \/>\n\t<meta name=\"twitter:data1\" content=\"Horacio L\u00f3pez\" \/>\n\t<meta name=\"twitter:label2\" content=\"Tiempo de lectura\" \/>\n\t<meta name=\"twitter:data2\" content=\"3 minutos\" \/>\n<script type=\"application\/ld+json\" class=\"yoast-schema-graph\">{\"@context\":\"https:\\\/\\\/schema.org\",\"@graph\":[{\"@type\":\"Article\",\"@id\":\"https:\\\/\\\/treslineasnoticias.com.ar\\\/?p=29694#article\",\"isPartOf\":{\"@id\":\"https:\\\/\\\/treslineasnoticias.com.ar\\\/?p=29694\"},\"author\":{\"name\":\"Horacio L\u00f3pez\",\"@id\":\"https:\\\/\\\/treslineasnoticias.com.ar\\\/#\\\/schema\\\/person\\\/c5f7249e50517b84c2379b145ca14895\"},\"headline\":\"Primer aniversario del Centro Comunitario de Salud Mental \u201cEmiliano Galende\u00bb\",\"datePublished\":\"2026-09-01T20:20:00+00:00\",\"dateModified\":\"2026-09-02T13:03:17+00:00\",\"mainEntityOfPage\":{\"@id\":\"https:\\\/\\\/treslineasnoticias.com.ar\\\/?p=29694\"},\"wordCount\":420,\"commentCount\":0,\"image\":{\"@id\":\"https:\\\/\\\/treslineasnoticias.com.ar\\\/?p=29694#primaryimage\"},\"thumbnailUrl\":\"https:\\\/\\\/treslineasnoticias.com.ar\\\/wp-content\\\/uploads\\\/2026\\\/09\\\/2b16d5c1-1ac9-d1d5-42cb-ea3ed7bbd447-scaled.jpg\",\"articleSection\":[\"Florencio Varela\"],\"inLanguage\":\"es\",\"potentialAction\":[{\"@type\":\"CommentAction\",\"name\":\"Comment\",\"target\":[\"https:\\\/\\\/treslineasnoticias.com.ar\\\/?p=29694#respond\"]}]},{\"@type\":\"WebPage\",\"@id\":\"https:\\\/\\\/treslineasnoticias.com.ar\\\/?p=29694\",\"url\":\"https:\\\/\\\/treslineasnoticias.com.ar\\\/?p=29694\",\"name\":\"Primer aniversario del Centro Comunitario de Salud Mental \u201cEmiliano Galende\\\" - Tres Lineas Noticias\",\"isPartOf\":{\"@id\":\"https:\\\/\\\/treslineasnoticias.com.ar\\\/#website\"},\"primaryImageOfPage\":{\"@id\":\"https:\\\/\\\/treslineasnoticias.com.ar\\\/?p=29694#primaryimage\"},\"image\":{\"@id\":\"https:\\\/\\\/treslineasnoticias.com.ar\\\/?p=29694#primaryimage\"},\"thumbnailUrl\":\"https:\\\/\\\/treslineasnoticias.com.ar\\\/wp-content\\\/uploads\\\/2026\\\/09\\\/2b16d5c1-1ac9-d1d5-42cb-ea3ed7bbd447-scaled.jpg\",\"datePublished\":\"2026-09-01T20:20:00+00:00\",\"dateModified\":\"2026-09-02T13:03:17+00:00\",\"author\":{\"@id\":\"https:\\\/\\\/treslineasnoticias.com.ar\\\/#\\\/schema\\\/person\\\/c5f7249e50517b84c2379b145ca14895\"},\"breadcrumb\":{\"@id\":\"https:\\\/\\\/treslineasnoticias.com.ar\\\/?p=29694#breadcrumb\"},\"inLanguage\":\"es\",\"potentialAction\":[{\"@type\":\"ReadAction\",\"target\":[\"https:\\\/\\\/treslineasnoticias.com.ar\\\/?p=29694\"]}]},{\"@type\":\"ImageObject\",\"inLanguage\":\"es\",\"@id\":\"https:\\\/\\\/treslineasnoticias.com.ar\\\/?p=29694#primaryimage\",\"url\":\"https:\\\/\\\/treslineasnoticias.com.ar\\\/wp-content\\\/uploads\\\/2026\\\/09\\\/2b16d5c1-1ac9-d1d5-42cb-ea3ed7bbd447-scaled.jpg\",\"contentUrl\":\"https:\\\/\\\/treslineasnoticias.com.ar\\\/wp-content\\\/uploads\\\/2026\\\/09\\\/2b16d5c1-1ac9-d1d5-42cb-ea3ed7bbd447-scaled.jpg\",\"width\":2560,\"height\":1706},{\"@type\":\"BreadcrumbList\",\"@id\":\"https:\\\/\\\/treslineasnoticias.com.ar\\\/?p=29694#breadcrumb\",\"itemListElement\":[{\"@type\":\"ListItem\",\"position\":1,\"name\":\"Portada\",\"item\":\"https:\\\/\\\/treslineasnoticias.com.ar\\\/\"},{\"@type\":\"ListItem\",\"position\":2,\"name\":\"Primer aniversario del Centro Comunitario de Salud Mental \u201cEmiliano Galende\u00bb\"}]},{\"@type\":\"WebSite\",\"@id\":\"https:\\\/\\\/treslineasnoticias.com.ar\\\/#website\",\"url\":\"https:\\\/\\\/treslineasnoticias.com.ar\\\/\",\"name\":\"Tres Lineas Noticias\",\"description\":\"\",\"potentialAction\":[{\"@type\":\"SearchAction\",\"target\":{\"@type\":\"EntryPoint\",\"urlTemplate\":\"https:\\\/\\\/treslineasnoticias.com.ar\\\/?s={search_term_string}\"},\"query-input\":{\"@type\":\"PropertyValueSpecification\",\"valueRequired\":true,\"valueName\":\"search_term_string\"}}],\"inLanguage\":\"es\"},{\"@type\":\"Person\",\"@id\":\"https:\\\/\\\/treslineasnoticias.com.ar\\\/#\\\/schema\\\/person\\\/c5f7249e50517b84c2379b145ca14895\",\"name\":\"Horacio L\u00f3pez\",\"image\":{\"@type\":\"ImageObject\",\"inLanguage\":\"es\",\"@id\":\"https:\\\/\\\/treslineasnoticias.com.ar\\\/wp-content\\\/litespeed\\\/avatar\\\/f5a5e9d378b20cf999cb9a940a8324f3.jpg?ver=1788116984\",\"url\":\"https:\\\/\\\/treslineasnoticias.com.ar\\\/wp-content\\\/litespeed\\\/avatar\\\/f5a5e9d378b20cf999cb9a940a8324f3.jpg?ver=1788116984\",\"contentUrl\":\"https:\\\/\\\/treslineasnoticias.com.ar\\\/wp-content\\\/litespeed\\\/avatar\\\/f5a5e9d378b20cf999cb9a940a8324f3.jpg?ver=1788116984\",\"caption\":\"Horacio L\u00f3pez\"},\"sameAs\":[\"http:\\\/\\\/treslineasnoticias.com.ar\"],\"url\":\"https:\\\/\\\/treslineasnoticias.com.ar\\\/?author=3\"}]}<\/script>\n<!-- \/ Yoast SEO plugin. -->","yoast_head_json":{"title":"Primer aniversario del Centro Comunitario de Salud Mental \u201cEmiliano Galende\" - Tres Lineas Noticias","robots":{"index":"index","follow":"follow","max-snippet":"max-snippet:-1","max-image-preview":"max-image-preview:large","max-video-preview":"max-video-preview:-1"},"canonical":"https:\/\/treslineasnoticias.com.ar\/?p=29694","og_locale":"es_ES","og_type":"article","og_title":"Primer aniversario del Centro Comunitario de Salud Mental \u201cEmiliano Galende\" - Tres Lineas Noticias","og_description":"El mandatario varelense -Andr\u00e9s Watson- presidi\u00f3 el acto que evoc\u00f3 la apertura formal del establecimiento sanitario ubicado sobre la intersecci\u00f3n de las calles Esposos Curie con Alfonsina Storni -Villa Ang\u00e9lica- el martes por la ma\u00f1ana. Durante la jornada, el Alcalde junto a la subsecretaria bonaerense de Salud Mental, Consumos Problem\u00e1ticos y Violencias -Julieta Calmels- comparti\u00f3 [&hellip;]","og_url":"https:\/\/treslineasnoticias.com.ar\/?p=29694","og_site_name":"Tres Lineas Noticias","article_published_time":"2026-09-01T20:20:00+00:00","article_modified_time":"2026-09-02T13:03:17+00:00","og_image":[{"width":2560,"height":1706,"url":"http:\/\/treslineasnoticias.com.ar\/wp-content\/uploads\/2026\/09\/2b16d5c1-1ac9-d1d5-42cb-ea3ed7bbd447-scaled.jpg","type":"image\/jpeg"}],"author":"Horacio L\u00f3pez","twitter_card":"summary_large_image","twitter_misc":{"Escrito por":"Horacio L\u00f3pez","Tiempo de lectura":"3 minutos"},"schema":{"@context":"https:\/\/schema.org","@graph":[{"@type":"Article","@id":"https:\/\/treslineasnoticias.com.ar\/?p=29694#article","isPartOf":{"@id":"https:\/\/treslineasnoticias.com.ar\/?p=29694"},"author":{"name":"Horacio L\u00f3pez","@id":"https:\/\/treslineasnoticias.com.ar\/#\/schema\/person\/c5f7249e50517b84c2379b145ca14895"},"headline":"Primer aniversario del Centro Comunitario de Salud Mental \u201cEmiliano Galende\u00bb","datePublished":"2026-09-01T20:20:00+00:00","dateModified":"2026-09-02T13:03:17+00:00","mainEntityOfPage":{"@id":"https:\/\/treslineasnoticias.com.ar\/?p=29694"},"wordCount":420,"commentCount":0,"image":{"@id":"https:\/\/treslineasnoticias.com.ar\/?p=29694#primaryimage"},"thumbnailUrl":"https:\/\/treslineasnoticias.com.ar\/wp-content\/uploads\/2026\/09\/2b16d5c1-1ac9-d1d5-42cb-ea3ed7bbd447-scaled.jpg","articleSection":["Florencio Varela"],"inLanguage":"es","potentialAction":[{"@type":"CommentAction","name":"Comment","target":["https:\/\/treslineasnoticias.com.ar\/?p=29694#respond"]}]},{"@type":"WebPage","@id":"https:\/\/treslineasnoticias.com.ar\/?p=29694","url":"https:\/\/treslineasnoticias.com.ar\/?p=29694","name":"Primer aniversario del Centro Comunitario de Salud Mental \u201cEmiliano Galende\" - Tres Lineas Noticias","isPartOf":{"@id":"https:\/\/treslineasnoticias.com.ar\/#website"},"primaryImageOfPage":{"@id":"https:\/\/treslineasnoticias.com.ar\/?p=29694#primaryimage"},"image":{"@id":"https:\/\/treslineasnoticias.com.ar\/?p=29694#primaryimage"},"thumbnailUrl":"https:\/\/treslineasnoticias.com.ar\/wp-content\/uploads\/2026\/09\/2b16d5c1-1ac9-d1d5-42cb-ea3ed7bbd447-scaled.jpg","datePublished":"2026-09-01T20:20:00+00:00","dateModified":"2026-09-02T13:03:17+00:00","author":{"@id":"https:\/\/treslineasnoticias.com.ar\/#\/schema\/person\/c5f7249e50517b84c2379b145ca14895"},"breadcrumb":{"@id":"https:\/\/treslineasnoticias.com.ar\/?p=29694#breadcrumb"},"inLanguage":"es","potentialAction":[{"@type":"ReadAction","target":["https:\/\/treslineasnoticias.com.ar\/?p=29694"]}]},{"@type":"ImageObject","inLanguage":"es","@id":"https:\/\/treslineasnoticias.com.ar\/?p=29694#primaryimage","url":"https:\/\/treslineasnoticias.com.ar\/wp-content\/uploads\/2026\/09\/2b16d5c1-1ac9-d1d5-42cb-ea3ed7bbd447-scaled.jpg","contentUrl":"https:\/\/treslineasnoticias.com.ar\/wp-content\/uploads\/2026\/09\/2b16d5c1-1ac9-d1d5-42cb-ea3ed7bbd447-scaled.jpg","width":2560,"height":1706},{"@type":"BreadcrumbList","@id":"https:\/\/treslineasnoticias.com.ar\/?p=29694#breadcrumb","itemListElement":[{"@type":"ListItem","position":1,"name":"Portada","item":"https:\/\/treslineasnoticias.com.ar\/"},{"@type":"ListItem","position":2,"name":"Primer aniversario del Centro Comunitario de Salud Mental \u201cEmiliano Galende\u00bb"}]},{"@type":"WebSite","@id":"https:\/\/treslineasnoticias.com.ar\/#website","url":"https:\/\/treslineasnoticias.com.ar\/","name":"Tres Lineas Noticias","description":"","potentialAction":[{"@type":"SearchAction","target":{"@type":"EntryPoint","urlTemplate":"https:\/\/treslineasnoticias.com.ar\/?s={search_term_string}"},"query-input":{"@type":"PropertyValueSpecification","valueRequired":true,"valueName":"search_term_string"}}],"inLanguage":"es"},{"@type":"Person","@id":"https:\/\/treslineasnoticias.com.ar\/#\/schema\/person\/c5f7249e50517b84c2379b145ca14895","name":"Horacio L\u00f3pez","image":{"@type":"ImageObject","inLanguage":"es","@id":"https:\/\/treslineasnoticias.com.ar\/wp-content\/litespeed\/avatar\/f5a5e9d378b20cf999cb9a940a8324f3.jpg?ver=1788116984","url":"https:\/\/treslineasnoticias.com.ar\/wp-content\/litespeed\/avatar\/f5a5e9d378b20cf999cb9a940a8324f3.jpg?ver=1788116984","contentUrl":"https:\/\/treslineasnoticias.com.ar\/wp-content\/litespeed\/avatar\/f5a5e9d378b20cf999cb9a940a8324f3.jpg?ver=1788116984","caption":"Horacio L\u00f3pez"},"sameAs":["http:\/\/treslineasnoticias.com.ar"],"url":"https:\/\/treslineasnoticias.com.ar\/?author=3"}]}},"jetpack_featured_media_url":"https:\/\/treslineasnoticias.com.ar\/wp-content\/uploads\/2026\/09\/2b16d5c1-1ac9-d1d5-42cb-ea3ed7bbd447-scaled.jpg","jetpack_sharing_enabled":true,"_links":{"self":[{"href":"https:\/\/treslineasnoticias.com.ar\/index.php?rest_route=\/wp\/v2\/posts\/29694","targetHints":{"allow":["GET"]}}],"collection":[{"href":"https:\/\/treslineasnoticias.com.ar\/index.php?rest_route=\/wp\/v2\/posts"}],"about":[{"href":"https:\/\/treslineasnoticias.com.ar\/index.php?rest_route=\/wp\/v2\/types\/post"}],"author":[{"embeddable":true,"href":"https:\/\/treslineasnoticias.com.ar\/index.php?rest_route=\/wp\/v2\/users\/3"}],"replies":[{"embeddable":true,"href":"https:\/\/treslineasnoticias.com.ar\/index.php?rest_route=%2Fwp%2Fv2%2Fcomments&post=29694"}],"version-history":[{"count":1,"href":"https:\/\/treslineasnoticias.com.ar\/index.php?rest_route=\/wp\/v2\/posts\/29694\/revisions"}],"predecessor-version":[{"id":29699,"href":"https:\/\/treslineasnoticias.com.ar\/index.php?rest_route=\/wp\/v2\/posts\/29694\/revisions\/29699"}],"wp:featuredmedia":[{"embeddable":true,"href":"https:\/\/treslineasnoticias.com.ar\/index.php?rest_route=\/wp\/v2\/media\/29696"}],"wp:attachment":[{"href":"https:\/\/treslineasnoticias.com.ar\/index.php?rest_route=%2Fwp%2Fv2%2Fmedia&parent=29694"}],"wp:term":[{"taxonomy":"category","embeddable":true,"href":"https:\/\/treslineasnoticias.com.ar\/index.php?rest_route=%2Fwp%2Fv2%2Fcategories&post=29694"},{"taxonomy":"post_tag","embeddable":true,"href":"https:\/\/treslineasnoticias.com.ar\/index.php?rest_route=%2Fwp%2Fv2%2Ftags&post=29694"}],"curies":[{"name":"wp","href":"https:\/\/api.w.org\/{rel}","templated":true}]}}