{"id":29700,"date":"2026-09-01T17:50:00","date_gmt":"2026-09-01T20:50:00","guid":{"rendered":"https:\/\/treslineasnoticias.com.ar\/?p=29700"},"modified":"2026-09-02T10:08:07","modified_gmt":"2026-09-02T13:08:07","slug":"andres-watson-destaco-la-loable-intervencion-de-policias-varelenses-en-el-rescate-a-un-hombre-en-neuquen","status":"publish","type":"post","link":"https:\/\/treslineasnoticias.com.ar\/?p=29700","title":{"rendered":"Andr\u00e9s Watson destac\u00f3 la loable intervenci\u00f3n de polic\u00edas varelenses en el rescate a un hombre en Neuqu\u00e9n"},"content":{"rendered":"\n<p><strong><em>El mandatario comunal, Andr\u00e9s Watson, convers\u00f3 esta ma\u00f1ana en la Intendencia con los tres agentes de la divisi\u00f3n de custodia y traslado interprovincial involucrados en una situaci\u00f3n de emergencia donde salvaron la vida a un sanitarista cuando su camioneta desbarranc\u00f3 y volc\u00f3 en la Ruta Nacional N\u00ba237 de la Patagonia argentina.<\/em><\/strong><\/p>\n\n\n\n<p>El teniente primero Fernando Echag\u00fce narr\u00f3: \u201cEra un hombre que llevaba seis conservadoras con sangre y plasma de R\u00edo Negro a Neuqu\u00e9n\u201d. La aguanieve, las temperaturas, las condiciones eran hostiles. No obstante, vivi\u00f3 \u201cadrenalina en cada intervenci\u00f3n, en partos, al socorrer personas, incendios. Recorrimos desde Ushuaia a la Quiaca; al cumplir con la labor, encontramos con muchas cosas\u201d.<\/p>\n\n\n\n<figure class=\"wp-block-image size-large\"><img loading=\"lazy\" decoding=\"async\" width=\"1024\" height=\"683\" src=\"http:\/\/treslineasnoticias.com.ar\/wp-content\/uploads\/2026\/09\/1f1369bf-e8e7-a603-2ee2-a466af3e0ef6-1024x683.jpg\" alt=\"\" class=\"wp-image-29702\" srcset=\"https:\/\/treslineasnoticias.com.ar\/wp-content\/uploads\/2026\/09\/1f1369bf-e8e7-a603-2ee2-a466af3e0ef6-1024x683.jpg 1024w, https:\/\/treslineasnoticias.com.ar\/wp-content\/uploads\/2026\/09\/1f1369bf-e8e7-a603-2ee2-a466af3e0ef6-300x200.jpg 300w, https:\/\/treslineasnoticias.com.ar\/wp-content\/uploads\/2026\/09\/1f1369bf-e8e7-a603-2ee2-a466af3e0ef6-768x512.jpg 768w, https:\/\/treslineasnoticias.com.ar\/wp-content\/uploads\/2026\/09\/1f1369bf-e8e7-a603-2ee2-a466af3e0ef6-1536x1024.jpg 1536w, https:\/\/treslineasnoticias.com.ar\/wp-content\/uploads\/2026\/09\/1f1369bf-e8e7-a603-2ee2-a466af3e0ef6-2048x1365.jpg 2048w\" sizes=\"auto, (max-width: 1024px) 100vw, 1024px\" \/><\/figure>\n\n\n\n<p>En ese contexto, destac\u00f3 \u201cla inversi\u00f3n de la Gobernaci\u00f3n bonaerense, como tambi\u00e9n de los Municipios con el objetivo de proveer todos los elementos para realizar nuestra tarea\u201d. Sobre el Alcalde, apreci\u00f3 \u201csu preocupaci\u00f3n en la din\u00e1mica de las dependencias y del personal: escuch\u00f3 las inquietudes, fue un reconocimiento\u201d.<\/p>\n\n\n\n<p>La capit\u00e1n Marcela M\u00e1rquez detall\u00f3 la misi\u00f3n de la unidad en \u201ccapturas: trajimos al juzgado de la provincia requirente del oficio, salimos por intermedio de exhortos, habilitados a ir a otros puntos del pa\u00eds a buscar detenidos\u201d.<\/p>\n\n\n\n<figure class=\"wp-block-image size-large\"><img loading=\"lazy\" decoding=\"async\" width=\"1024\" height=\"683\" src=\"http:\/\/treslineasnoticias.com.ar\/wp-content\/uploads\/2026\/09\/c7a370d4-d6bc-fbeb-aea6-d8633c988d82-1024x683.jpg\" alt=\"\" class=\"wp-image-29703\" srcset=\"https:\/\/treslineasnoticias.com.ar\/wp-content\/uploads\/2026\/09\/c7a370d4-d6bc-fbeb-aea6-d8633c988d82-1024x683.jpg 1024w, https:\/\/treslineasnoticias.com.ar\/wp-content\/uploads\/2026\/09\/c7a370d4-d6bc-fbeb-aea6-d8633c988d82-300x200.jpg 300w, https:\/\/treslineasnoticias.com.ar\/wp-content\/uploads\/2026\/09\/c7a370d4-d6bc-fbeb-aea6-d8633c988d82-768x512.jpg 768w, https:\/\/treslineasnoticias.com.ar\/wp-content\/uploads\/2026\/09\/c7a370d4-d6bc-fbeb-aea6-d8633c988d82-1536x1024.jpg 1536w, https:\/\/treslineasnoticias.com.ar\/wp-content\/uploads\/2026\/09\/c7a370d4-d6bc-fbeb-aea6-d8633c988d82-2048x1365.jpg 2048w\" sizes=\"auto, (max-width: 1024px) 100vw, 1024px\" \/><\/figure>\n\n\n\n<p>El capit\u00e1n Ra\u00fal G\u00f3mez de Olivera coincidi\u00f3 en el valor del equipamiento \u201ccon antena satelital que permiti\u00f3 la comunicaci\u00f3n con la ambulancia, la polic\u00eda de jurisdicci\u00f3n, avisar a nuestros jefes en ese rescate\u201d. Incluso, en esa ocasi\u00f3n, el trabajador de la salud \u201ccontact\u00f3 a su familia y recuper\u00f3 la tranquilidad\u201d. Expres\u00f3 \u201cun agradecimiento a la m\u00e1xima autoridad varelense por la empat\u00eda hacia nuestra funci\u00f3n\u201d.<\/p>\n\n\n\n<p>Estuvieron el secretario de Gobierno -Daniel Dono Leidi- junto a la subsecretaria de Prensa y Comunicaci\u00f3n, Noelia Pi\u00f1eiro.<\/p>\n","protected":false},"excerpt":{"rendered":"<p>El mandatario comunal, Andr\u00e9s Watson, convers\u00f3 esta ma\u00f1ana en la Intendencia con los tres agentes de la divisi\u00f3n de custodia y traslado interprovincial involucrados en una situaci\u00f3n de emergencia donde salvaron la vida a un sanitarista cuando su camioneta desbarranc\u00f3 y volc\u00f3 en la Ruta Nacional N\u00ba237 de la Patagonia argentina. El teniente primero Fernando [&hellip;]<\/p>\n","protected":false},"author":3,"featured_media":29701,"comment_status":"open","ping_status":"open","sticky":false,"template":"","format":"standard","meta":{"_jetpack_memberships_contains_paid_content":false,"footnotes":""},"categories":[6],"tags":[],"class_list":["post-29700","post","type-post","status-publish","format-standard","has-post-thumbnail","hentry","category-florencio-varela"],"yoast_head":"<!-- This site is optimized with the Yoast SEO plugin v27.5 - https:\/\/yoast.com\/product\/yoast-seo-wordpress\/ -->\n<title>Andr\u00e9s Watson destac\u00f3 la loable intervenci\u00f3n de polic\u00edas varelenses en el rescate a un hombre en Neuqu\u00e9n - Tres Lineas Noticias<\/title>\n<meta name=\"robots\" content=\"index, follow, max-snippet:-1, max-image-preview:large, max-video-preview:-1\" \/>\n<link rel=\"canonical\" href=\"https:\/\/treslineasnoticias.com.ar\/?p=29700\" \/>\n<meta property=\"og:locale\" content=\"es_ES\" \/>\n<meta property=\"og:type\" content=\"article\" \/>\n<meta property=\"og:title\" content=\"Andr\u00e9s Watson destac\u00f3 la loable intervenci\u00f3n de polic\u00edas varelenses en el rescate a un hombre en Neuqu\u00e9n - Tres Lineas Noticias\" \/>\n<meta property=\"og:description\" content=\"El mandatario comunal, Andr\u00e9s Watson, convers\u00f3 esta ma\u00f1ana en la Intendencia con los tres agentes de la divisi\u00f3n de custodia y traslado interprovincial involucrados en una situaci\u00f3n de emergencia donde salvaron la vida a un sanitarista cuando su camioneta desbarranc\u00f3 y volc\u00f3 en la Ruta Nacional N\u00ba237 de la Patagonia argentina. El teniente primero Fernando [&hellip;]\" \/>\n<meta property=\"og:url\" content=\"https:\/\/treslineasnoticias.com.ar\/?p=29700\" \/>\n<meta property=\"og:site_name\" content=\"Tres Lineas Noticias\" \/>\n<meta property=\"article:published_time\" content=\"2026-09-01T20:50:00+00:00\" \/>\n<meta property=\"article:modified_time\" content=\"2026-09-02T13:08:07+00:00\" \/>\n<meta property=\"og:image\" content=\"http:\/\/treslineasnoticias.com.ar\/wp-content\/uploads\/2026\/09\/b06546b5-1728-776c-bbb7-43c001990b4f-scaled.jpg\" \/>\n\t<meta property=\"og:image:width\" content=\"2560\" \/>\n\t<meta property=\"og:image:height\" content=\"1706\" \/>\n\t<meta property=\"og:image:type\" content=\"image\/jpeg\" \/>\n<meta name=\"author\" content=\"Horacio L\u00f3pez\" \/>\n<meta name=\"twitter:card\" content=\"summary_large_image\" \/>\n<meta name=\"twitter:label1\" content=\"Escrito por\" \/>\n\t<meta name=\"twitter:data1\" content=\"Horacio L\u00f3pez\" \/>\n\t<meta name=\"twitter:label2\" content=\"Tiempo de lectura\" \/>\n\t<meta name=\"twitter:data2\" content=\"2 minutos\" \/>\n<script type=\"application\/ld+json\" class=\"yoast-schema-graph\">{\"@context\":\"https:\\\/\\\/schema.org\",\"@graph\":[{\"@type\":\"Article\",\"@id\":\"https:\\\/\\\/treslineasnoticias.com.ar\\\/?p=29700#article\",\"isPartOf\":{\"@id\":\"https:\\\/\\\/treslineasnoticias.com.ar\\\/?p=29700\"},\"author\":{\"name\":\"Horacio L\u00f3pez\",\"@id\":\"https:\\\/\\\/treslineasnoticias.com.ar\\\/#\\\/schema\\\/person\\\/c5f7249e50517b84c2379b145ca14895\"},\"headline\":\"Andr\u00e9s Watson destac\u00f3 la loable intervenci\u00f3n de polic\u00edas varelenses en el rescate a un hombre en Neuqu\u00e9n\",\"datePublished\":\"2026-09-01T20:50:00+00:00\",\"dateModified\":\"2026-09-02T13:08:07+00:00\",\"mainEntityOfPage\":{\"@id\":\"https:\\\/\\\/treslineasnoticias.com.ar\\\/?p=29700\"},\"wordCount\":326,\"commentCount\":0,\"image\":{\"@id\":\"https:\\\/\\\/treslineasnoticias.com.ar\\\/?p=29700#primaryimage\"},\"thumbnailUrl\":\"https:\\\/\\\/treslineasnoticias.com.ar\\\/wp-content\\\/uploads\\\/2026\\\/09\\\/b06546b5-1728-776c-bbb7-43c001990b4f-scaled.jpg\",\"articleSection\":[\"Florencio Varela\"],\"inLanguage\":\"es\",\"potentialAction\":[{\"@type\":\"CommentAction\",\"name\":\"Comment\",\"target\":[\"https:\\\/\\\/treslineasnoticias.com.ar\\\/?p=29700#respond\"]}]},{\"@type\":\"WebPage\",\"@id\":\"https:\\\/\\\/treslineasnoticias.com.ar\\\/?p=29700\",\"url\":\"https:\\\/\\\/treslineasnoticias.com.ar\\\/?p=29700\",\"name\":\"Andr\u00e9s Watson destac\u00f3 la loable intervenci\u00f3n de polic\u00edas varelenses en el rescate a un hombre en Neuqu\u00e9n - Tres Lineas Noticias\",\"isPartOf\":{\"@id\":\"https:\\\/\\\/treslineasnoticias.com.ar\\\/#website\"},\"primaryImageOfPage\":{\"@id\":\"https:\\\/\\\/treslineasnoticias.com.ar\\\/?p=29700#primaryimage\"},\"image\":{\"@id\":\"https:\\\/\\\/treslineasnoticias.com.ar\\\/?p=29700#primaryimage\"},\"thumbnailUrl\":\"https:\\\/\\\/treslineasnoticias.com.ar\\\/wp-content\\\/uploads\\\/2026\\\/09\\\/b06546b5-1728-776c-bbb7-43c001990b4f-scaled.jpg\",\"datePublished\":\"2026-09-01T20:50:00+00:00\",\"dateModified\":\"2026-09-02T13:08:07+00:00\",\"author\":{\"@id\":\"https:\\\/\\\/treslineasnoticias.com.ar\\\/#\\\/schema\\\/person\\\/c5f7249e50517b84c2379b145ca14895\"},\"breadcrumb\":{\"@id\":\"https:\\\/\\\/treslineasnoticias.com.ar\\\/?p=29700#breadcrumb\"},\"inLanguage\":\"es\",\"potentialAction\":[{\"@type\":\"ReadAction\",\"target\":[\"https:\\\/\\\/treslineasnoticias.com.ar\\\/?p=29700\"]}]},{\"@type\":\"ImageObject\",\"inLanguage\":\"es\",\"@id\":\"https:\\\/\\\/treslineasnoticias.com.ar\\\/?p=29700#primaryimage\",\"url\":\"https:\\\/\\\/treslineasnoticias.com.ar\\\/wp-content\\\/uploads\\\/2026\\\/09\\\/b06546b5-1728-776c-bbb7-43c001990b4f-scaled.jpg\",\"contentUrl\":\"https:\\\/\\\/treslineasnoticias.com.ar\\\/wp-content\\\/uploads\\\/2026\\\/09\\\/b06546b5-1728-776c-bbb7-43c001990b4f-scaled.jpg\",\"width\":2560,\"height\":1706},{\"@type\":\"BreadcrumbList\",\"@id\":\"https:\\\/\\\/treslineasnoticias.com.ar\\\/?p=29700#breadcrumb\",\"itemListElement\":[{\"@type\":\"ListItem\",\"position\":1,\"name\":\"Portada\",\"item\":\"https:\\\/\\\/treslineasnoticias.com.ar\\\/\"},{\"@type\":\"ListItem\",\"position\":2,\"name\":\"Andr\u00e9s Watson destac\u00f3 la loable intervenci\u00f3n de polic\u00edas varelenses en el rescate a un hombre en Neuqu\u00e9n\"}]},{\"@type\":\"WebSite\",\"@id\":\"https:\\\/\\\/treslineasnoticias.com.ar\\\/#website\",\"url\":\"https:\\\/\\\/treslineasnoticias.com.ar\\\/\",\"name\":\"Tres Lineas Noticias\",\"description\":\"\",\"potentialAction\":[{\"@type\":\"SearchAction\",\"target\":{\"@type\":\"EntryPoint\",\"urlTemplate\":\"https:\\\/\\\/treslineasnoticias.com.ar\\\/?s={search_term_string}\"},\"query-input\":{\"@type\":\"PropertyValueSpecification\",\"valueRequired\":true,\"valueName\":\"search_term_string\"}}],\"inLanguage\":\"es\"},{\"@type\":\"Person\",\"@id\":\"https:\\\/\\\/treslineasnoticias.com.ar\\\/#\\\/schema\\\/person\\\/c5f7249e50517b84c2379b145ca14895\",\"name\":\"Horacio L\u00f3pez\",\"image\":{\"@type\":\"ImageObject\",\"inLanguage\":\"es\",\"@id\":\"https:\\\/\\\/treslineasnoticias.com.ar\\\/wp-content\\\/litespeed\\\/avatar\\\/f5a5e9d378b20cf999cb9a940a8324f3.jpg?ver=1788116984\",\"url\":\"https:\\\/\\\/treslineasnoticias.com.ar\\\/wp-content\\\/litespeed\\\/avatar\\\/f5a5e9d378b20cf999cb9a940a8324f3.jpg?ver=1788116984\",\"contentUrl\":\"https:\\\/\\\/treslineasnoticias.com.ar\\\/wp-content\\\/litespeed\\\/avatar\\\/f5a5e9d378b20cf999cb9a940a8324f3.jpg?ver=1788116984\",\"caption\":\"Horacio L\u00f3pez\"},\"sameAs\":[\"http:\\\/\\\/treslineasnoticias.com.ar\"],\"url\":\"https:\\\/\\\/treslineasnoticias.com.ar\\\/?author=3\"}]}<\/script>\n<!-- \/ Yoast SEO plugin. -->","yoast_head_json":{"title":"Andr\u00e9s Watson destac\u00f3 la loable intervenci\u00f3n de polic\u00edas varelenses en el rescate a un hombre en Neuqu\u00e9n - Tres Lineas Noticias","robots":{"index":"index","follow":"follow","max-snippet":"max-snippet:-1","max-image-preview":"max-image-preview:large","max-video-preview":"max-video-preview:-1"},"canonical":"https:\/\/treslineasnoticias.com.ar\/?p=29700","og_locale":"es_ES","og_type":"article","og_title":"Andr\u00e9s Watson destac\u00f3 la loable intervenci\u00f3n de polic\u00edas varelenses en el rescate a un hombre en Neuqu\u00e9n - Tres Lineas Noticias","og_description":"El mandatario comunal, Andr\u00e9s Watson, convers\u00f3 esta ma\u00f1ana en la Intendencia con los tres agentes de la divisi\u00f3n de custodia y traslado interprovincial involucrados en una situaci\u00f3n de emergencia donde salvaron la vida a un sanitarista cuando su camioneta desbarranc\u00f3 y volc\u00f3 en la Ruta Nacional N\u00ba237 de la Patagonia argentina. El teniente primero Fernando [&hellip;]","og_url":"https:\/\/treslineasnoticias.com.ar\/?p=29700","og_site_name":"Tres Lineas Noticias","article_published_time":"2026-09-01T20:50:00+00:00","article_modified_time":"2026-09-02T13:08:07+00:00","og_image":[{"width":2560,"height":1706,"url":"http:\/\/treslineasnoticias.com.ar\/wp-content\/uploads\/2026\/09\/b06546b5-1728-776c-bbb7-43c001990b4f-scaled.jpg","type":"image\/jpeg"}],"author":"Horacio L\u00f3pez","twitter_card":"summary_large_image","twitter_misc":{"Escrito por":"Horacio L\u00f3pez","Tiempo de lectura":"2 minutos"},"schema":{"@context":"https:\/\/schema.org","@graph":[{"@type":"Article","@id":"https:\/\/treslineasnoticias.com.ar\/?p=29700#article","isPartOf":{"@id":"https:\/\/treslineasnoticias.com.ar\/?p=29700"},"author":{"name":"Horacio L\u00f3pez","@id":"https:\/\/treslineasnoticias.com.ar\/#\/schema\/person\/c5f7249e50517b84c2379b145ca14895"},"headline":"Andr\u00e9s Watson destac\u00f3 la loable intervenci\u00f3n de polic\u00edas varelenses en el rescate a un hombre en Neuqu\u00e9n","datePublished":"2026-09-01T20:50:00+00:00","dateModified":"2026-09-02T13:08:07+00:00","mainEntityOfPage":{"@id":"https:\/\/treslineasnoticias.com.ar\/?p=29700"},"wordCount":326,"commentCount":0,"image":{"@id":"https:\/\/treslineasnoticias.com.ar\/?p=29700#primaryimage"},"thumbnailUrl":"https:\/\/treslineasnoticias.com.ar\/wp-content\/uploads\/2026\/09\/b06546b5-1728-776c-bbb7-43c001990b4f-scaled.jpg","articleSection":["Florencio Varela"],"inLanguage":"es","potentialAction":[{"@type":"CommentAction","name":"Comment","target":["https:\/\/treslineasnoticias.com.ar\/?p=29700#respond"]}]},{"@type":"WebPage","@id":"https:\/\/treslineasnoticias.com.ar\/?p=29700","url":"https:\/\/treslineasnoticias.com.ar\/?p=29700","name":"Andr\u00e9s Watson destac\u00f3 la loable intervenci\u00f3n de polic\u00edas varelenses en el rescate a un hombre en Neuqu\u00e9n - Tres Lineas Noticias","isPartOf":{"@id":"https:\/\/treslineasnoticias.com.ar\/#website"},"primaryImageOfPage":{"@id":"https:\/\/treslineasnoticias.com.ar\/?p=29700#primaryimage"},"image":{"@id":"https:\/\/treslineasnoticias.com.ar\/?p=29700#primaryimage"},"thumbnailUrl":"https:\/\/treslineasnoticias.com.ar\/wp-content\/uploads\/2026\/09\/b06546b5-1728-776c-bbb7-43c001990b4f-scaled.jpg","datePublished":"2026-09-01T20:50:00+00:00","dateModified":"2026-09-02T13:08:07+00:00","author":{"@id":"https:\/\/treslineasnoticias.com.ar\/#\/schema\/person\/c5f7249e50517b84c2379b145ca14895"},"breadcrumb":{"@id":"https:\/\/treslineasnoticias.com.ar\/?p=29700#breadcrumb"},"inLanguage":"es","potentialAction":[{"@type":"ReadAction","target":["https:\/\/treslineasnoticias.com.ar\/?p=29700"]}]},{"@type":"ImageObject","inLanguage":"es","@id":"https:\/\/treslineasnoticias.com.ar\/?p=29700#primaryimage","url":"https:\/\/treslineasnoticias.com.ar\/wp-content\/uploads\/2026\/09\/b06546b5-1728-776c-bbb7-43c001990b4f-scaled.jpg","contentUrl":"https:\/\/treslineasnoticias.com.ar\/wp-content\/uploads\/2026\/09\/b06546b5-1728-776c-bbb7-43c001990b4f-scaled.jpg","width":2560,"height":1706},{"@type":"BreadcrumbList","@id":"https:\/\/treslineasnoticias.com.ar\/?p=29700#breadcrumb","itemListElement":[{"@type":"ListItem","position":1,"name":"Portada","item":"https:\/\/treslineasnoticias.com.ar\/"},{"@type":"ListItem","position":2,"name":"Andr\u00e9s Watson destac\u00f3 la loable intervenci\u00f3n de polic\u00edas varelenses en el rescate a un hombre en Neuqu\u00e9n"}]},{"@type":"WebSite","@id":"https:\/\/treslineasnoticias.com.ar\/#website","url":"https:\/\/treslineasnoticias.com.ar\/","name":"Tres Lineas Noticias","description":"","potentialAction":[{"@type":"SearchAction","target":{"@type":"EntryPoint","urlTemplate":"https:\/\/treslineasnoticias.com.ar\/?s={search_term_string}"},"query-input":{"@type":"PropertyValueSpecification","valueRequired":true,"valueName":"search_term_string"}}],"inLanguage":"es"},{"@type":"Person","@id":"https:\/\/treslineasnoticias.com.ar\/#\/schema\/person\/c5f7249e50517b84c2379b145ca14895","name":"Horacio L\u00f3pez","image":{"@type":"ImageObject","inLanguage":"es","@id":"https:\/\/treslineasnoticias.com.ar\/wp-content\/litespeed\/avatar\/f5a5e9d378b20cf999cb9a940a8324f3.jpg?ver=1788116984","url":"https:\/\/treslineasnoticias.com.ar\/wp-content\/litespeed\/avatar\/f5a5e9d378b20cf999cb9a940a8324f3.jpg?ver=1788116984","contentUrl":"https:\/\/treslineasnoticias.com.ar\/wp-content\/litespeed\/avatar\/f5a5e9d378b20cf999cb9a940a8324f3.jpg?ver=1788116984","caption":"Horacio L\u00f3pez"},"sameAs":["http:\/\/treslineasnoticias.com.ar"],"url":"https:\/\/treslineasnoticias.com.ar\/?author=3"}]}},"jetpack_featured_media_url":"https:\/\/treslineasnoticias.com.ar\/wp-content\/uploads\/2026\/09\/b06546b5-1728-776c-bbb7-43c001990b4f-scaled.jpg","jetpack_sharing_enabled":true,"_links":{"self":[{"href":"https:\/\/treslineasnoticias.com.ar\/index.php?rest_route=\/wp\/v2\/posts\/29700","targetHints":{"allow":["GET"]}}],"collection":[{"href":"https:\/\/treslineasnoticias.com.ar\/index.php?rest_route=\/wp\/v2\/posts"}],"about":[{"href":"https:\/\/treslineasnoticias.com.ar\/index.php?rest_route=\/wp\/v2\/types\/post"}],"author":[{"embeddable":true,"href":"https:\/\/treslineasnoticias.com.ar\/index.php?rest_route=\/wp\/v2\/users\/3"}],"replies":[{"embeddable":true,"href":"https:\/\/treslineasnoticias.com.ar\/index.php?rest_route=%2Fwp%2Fv2%2Fcomments&post=29700"}],"version-history":[{"count":1,"href":"https:\/\/treslineasnoticias.com.ar\/index.php?rest_route=\/wp\/v2\/posts\/29700\/revisions"}],"predecessor-version":[{"id":29704,"href":"https:\/\/treslineasnoticias.com.ar\/index.php?rest_route=\/wp\/v2\/posts\/29700\/revisions\/29704"}],"wp:featuredmedia":[{"embeddable":true,"href":"https:\/\/treslineasnoticias.com.ar\/index.php?rest_route=\/wp\/v2\/media\/29701"}],"wp:attachment":[{"href":"https:\/\/treslineasnoticias.com.ar\/index.php?rest_route=%2Fwp%2Fv2%2Fmedia&parent=29700"}],"wp:term":[{"taxonomy":"category","embeddable":true,"href":"https:\/\/treslineasnoticias.com.ar\/index.php?rest_route=%2Fwp%2Fv2%2Fcategories&post=29700"},{"taxonomy":"post_tag","embeddable":true,"href":"https:\/\/treslineasnoticias.com.ar\/index.php?rest_route=%2Fwp%2Fv2%2Ftags&post=29700"}],"curies":[{"name":"wp","href":"https:\/\/api.w.org\/{rel}","templated":true}]}}