{"id":29705,"date":"2026-09-01T18:10:00","date_gmt":"2026-09-01T21:10:00","guid":{"rendered":"https:\/\/treslineasnoticias.com.ar\/?p=29705"},"modified":"2026-09-02T11:10:24","modified_gmt":"2026-09-02T14:10:24","slug":"mayra-eva-mieri-y-el-ministro-alonso-encabezaron-la-inauguracion-de-la-nueva-comisaria-quilmes-10a-de-don-bosco","status":"publish","type":"post","link":"https:\/\/treslineasnoticias.com.ar\/?p=29705","title":{"rendered":"Mayra, Eva Mieri y el ministro Alonso encabezaron la inauguraci\u00f3n de la nueva comisar\u00eda Quilmes 10\u00aa de Don Bosco"},"content":{"rendered":"\n<p><strong><em>La diputada provincial, Mayra Mendoza, la intendenta interina de Quilmes, Eva Mieri, y el ministro de Seguridad de la provincia de Buenos Aires, Javier Alonso, encabezaron este martes la inauguraci\u00f3n de la nueva comisar\u00eda de Don Bosco (Quilmes 10\u00aa), que est\u00e1 ubicada en Pilcomayo entre Maip\u00fa y Cort\u00e1zar, en una iniciativa hist\u00f3rica debido a que hace m\u00e1s de 30 a\u00f1os que no se constru\u00eda una seccional policial en el Municipio.<\/em><\/strong><\/p>\n\n\n\n<p>Est\u00e1 comisar\u00eda forma parte de los compromisos asumidos por Mayra en el anuncio del Plan Bianual 2025\/27. \u201cNo podemos hablar seriamente de seguridad en el conurbano, en la provincia de Buenos Aires y en la Argentina con un Gobierno Nacional que abandon\u00f3 por completo a la poblaci\u00f3n y que no cumple con sus responsabilidades. Quienes denuestan el trabajo que hacemos con mucho esfuerzo, buscando el presupuesto municipal para poder cumplir, teniendo en cuenta la eficiencia de los resultados y el trabajo mancomunado con la Provincia, son justamente los que abonaron a que gobierne este presidente, que no le importa la vida de las personas y que quiere destruir el Estado\u201d, sostuvo Mayra.<\/p>\n\n\n\n<p>La Intendenta de Quilmes en uso de licencia remarc\u00f3: \u201cVienen a seguir incitando a la violencia, la divisi\u00f3n y discriminaci\u00f3n tambi\u00e9n, porque cu\u00e1ntos han cargado contra el conurbano diciendo que \u00e9ramos casi salvajes, que no se pod\u00eda vivir en este lugar. El lugar m\u00e1s lindo del mundo para m\u00ed es el conurbano, as\u00ed lo siento y me siento orgullosa de nuestra comunidad y nuestra poblaci\u00f3n\u201d.<\/p>\n\n\n\n<figure class=\"wp-block-image size-large\"><img loading=\"lazy\" decoding=\"async\" width=\"1024\" height=\"684\" src=\"http:\/\/treslineasnoticias.com.ar\/wp-content\/uploads\/2026\/09\/1-1024x684.jpg\" alt=\"\" class=\"wp-image-29709\" srcset=\"https:\/\/treslineasnoticias.com.ar\/wp-content\/uploads\/2026\/09\/1-1024x684.jpg 1024w, https:\/\/treslineasnoticias.com.ar\/wp-content\/uploads\/2026\/09\/1-300x200.jpg 300w, https:\/\/treslineasnoticias.com.ar\/wp-content\/uploads\/2026\/09\/1-768x513.jpg 768w, https:\/\/treslineasnoticias.com.ar\/wp-content\/uploads\/2026\/09\/1.jpg 1280w\" sizes=\"auto, (max-width: 1024px) 100vw, 1024px\" \/><\/figure>\n\n\n\n<p>Mayra finaliz\u00f3: \u201cPudimos cumplir con estas demandas. 30 a\u00f1os hac\u00eda que los vecinos de Don Bosco ten\u00edan este reclamo y pudimos hacerlo. No fue f\u00e1cil. Tuvimos que ver de qu\u00e9 manera destin\u00e1bamos el presupuesto para esta obra, para la Alcaid\u00eda, como se ha realizado, para la remodelaci\u00f3n que se est\u00e1 haciendo en la comisar\u00eda 4\u00aa de Solano. Tambi\u00e9n para otras obras que quedaron abandonadas por el gobierno nacional, por el gobierno de Milei, y que hoy el Gobierno Municipal va a terminarlas con fondos propios, con la contribuci\u00f3n de esa tasa municipal que todos los vecinos tambi\u00e9n con mucho esfuerzo pagan. Por ejemplo, a la obra del Acceso Sudeste, a pesar de que Milei la dej\u00f3 abandonada\u201d.<\/p>\n\n\n\n<p>Por su parte, Mieri asever\u00f3: \u201cHoy es un d\u00eda hist\u00f3rico, no solo para Don Bosco, sino tambi\u00e9n para toda nuestra ciudad. Estamos inaugurando la d\u00e9cima comisar\u00eda y digo que es un hecho hist\u00f3rico porque tuvieron que pasar m\u00e1s de 30 a\u00f1os para que Quilmes cuente con una nueva seccional. Es mucho tiempo. Por eso la importancia de resaltar cuando el Estado se hace presente en el momento y donde tiene que estar. En ese sentido, esta obra es una muestra de lo que somos capaces los gobiernos locales y el gobierno provincial cuando trabajamos mancomunadamente\u201d.<\/p>\n\n\n\n<p>Y afirm\u00f3: \u201cPara la gesti\u00f3n municipal, la seguridad es un tema que nos preocupa, pero que fundamentalmente nos ocupa. Porque es una demanda permanente de nuestros vecinos y vecinas de Quilmes, y es lamentablemente, una preocupaci\u00f3n que crece en todo el pa\u00eds. De lo que nos podemos hacer cargo los municipios, en Quilmes nos hacemos cargo. Por eso desde el 2019 venimos llevando adelante el plan de inversi\u00f3n municipal m\u00e1s grande de la historia, adquiriendo nuevas tecnolog\u00edas y herramientas que hagan a la prevenci\u00f3n del delito\u201d.<\/p>\n\n\n\n<figure class=\"wp-block-image size-large\"><img loading=\"lazy\" decoding=\"async\" width=\"1024\" height=\"684\" src=\"http:\/\/treslineasnoticias.com.ar\/wp-content\/uploads\/2026\/09\/2-1024x684.jpg\" alt=\"\" class=\"wp-image-29708\" srcset=\"https:\/\/treslineasnoticias.com.ar\/wp-content\/uploads\/2026\/09\/2-1024x684.jpg 1024w, https:\/\/treslineasnoticias.com.ar\/wp-content\/uploads\/2026\/09\/2-300x200.jpg 300w, https:\/\/treslineasnoticias.com.ar\/wp-content\/uploads\/2026\/09\/2-768x513.jpg 768w, https:\/\/treslineasnoticias.com.ar\/wp-content\/uploads\/2026\/09\/2.jpg 1280w\" sizes=\"auto, (max-width: 1024px) 100vw, 1024px\" \/><\/figure>\n\n\n\n<p>En ese marco, Javier Alonso expres\u00f3: \u201cContentos de inaugurar una comisar\u00eda 10\u00aa, que fue un anhelo de la intendenta Mayra Mendoza en aquel momento, en el 2019, cuando asumi\u00f3 el primer mandato, y nos pusimos a trabajar juntos. As\u00ed que, palabra cumplida, ac\u00e1 tenemos la comisar\u00eda y no es menor que estemos inaugurando una obra p\u00fablica en un momento en que est\u00e1 toda la obra p\u00fablica parada en la Argentina y en el que tenemos un presidente que est\u00e1 cumpliendo su promesa de destruir el Estado desde adentro. Y lo que tenemos que tener claro es que cuando \u00e9l habla del Estado, esto es el Estado\u201d.<\/p>\n\n\n\n<p>La inauguraci\u00f3n representa un hecho hist\u00f3rico para Quilmes: es la primera comisar\u00eda que se construye en el distrito desde 1993, luego de 33 a\u00f1os, y da respuesta a un reclamo sostenido durante d\u00e9cadas por la comunidad de Don Bosco. Esta nueva dependencia, que cuenta con los espacios y medidas de seguridad necesarias para la atenci\u00f3n de la comunidad y el desarrollo de tareas del personal policial, permitir\u00e1 reforzar la prevenci\u00f3n y la presencia policial tanto en el este como en el oeste de Don Bosco, y avanzar en una distribuci\u00f3n m\u00e1s equitativa de los recursos de seguridad en el distrito.<\/p>\n\n\n\n<p>La obra se llev\u00f3 adelante mediante la articulaci\u00f3n entre el Municipio de Quilmes y el Ministerio de Seguridad de la Provincia de Buenos Aires, y fue impulsada por la gesti\u00f3n de la intendenta en uso de licencia y actual diputada provincial, Mayra Mendoza, y forma parte de los compromisos asumidos en el Plan Bianual de Gesti\u00f3n 2025\/27. En tanto, el titular de la nueva seccional ser\u00e1 el comisario David Padula y la seccional ya est\u00e1 en funcionamiento.<\/p>\n\n\n\n<figure class=\"wp-block-image size-large\"><img loading=\"lazy\" decoding=\"async\" width=\"1280\" height=\"855\" src=\"http:\/\/treslineasnoticias.com.ar\/wp-content\/uploads\/2026\/09\/4-1024x684.jpg\" alt=\"\" class=\"wp-image-29706\" srcset=\"https:\/\/treslineasnoticias.com.ar\/wp-content\/uploads\/2026\/09\/4-1024x684.jpg 1024w, https:\/\/treslineasnoticias.com.ar\/wp-content\/uploads\/2026\/09\/4-300x200.jpg 300w, https:\/\/treslineasnoticias.com.ar\/wp-content\/uploads\/2026\/09\/4-768x513.jpg 768w, https:\/\/treslineasnoticias.com.ar\/wp-content\/uploads\/2026\/09\/4.jpg 1280w\" sizes=\"auto, (max-width: 1280px) 100vw, 1280px\" \/><\/figure>\n\n\n\n<p>Esto se enmarca en las distintas medidas y la fuerte inversi\u00f3n que realiza el Municipio de Quilmes desde la asunci\u00f3n de Mayra Mendoza, con el objetivo de fortalecer la seguridad de los vecinos y vecinas. Estas acciones incluyen la adquisici\u00f3n de nuevos recursos, la actualizaci\u00f3n tecnol\u00f3gica y la formaci\u00f3n de personal especializado; la incorporaci\u00f3n de m\u00e1s de 300 patrulleros, la creaci\u00f3n del Escuadr\u00f3n Motorizado, la implementaci\u00f3n de m\u00e1s de 2.000 c\u00e1maras de seguridad, la colocaci\u00f3n de 1.150 nuevas alarmas vecinales comunitarias, m\u00e1s de 50.000 luminarias LED, la instalaci\u00f3n de 170 Paradas Seguras y m\u00e1s de 50 t\u00f3tems de seguridad, el desarrollo de los proyectos de la nueva comisar\u00eda 10\u00aa y la futura 11\u00aa, y la creaci\u00f3n del SQA-DRON (drones), entre otras acciones.<\/p>\n\n\n\n<p>A su vez, el Municipio desarroll\u00f3 la creaci\u00f3n de: la Oficina de Video An\u00e1lisis Criminal (OVAC), en 2024, para sistematizar la informaci\u00f3n obtenida por las c\u00e1maras y contribuir a las investigaciones y esclarecimiento de los delitos; el Gabinete de Ciberpedofilia en articulaci\u00f3n con la UFI N\u00ba 8 para investigar delitos complejos contra los menores de edad (2025); la aplicaci\u00f3n \u00abMi Alerta Quilmes\u00bb; el Observatorio de An\u00e1lisis Criminal y Seguridad Ciudadana, para el dise\u00f1o de pol\u00edticas p\u00fablicas en base a evidencia, recopilaci\u00f3n y an\u00e1lisis de datos estad\u00edsticos; la Direcci\u00f3n de Asistencia a la V\u00edctima, que cuenta con un equipo de Salud Mental; la L\u00ednea de Denuncias Quilmes, para que vecinos y vecinas puedan aportar informaci\u00f3n sobre delitos resguardando su identidad, y el Programa Alianzas Comunitarias para el acompa\u00f1amiento de ni\u00f1eces y adolescencias en conflicto con la ley penal.<\/p>\n\n\n\n<p>Estuvieron presentes el jefe de Gabinete Municipal, Joaqu\u00edn Desmery; el secretario de Seguridad, Gaspar De St\u00e9fano, adem\u00e1s de funcionarios de distintas \u00e1reas del Municipio, autoridades del Ministerio de Seguridad Bonaerense y Judiciales; representantes de organizaciones e instituciones; personal de la comisar\u00eda Quilmes 10\u00aa, y vecinas y vecinos de Don Bosco.<\/p>\n","protected":false},"excerpt":{"rendered":"<p>La diputada provincial, Mayra Mendoza, la intendenta interina de Quilmes, Eva Mieri, y el ministro de Seguridad de la provincia de Buenos Aires, Javier Alonso, encabezaron este martes la inauguraci\u00f3n de la nueva comisar\u00eda de Don Bosco (Quilmes 10\u00aa), que est\u00e1 ubicada en Pilcomayo entre Maip\u00fa y Cort\u00e1zar, en una iniciativa hist\u00f3rica debido a que [&hellip;]<\/p>\n","protected":false},"author":3,"featured_media":29707,"comment_status":"open","ping_status":"open","sticky":false,"template":"","format":"standard","meta":{"_jetpack_memberships_contains_paid_content":false,"footnotes":""},"categories":[5],"tags":[],"class_list":["post-29705","post","type-post","status-publish","format-standard","has-post-thumbnail","hentry","category-quilmes"],"yoast_head":"<!-- This site is optimized with the Yoast SEO plugin v27.5 - https:\/\/yoast.com\/product\/yoast-seo-wordpress\/ -->\n<title>Mayra, Eva Mieri y el ministro Alonso encabezaron la inauguraci\u00f3n de la nueva comisar\u00eda Quilmes 10\u00aa de Don Bosco - Tres Lineas Noticias<\/title>\n<meta name=\"robots\" content=\"index, follow, max-snippet:-1, max-image-preview:large, max-video-preview:-1\" \/>\n<link rel=\"canonical\" href=\"https:\/\/treslineasnoticias.com.ar\/?p=29705\" \/>\n<meta property=\"og:locale\" content=\"es_ES\" \/>\n<meta property=\"og:type\" content=\"article\" \/>\n<meta property=\"og:title\" content=\"Mayra, Eva Mieri y el ministro Alonso encabezaron la inauguraci\u00f3n de la nueva comisar\u00eda Quilmes 10\u00aa de Don Bosco - Tres Lineas Noticias\" \/>\n<meta property=\"og:description\" content=\"La diputada provincial, Mayra Mendoza, la intendenta interina de Quilmes, Eva Mieri, y el ministro de Seguridad de la provincia de Buenos Aires, Javier Alonso, encabezaron este martes la inauguraci\u00f3n de la nueva comisar\u00eda de Don Bosco (Quilmes 10\u00aa), que est\u00e1 ubicada en Pilcomayo entre Maip\u00fa y Cort\u00e1zar, en una iniciativa hist\u00f3rica debido a que [&hellip;]\" \/>\n<meta property=\"og:url\" content=\"https:\/\/treslineasnoticias.com.ar\/?p=29705\" \/>\n<meta property=\"og:site_name\" content=\"Tres Lineas Noticias\" \/>\n<meta property=\"article:published_time\" content=\"2026-09-01T21:10:00+00:00\" \/>\n<meta property=\"article:modified_time\" content=\"2026-09-02T14:10:24+00:00\" \/>\n<meta property=\"og:image\" content=\"http:\/\/treslineasnoticias.com.ar\/wp-content\/uploads\/2026\/09\/3.jpg\" \/>\n\t<meta property=\"og:image:width\" content=\"1280\" \/>\n\t<meta property=\"og:image:height\" content=\"855\" \/>\n\t<meta property=\"og:image:type\" content=\"image\/jpeg\" \/>\n<meta name=\"author\" content=\"Horacio L\u00f3pez\" \/>\n<meta name=\"twitter:card\" content=\"summary_large_image\" \/>\n<meta name=\"twitter:label1\" content=\"Escrito por\" \/>\n\t<meta name=\"twitter:data1\" content=\"Horacio L\u00f3pez\" \/>\n\t<meta name=\"twitter:label2\" content=\"Tiempo de lectura\" \/>\n\t<meta name=\"twitter:data2\" content=\"7 minutos\" \/>\n<script type=\"application\/ld+json\" class=\"yoast-schema-graph\">{\"@context\":\"https:\\\/\\\/schema.org\",\"@graph\":[{\"@type\":\"Article\",\"@id\":\"https:\\\/\\\/treslineasnoticias.com.ar\\\/?p=29705#article\",\"isPartOf\":{\"@id\":\"https:\\\/\\\/treslineasnoticias.com.ar\\\/?p=29705\"},\"author\":{\"name\":\"Horacio L\u00f3pez\",\"@id\":\"https:\\\/\\\/treslineasnoticias.com.ar\\\/#\\\/schema\\\/person\\\/c5f7249e50517b84c2379b145ca14895\"},\"headline\":\"Mayra, Eva Mieri y el ministro Alonso encabezaron la inauguraci\u00f3n de la nueva comisar\u00eda Quilmes 10\u00aa de Don Bosco\",\"datePublished\":\"2026-09-01T21:10:00+00:00\",\"dateModified\":\"2026-09-02T14:10:24+00:00\",\"mainEntityOfPage\":{\"@id\":\"https:\\\/\\\/treslineasnoticias.com.ar\\\/?p=29705\"},\"wordCount\":1234,\"commentCount\":0,\"image\":{\"@id\":\"https:\\\/\\\/treslineasnoticias.com.ar\\\/?p=29705#primaryimage\"},\"thumbnailUrl\":\"https:\\\/\\\/treslineasnoticias.com.ar\\\/wp-content\\\/uploads\\\/2026\\\/09\\\/3.jpg\",\"articleSection\":[\"Quilmes\"],\"inLanguage\":\"es\",\"potentialAction\":[{\"@type\":\"CommentAction\",\"name\":\"Comment\",\"target\":[\"https:\\\/\\\/treslineasnoticias.com.ar\\\/?p=29705#respond\"]}]},{\"@type\":\"WebPage\",\"@id\":\"https:\\\/\\\/treslineasnoticias.com.ar\\\/?p=29705\",\"url\":\"https:\\\/\\\/treslineasnoticias.com.ar\\\/?p=29705\",\"name\":\"Mayra, Eva Mieri y el ministro Alonso encabezaron la inauguraci\u00f3n de la nueva comisar\u00eda Quilmes 10\u00aa de Don Bosco - Tres Lineas Noticias\",\"isPartOf\":{\"@id\":\"https:\\\/\\\/treslineasnoticias.com.ar\\\/#website\"},\"primaryImageOfPage\":{\"@id\":\"https:\\\/\\\/treslineasnoticias.com.ar\\\/?p=29705#primaryimage\"},\"image\":{\"@id\":\"https:\\\/\\\/treslineasnoticias.com.ar\\\/?p=29705#primaryimage\"},\"thumbnailUrl\":\"https:\\\/\\\/treslineasnoticias.com.ar\\\/wp-content\\\/uploads\\\/2026\\\/09\\\/3.jpg\",\"datePublished\":\"2026-09-01T21:10:00+00:00\",\"dateModified\":\"2026-09-02T14:10:24+00:00\",\"author\":{\"@id\":\"https:\\\/\\\/treslineasnoticias.com.ar\\\/#\\\/schema\\\/person\\\/c5f7249e50517b84c2379b145ca14895\"},\"breadcrumb\":{\"@id\":\"https:\\\/\\\/treslineasnoticias.com.ar\\\/?p=29705#breadcrumb\"},\"inLanguage\":\"es\",\"potentialAction\":[{\"@type\":\"ReadAction\",\"target\":[\"https:\\\/\\\/treslineasnoticias.com.ar\\\/?p=29705\"]}]},{\"@type\":\"ImageObject\",\"inLanguage\":\"es\",\"@id\":\"https:\\\/\\\/treslineasnoticias.com.ar\\\/?p=29705#primaryimage\",\"url\":\"https:\\\/\\\/treslineasnoticias.com.ar\\\/wp-content\\\/uploads\\\/2026\\\/09\\\/3.jpg\",\"contentUrl\":\"https:\\\/\\\/treslineasnoticias.com.ar\\\/wp-content\\\/uploads\\\/2026\\\/09\\\/3.jpg\",\"width\":1280,\"height\":855},{\"@type\":\"BreadcrumbList\",\"@id\":\"https:\\\/\\\/treslineasnoticias.com.ar\\\/?p=29705#breadcrumb\",\"itemListElement\":[{\"@type\":\"ListItem\",\"position\":1,\"name\":\"Portada\",\"item\":\"https:\\\/\\\/treslineasnoticias.com.ar\\\/\"},{\"@type\":\"ListItem\",\"position\":2,\"name\":\"Mayra, Eva Mieri y el ministro Alonso encabezaron la inauguraci\u00f3n de la nueva comisar\u00eda Quilmes 10\u00aa de Don Bosco\"}]},{\"@type\":\"WebSite\",\"@id\":\"https:\\\/\\\/treslineasnoticias.com.ar\\\/#website\",\"url\":\"https:\\\/\\\/treslineasnoticias.com.ar\\\/\",\"name\":\"Tres Lineas Noticias\",\"description\":\"\",\"potentialAction\":[{\"@type\":\"SearchAction\",\"target\":{\"@type\":\"EntryPoint\",\"urlTemplate\":\"https:\\\/\\\/treslineasnoticias.com.ar\\\/?s={search_term_string}\"},\"query-input\":{\"@type\":\"PropertyValueSpecification\",\"valueRequired\":true,\"valueName\":\"search_term_string\"}}],\"inLanguage\":\"es\"},{\"@type\":\"Person\",\"@id\":\"https:\\\/\\\/treslineasnoticias.com.ar\\\/#\\\/schema\\\/person\\\/c5f7249e50517b84c2379b145ca14895\",\"name\":\"Horacio L\u00f3pez\",\"image\":{\"@type\":\"ImageObject\",\"inLanguage\":\"es\",\"@id\":\"https:\\\/\\\/treslineasnoticias.com.ar\\\/wp-content\\\/litespeed\\\/avatar\\\/f5a5e9d378b20cf999cb9a940a8324f3.jpg?ver=1788116984\",\"url\":\"https:\\\/\\\/treslineasnoticias.com.ar\\\/wp-content\\\/litespeed\\\/avatar\\\/f5a5e9d378b20cf999cb9a940a8324f3.jpg?ver=1788116984\",\"contentUrl\":\"https:\\\/\\\/treslineasnoticias.com.ar\\\/wp-content\\\/litespeed\\\/avatar\\\/f5a5e9d378b20cf999cb9a940a8324f3.jpg?ver=1788116984\",\"caption\":\"Horacio L\u00f3pez\"},\"sameAs\":[\"http:\\\/\\\/treslineasnoticias.com.ar\"],\"url\":\"https:\\\/\\\/treslineasnoticias.com.ar\\\/?author=3\"}]}<\/script>\n<!-- \/ Yoast SEO plugin. -->","yoast_head_json":{"title":"Mayra, Eva Mieri y el ministro Alonso encabezaron la inauguraci\u00f3n de la nueva comisar\u00eda Quilmes 10\u00aa de Don Bosco - Tres Lineas Noticias","robots":{"index":"index","follow":"follow","max-snippet":"max-snippet:-1","max-image-preview":"max-image-preview:large","max-video-preview":"max-video-preview:-1"},"canonical":"https:\/\/treslineasnoticias.com.ar\/?p=29705","og_locale":"es_ES","og_type":"article","og_title":"Mayra, Eva Mieri y el ministro Alonso encabezaron la inauguraci\u00f3n de la nueva comisar\u00eda Quilmes 10\u00aa de Don Bosco - Tres Lineas Noticias","og_description":"La diputada provincial, Mayra Mendoza, la intendenta interina de Quilmes, Eva Mieri, y el ministro de Seguridad de la provincia de Buenos Aires, Javier Alonso, encabezaron este martes la inauguraci\u00f3n de la nueva comisar\u00eda de Don Bosco (Quilmes 10\u00aa), que est\u00e1 ubicada en Pilcomayo entre Maip\u00fa y Cort\u00e1zar, en una iniciativa hist\u00f3rica debido a que [&hellip;]","og_url":"https:\/\/treslineasnoticias.com.ar\/?p=29705","og_site_name":"Tres Lineas Noticias","article_published_time":"2026-09-01T21:10:00+00:00","article_modified_time":"2026-09-02T14:10:24+00:00","og_image":[{"width":1280,"height":855,"url":"http:\/\/treslineasnoticias.com.ar\/wp-content\/uploads\/2026\/09\/3.jpg","type":"image\/jpeg"}],"author":"Horacio L\u00f3pez","twitter_card":"summary_large_image","twitter_misc":{"Escrito por":"Horacio L\u00f3pez","Tiempo de lectura":"7 minutos"},"schema":{"@context":"https:\/\/schema.org","@graph":[{"@type":"Article","@id":"https:\/\/treslineasnoticias.com.ar\/?p=29705#article","isPartOf":{"@id":"https:\/\/treslineasnoticias.com.ar\/?p=29705"},"author":{"name":"Horacio L\u00f3pez","@id":"https:\/\/treslineasnoticias.com.ar\/#\/schema\/person\/c5f7249e50517b84c2379b145ca14895"},"headline":"Mayra, Eva Mieri y el ministro Alonso encabezaron la inauguraci\u00f3n de la nueva comisar\u00eda Quilmes 10\u00aa de Don Bosco","datePublished":"2026-09-01T21:10:00+00:00","dateModified":"2026-09-02T14:10:24+00:00","mainEntityOfPage":{"@id":"https:\/\/treslineasnoticias.com.ar\/?p=29705"},"wordCount":1234,"commentCount":0,"image":{"@id":"https:\/\/treslineasnoticias.com.ar\/?p=29705#primaryimage"},"thumbnailUrl":"https:\/\/treslineasnoticias.com.ar\/wp-content\/uploads\/2026\/09\/3.jpg","articleSection":["Quilmes"],"inLanguage":"es","potentialAction":[{"@type":"CommentAction","name":"Comment","target":["https:\/\/treslineasnoticias.com.ar\/?p=29705#respond"]}]},{"@type":"WebPage","@id":"https:\/\/treslineasnoticias.com.ar\/?p=29705","url":"https:\/\/treslineasnoticias.com.ar\/?p=29705","name":"Mayra, Eva Mieri y el ministro Alonso encabezaron la inauguraci\u00f3n de la nueva comisar\u00eda Quilmes 10\u00aa de Don Bosco - Tres Lineas Noticias","isPartOf":{"@id":"https:\/\/treslineasnoticias.com.ar\/#website"},"primaryImageOfPage":{"@id":"https:\/\/treslineasnoticias.com.ar\/?p=29705#primaryimage"},"image":{"@id":"https:\/\/treslineasnoticias.com.ar\/?p=29705#primaryimage"},"thumbnailUrl":"https:\/\/treslineasnoticias.com.ar\/wp-content\/uploads\/2026\/09\/3.jpg","datePublished":"2026-09-01T21:10:00+00:00","dateModified":"2026-09-02T14:10:24+00:00","author":{"@id":"https:\/\/treslineasnoticias.com.ar\/#\/schema\/person\/c5f7249e50517b84c2379b145ca14895"},"breadcrumb":{"@id":"https:\/\/treslineasnoticias.com.ar\/?p=29705#breadcrumb"},"inLanguage":"es","potentialAction":[{"@type":"ReadAction","target":["https:\/\/treslineasnoticias.com.ar\/?p=29705"]}]},{"@type":"ImageObject","inLanguage":"es","@id":"https:\/\/treslineasnoticias.com.ar\/?p=29705#primaryimage","url":"https:\/\/treslineasnoticias.com.ar\/wp-content\/uploads\/2026\/09\/3.jpg","contentUrl":"https:\/\/treslineasnoticias.com.ar\/wp-content\/uploads\/2026\/09\/3.jpg","width":1280,"height":855},{"@type":"BreadcrumbList","@id":"https:\/\/treslineasnoticias.com.ar\/?p=29705#breadcrumb","itemListElement":[{"@type":"ListItem","position":1,"name":"Portada","item":"https:\/\/treslineasnoticias.com.ar\/"},{"@type":"ListItem","position":2,"name":"Mayra, Eva Mieri y el ministro Alonso encabezaron la inauguraci\u00f3n de la nueva comisar\u00eda Quilmes 10\u00aa de Don Bosco"}]},{"@type":"WebSite","@id":"https:\/\/treslineasnoticias.com.ar\/#website","url":"https:\/\/treslineasnoticias.com.ar\/","name":"Tres Lineas Noticias","description":"","potentialAction":[{"@type":"SearchAction","target":{"@type":"EntryPoint","urlTemplate":"https:\/\/treslineasnoticias.com.ar\/?s={search_term_string}"},"query-input":{"@type":"PropertyValueSpecification","valueRequired":true,"valueName":"search_term_string"}}],"inLanguage":"es"},{"@type":"Person","@id":"https:\/\/treslineasnoticias.com.ar\/#\/schema\/person\/c5f7249e50517b84c2379b145ca14895","name":"Horacio L\u00f3pez","image":{"@type":"ImageObject","inLanguage":"es","@id":"https:\/\/treslineasnoticias.com.ar\/wp-content\/litespeed\/avatar\/f5a5e9d378b20cf999cb9a940a8324f3.jpg?ver=1788116984","url":"https:\/\/treslineasnoticias.com.ar\/wp-content\/litespeed\/avatar\/f5a5e9d378b20cf999cb9a940a8324f3.jpg?ver=1788116984","contentUrl":"https:\/\/treslineasnoticias.com.ar\/wp-content\/litespeed\/avatar\/f5a5e9d378b20cf999cb9a940a8324f3.jpg?ver=1788116984","caption":"Horacio L\u00f3pez"},"sameAs":["http:\/\/treslineasnoticias.com.ar"],"url":"https:\/\/treslineasnoticias.com.ar\/?author=3"}]}},"jetpack_featured_media_url":"https:\/\/treslineasnoticias.com.ar\/wp-content\/uploads\/2026\/09\/3.jpg","jetpack_sharing_enabled":true,"_links":{"self":[{"href":"https:\/\/treslineasnoticias.com.ar\/index.php?rest_route=\/wp\/v2\/posts\/29705","targetHints":{"allow":["GET"]}}],"collection":[{"href":"https:\/\/treslineasnoticias.com.ar\/index.php?rest_route=\/wp\/v2\/posts"}],"about":[{"href":"https:\/\/treslineasnoticias.com.ar\/index.php?rest_route=\/wp\/v2\/types\/post"}],"author":[{"embeddable":true,"href":"https:\/\/treslineasnoticias.com.ar\/index.php?rest_route=\/wp\/v2\/users\/3"}],"replies":[{"embeddable":true,"href":"https:\/\/treslineasnoticias.com.ar\/index.php?rest_route=%2Fwp%2Fv2%2Fcomments&post=29705"}],"version-history":[{"count":1,"href":"https:\/\/treslineasnoticias.com.ar\/index.php?rest_route=\/wp\/v2\/posts\/29705\/revisions"}],"predecessor-version":[{"id":29710,"href":"https:\/\/treslineasnoticias.com.ar\/index.php?rest_route=\/wp\/v2\/posts\/29705\/revisions\/29710"}],"wp:featuredmedia":[{"embeddable":true,"href":"https:\/\/treslineasnoticias.com.ar\/index.php?rest_route=\/wp\/v2\/media\/29707"}],"wp:attachment":[{"href":"https:\/\/treslineasnoticias.com.ar\/index.php?rest_route=%2Fwp%2Fv2%2Fmedia&parent=29705"}],"wp:term":[{"taxonomy":"category","embeddable":true,"href":"https:\/\/treslineasnoticias.com.ar\/index.php?rest_route=%2Fwp%2Fv2%2Fcategories&post=29705"},{"taxonomy":"post_tag","embeddable":true,"href":"https:\/\/treslineasnoticias.com.ar\/index.php?rest_route=%2Fwp%2Fv2%2Ftags&post=29705"}],"curies":[{"name":"wp","href":"https:\/\/api.w.org\/{rel}","templated":true}]}}