{"id":29714,"date":"2026-09-01T15:15:00","date_gmt":"2026-09-01T18:15:00","guid":{"rendered":"https:\/\/treslineasnoticias.com.ar\/?p=29714"},"modified":"2026-09-02T11:48:22","modified_gmt":"2026-09-02T14:48:22","slug":"increible-pero-real-ademas-de-no-tener-verguenza","status":"publish","type":"post","link":"https:\/\/treslineasnoticias.com.ar\/?p=29714","title":{"rendered":"Incre\u00edble pero real, adem\u00e1s de no tener verg\u00fcenza"},"content":{"rendered":"\n<p><strong><em>Esc\u00e1ndalo por la privatizaci\u00f3n de Transener, con un reparto de dividendos, los Neuss recuperaron dos tercios de lo pagado. El grupo empresario asumi\u00f3 el control de la transportadora el\u00e9ctrica a fines de agosto. D\u00edas despu\u00e9s, el directorio autoriz\u00f3 un reparto de ganancias obtenidas en ejercicios anteriores.<\/em><\/strong><\/p>\n\n\n\n<p id=\"p-1788214159489-1196\">Un nuevo esc\u00e1ndalo se cierne sobre los\u00a0Neuss,\u00a0empresarios cercanos al ecosistema libertario que gobierna el pa\u00eds. Recientemente se conoci\u00f3 que el grupo ejecut\u00f3 una vieja artima\u00f1a de las\u00a0<strong>privatizaciones argentinas<\/strong>\u00a0al pagar m\u00e1s de dos tercios de la compra de\u00a0Transener\u00a0con fondos que la propia transportadora de energ\u00eda el\u00e9ctrica ten\u00eda en su haber.<\/p>\n\n\n\n<p id=\"p-1788214159489-97179\">El pase desde manos del Estado al conglomerado privado se llev\u00f3 a cabo en mayo cuando Econom\u00eda se desprendi\u00f3 de la participaci\u00f3n que&nbsp;<strong>Energ\u00eda Argentina<\/strong>&nbsp;S.A. (ENARSA) pose\u00eda en&nbsp;<strong>Citelec,<\/strong>&nbsp;controlante de Transener, a cambio de&nbsp;<strong>u$s356,1 millones<\/strong>&nbsp;aportados por Edison Transmisi\u00f3n, del&nbsp;<strong>Grupo Edison<\/strong>&nbsp;que conforman Juan y Patricio Neuss, y&nbsp;<strong>Genneia.<\/strong><\/p>\n\n\n\n<p id=\"p-1788214191379-40643\">D\u00edas atr\u00e1s, m\u00e1s de tres meses despu\u00e9s de adjudicado el concurso p\u00fablico, se consum\u00f3 el traspaso de acciones. Al tomar control de la firma, los flamantes due\u00f1os se anoticiaron del dinero que hab\u00eda registrado en la caja. Y sin demora, en un movimiento interno, ordenaron a trav\u00e9s del nuevo directorio repartir dividendos por $253.535.989.514 en efectivo.<\/p>\n\n\n\n<p><strong>Transener reparti\u00f3 dividendos y los Neuss recuperaron dos tercios de lo pagado<\/strong><\/p>\n\n\n\n<p id=\"p-1788214546651-65833\">En un comunicado del 27 de agosto,\u00a0Transener\u00a0dio detalles sobre la operaci\u00f3n aprobada por el directorio. Inform\u00f3 a la\u00a0<strong>Comisi\u00f3n Nacional de Valores (CNV)\u00a0<\/strong>que se hab\u00eda resuelto ese mismo d\u00eda\u00a0<strong>repartir los $253.536 mil millones mediante la \u00abdesafectaci\u00f3n parcial de la cuenta de reserva destinada al pago de futuros dividendos\u00bb.<\/strong><\/p>\n\n\n\n<p id=\"p-1788214752582-5572\">Horas despu\u00e9s, el 28 de agosto, Genneia comunic\u00f3 tambi\u00e9n a la\u00a0CNV\u00a0que se hab\u00eda\u00a0<strong>\u00abperfeccionado\u00a0la\u00a0transferencia\u00bb<\/strong>\u00a0de la totalidad de la participaci\u00f3n de ENARSA en Citelec en favor de\u00a0<strong>Transmisi\u00f3n El\u00e9ctrica SA,<\/strong>\u00a0la sociedad que integran junto a Edison Transmisi\u00f3n, de los Neuss. La novedad tom\u00f3 estado p\u00fablico en las \u00faltimas horas a trav\u00e9s de una publicaci\u00f3n del sitio La Pol\u00edtica Online.<\/p>\n\n\n<div class=\"wp-block-image\">\n<figure class=\"aligncenter size-full is-resized\"><img loading=\"lazy\" decoding=\"async\" width=\"575\" height=\"323\" src=\"http:\/\/treslineasnoticias.com.ar\/wp-content\/uploads\/2026\/09\/418957_crop_1185_lg.jpeg\" alt=\"\" class=\"wp-image-29717\" style=\"width:618px;height:auto\" srcset=\"https:\/\/treslineasnoticias.com.ar\/wp-content\/uploads\/2026\/09\/418957_crop_1185_lg.jpeg 575w, https:\/\/treslineasnoticias.com.ar\/wp-content\/uploads\/2026\/09\/418957_crop_1185_lg-300x169.jpeg 300w\" sizes=\"auto, (max-width: 575px) 100vw, 575px\" \/><\/figure>\n<\/div>\n\n\n<p id=\"p-1788214834842-44914\">El dinero repartido representa cerca de dos terceras partes de los fondos que&nbsp;<strong>Edison Transmisi\u00f3n,<\/strong>&nbsp;de los Neuss, y su coadjudicataria pagaron al Estado argentino para quedarse con la principal transportadora el\u00e9ctrica del pa\u00eds.<\/p>\n\n\n\n<p id=\"p-1788214888062-68992\">Los fondos que hasta la semana pasada segu\u00edan dentro de Transener correspond\u00edan a una reserva acumulada gracias a las ganancias obtenidas en ejercicios anteriores, de manera que durante el proceso de privatizaci\u00f3n llevado a cabo por el Ministerio que conduce Luis Caputo el Estado, a trav\u00e9s de\u00a0ENARSA,\u00a0ten\u00eda conocimiento del monto registrado en caja.<\/p>\n\n\n\n<p id=\"p-1788214854777-98175\">Seg\u00fan consigna el mencionado sitio, durante la asamblea del 30 de abril\u00a0Transener\u00a0aprob\u00f3 destinar\u00a0<strong>$522.590<\/strong>\u00a0mil millones a una reserva para futuros dividendos. Cuatro meses despu\u00e9s, ya sin el Estado de por medio y con los due\u00f1os,\u00a0<strong>el directorio reparti\u00f3 casi la mitad de dichos fondos<\/strong>\u00a0entre los nuevos accionistas que apenas llevaban horas en el control de la empresa y, por tanto, no hab\u00edan tenido influencia en la generaci\u00f3n de tal ganancia.<\/p>\n\n\n\n<p><strong>La privatizaci\u00f3n de Transener a manos de los Neuss<\/strong><\/p>\n\n\n\n<p id=\"p-1788215021206-13322\">La privatizaci\u00f3n de\u00a0Transener\u00a0\u2013y, en forma indirecta, la privatizaci\u00f3n de ENARSA\u2013 se inscriben en el dise\u00f1o de la pol\u00edtica energ\u00e9tica libertaria, que busca eliminar la participaci\u00f3n del Estado en el sector. Este proceso responde, en parte, a la presi\u00f3n de los grupos empresariales locales y, por otra, a las exigencias del\u00a0<strong>Fondo Monetario Internacional,<\/strong>\u00a0que\u00a0<strong>\u201crecomienda\u201d la privatizaci\u00f3n de empresas p\u00fablicas como parte del objetivo del ajuste fiscal.<\/strong><\/p>\n\n\n\n<p id=\"p-1788215100530-99805\">En ese marco, la transportista es considerada como pieza clave en el sistema el\u00e9ctrico nacional. Es operadora del 85% de la red de transporte de energ\u00eda el\u00e9ctrica en alta tensi\u00f3n y tambi\u00e9n opera l\u00edneas de extra tensi\u00f3n, adem\u00e1s de m\u00e1s de 12.000 kil\u00f3metros de l\u00edneas de 500 kv que atraviesan el pa\u00eds. Los Neuss y Genneia ejercen su control a trav\u00e9s de\u00a0Citelec,\u00a0que posee el\u00a0<strong>52,65%<\/strong>\u00a0de las acciones de\u00a0Transener.<\/p>\n\n\n<div class=\"wp-block-image\">\n<figure class=\"aligncenter size-full is-resized\"><img loading=\"lazy\" decoding=\"async\" width=\"720\" height=\"405\" src=\"http:\/\/treslineasnoticias.com.ar\/wp-content\/uploads\/2026\/09\/transener-1930371.jpg\" alt=\"\" class=\"wp-image-29716\" style=\"width:780px;height:auto\" srcset=\"https:\/\/treslineasnoticias.com.ar\/wp-content\/uploads\/2026\/09\/transener-1930371.jpg 720w, https:\/\/treslineasnoticias.com.ar\/wp-content\/uploads\/2026\/09\/transener-1930371-300x169.jpg 300w\" sizes=\"auto, (max-width: 720px) 100vw, 720px\" \/><\/figure>\n<\/div>\n\n\n<p id=\"p-1788215280281-50134\">Previo a su privatizaci\u00f3n,\u00a0Citelec\u00a0estaba repartida en partes iguales: 50% a ENARSA y el otro 50% a Pampa Energ\u00eda. De manera que el Estado, con la venta de sus acciones, impulsaba su salida, dejando en manos de privados el control total de la firma.<\/p>\n\n\n\n<p id=\"p-1788215657141-85414\">Durante el proceso licitatorio abierto por el gobierno nacional a trav\u00e9s de Econom\u00eda, se presentaron tres ofertas: Edenor ofert\u00f3&nbsp;<strong>u$s230 millones, Central Puerto propuso u$s301 millones y&nbsp;<\/strong><strong>Genneia y Edison Transmisi\u00f3n<\/strong>&nbsp;present\u00f3 la propuesta m\u00e1s alta por&nbsp;<strong>u$s356.174.811,78<\/strong>.<\/p>\n\n\n\n<p id=\"p-1788215788608-46923\">Pero al momento de la apertura electr\u00f3nica de los sobres, se vislumbraron inconvenientes que generaron sospechas: inicialmente aparecieron como ganadoras las ofertas de\u00a0Central Puerto\u00a0y\u00a0Edenor,\u00a0en tanto que la de\u00a0Genneia\u00a0y\u00a0Edison\u00a0no se visualizaba. Tal es as\u00ed que estos dos \u00faltimos pudieron conocer de antemano el precio ofertado por sus rivales. Cuando fue subsanado el inconvenientes, la propuesta de los Neuss apareci\u00f3 como ganadora.<\/p>\n\n\n\n<p id=\"p-1788215870445-73917\">Los funcionarios a cargo del proceso adujeron<strong>&nbsp;\u00abproblemas en el sistema\u00bb<\/strong>. Asimismo, la Comisi\u00f3n Evaluadora encargada del concurso analiz\u00f3 la documentaci\u00f3n presentada por los oferentes y verific\u00f3 el cumplimiento de todos los requisitos exigidos. Durante esta etapa, se solicitaron subsanaciones formales que fueron respondidas en tiempo y forma por las empresas. Y los oferentes no presentaron impugnaciones.<\/p>\n\n\n\n<figure class=\"wp-block-image size-large\"><img loading=\"lazy\" decoding=\"async\" width=\"1024\" height=\"576\" src=\"http:\/\/treslineasnoticias.com.ar\/wp-content\/uploads\/2026\/09\/transener-jpg-1024x576.jpg\" alt=\"\" class=\"wp-image-29715\" srcset=\"https:\/\/treslineasnoticias.com.ar\/wp-content\/uploads\/2026\/09\/transener-jpg-1024x576.jpg 1024w, https:\/\/treslineasnoticias.com.ar\/wp-content\/uploads\/2026\/09\/transener-jpg-300x169.jpg 300w, https:\/\/treslineasnoticias.com.ar\/wp-content\/uploads\/2026\/09\/transener-jpg-768x432.jpg 768w, https:\/\/treslineasnoticias.com.ar\/wp-content\/uploads\/2026\/09\/transener-jpg.jpg 1280w\" sizes=\"auto, (max-width: 1024px) 100vw, 1024px\" \/><\/figure>\n\n\n\n<p id=\"p-1788215988948-62023\">El reparto de dividendos reabri\u00f3 la discusi\u00f3n sobre el precio al que se privatiz\u00f3 la empresa. En el mercado estimaban un precio mayor debido a que era -y a\u00fan sigue siendo- un activo estrat\u00e9gico que, a la vista est\u00e1, registraba ganancias, un dato que contradice la postura libertaria de desprenderse de las empresas estatales por su ineficiencia y que, en el fondo, genera un marco de dudas sobre los motivos de la venta, uno de ellos, el de abrirle la puerta a los negocios a grupos empresarios amigos.<\/p>\n\n\n\n<p id=\"p-1788216620760-52750\">De todas maneras, pese a la venta de su participaci\u00f3n en\u00a0Citelec,\u00a0el Estado a\u00fan se mantiene dentro de\u00a0Transener.\u00a0No sali\u00f3 completamente ya que posee\u00a0<strong>87.043.370<\/strong>\u00a0acciones Clase B mediante el Fondo de Garant\u00eda de Sustentabilidad de la\u00a0ANSES.<\/p>\n\n\n\n<p id=\"p-1777387076642-40720\">M\u00e1s que la irrupci\u00f3n de nuevos actores, la licitaci\u00f3n refleja una&nbsp;<strong>reconfiguraci\u00f3n del poder dentro del sector energ\u00e9tico local<\/strong>. Los tres oferentes tienen fuerte presencia en distintos segmentos de la cadena: generaci\u00f3n, distribuci\u00f3n e incluso hidrocarburos.<\/p>\n\n\n\n<p id=\"p-1777387076642-41034\">Por un lado, el consorcio liderado por\u00a0Genneia\u00a0-presidida por\u00a0<strong>Jorge Brito<\/strong>, del Grupo Macro- se asoci\u00f3 con\u00a0Edison Energ\u00eda, un holding impulsado por los\u00a0hermanos Neuss\u00a0junto al\u00a0<strong>grupo Newsan<\/strong>, que en poco tiempo avanz\u00f3 sobre distintos negocios el\u00e9ctricos, incluida la reciente adjudicaci\u00f3n de la hidroel\u00e9ctrica Alicur\u00e1.<\/p>\n","protected":false},"excerpt":{"rendered":"<p>Esc\u00e1ndalo por la privatizaci\u00f3n de Transener, con un reparto de dividendos, los Neuss recuperaron dos tercios de lo pagado. El grupo empresario asumi\u00f3 el control de la transportadora el\u00e9ctrica a fines de agosto. D\u00edas despu\u00e9s, el directorio autoriz\u00f3 un reparto de ganancias obtenidas en ejercicios anteriores. Un nuevo esc\u00e1ndalo se cierne sobre los\u00a0Neuss,\u00a0empresarios cercanos al [&hellip;]<\/p>\n","protected":false},"author":3,"featured_media":29718,"comment_status":"open","ping_status":"open","sticky":false,"template":"","format":"standard","meta":{"_jetpack_memberships_contains_paid_content":false,"footnotes":""},"categories":[9],"tags":[],"class_list":["post-29714","post","type-post","status-publish","format-standard","has-post-thumbnail","hentry","category-nacionales"],"yoast_head":"<!-- This site is optimized with the Yoast SEO plugin v27.5 - https:\/\/yoast.com\/product\/yoast-seo-wordpress\/ -->\n<title>Incre\u00edble pero real, adem\u00e1s de no tener verg\u00fcenza - Tres Lineas Noticias<\/title>\n<meta name=\"robots\" content=\"index, follow, max-snippet:-1, max-image-preview:large, max-video-preview:-1\" \/>\n<link rel=\"canonical\" href=\"https:\/\/treslineasnoticias.com.ar\/?p=29714\" \/>\n<meta property=\"og:locale\" content=\"es_ES\" \/>\n<meta property=\"og:type\" content=\"article\" \/>\n<meta property=\"og:title\" content=\"Incre\u00edble pero real, adem\u00e1s de no tener verg\u00fcenza - Tres Lineas Noticias\" \/>\n<meta property=\"og:description\" content=\"Esc\u00e1ndalo por la privatizaci\u00f3n de Transener, con un reparto de dividendos, los Neuss recuperaron dos tercios de lo pagado. El grupo empresario asumi\u00f3 el control de la transportadora el\u00e9ctrica a fines de agosto. D\u00edas despu\u00e9s, el directorio autoriz\u00f3 un reparto de ganancias obtenidas en ejercicios anteriores. Un nuevo esc\u00e1ndalo se cierne sobre los\u00a0Neuss,\u00a0empresarios cercanos al [&hellip;]\" \/>\n<meta property=\"og:url\" content=\"https:\/\/treslineasnoticias.com.ar\/?p=29714\" \/>\n<meta property=\"og:site_name\" content=\"Tres Lineas Noticias\" \/>\n<meta property=\"article:published_time\" content=\"2026-09-01T18:15:00+00:00\" \/>\n<meta property=\"article:modified_time\" content=\"2026-09-02T14:48:22+00:00\" \/>\n<meta property=\"og:image\" content=\"http:\/\/treslineasnoticias.com.ar\/wp-content\/uploads\/2026\/09\/67ea6c716a2c0-1068x601-1.png\" \/>\n\t<meta property=\"og:image:width\" content=\"1068\" \/>\n\t<meta property=\"og:image:height\" content=\"601\" \/>\n\t<meta property=\"og:image:type\" content=\"image\/png\" \/>\n<meta name=\"author\" content=\"Horacio L\u00f3pez\" \/>\n<meta name=\"twitter:card\" content=\"summary_large_image\" \/>\n<meta name=\"twitter:label1\" content=\"Escrito por\" \/>\n\t<meta name=\"twitter:data1\" content=\"Horacio L\u00f3pez\" \/>\n\t<meta name=\"twitter:label2\" content=\"Tiempo de lectura\" \/>\n\t<meta name=\"twitter:data2\" content=\"6 minutos\" \/>\n<script type=\"application\/ld+json\" class=\"yoast-schema-graph\">{\"@context\":\"https:\\\/\\\/schema.org\",\"@graph\":[{\"@type\":\"Article\",\"@id\":\"https:\\\/\\\/treslineasnoticias.com.ar\\\/?p=29714#article\",\"isPartOf\":{\"@id\":\"https:\\\/\\\/treslineasnoticias.com.ar\\\/?p=29714\"},\"author\":{\"name\":\"Horacio L\u00f3pez\",\"@id\":\"https:\\\/\\\/treslineasnoticias.com.ar\\\/#\\\/schema\\\/person\\\/c5f7249e50517b84c2379b145ca14895\"},\"headline\":\"Incre\u00edble pero real, adem\u00e1s de no tener verg\u00fcenza\",\"datePublished\":\"2026-09-01T18:15:00+00:00\",\"dateModified\":\"2026-09-02T14:48:22+00:00\",\"mainEntityOfPage\":{\"@id\":\"https:\\\/\\\/treslineasnoticias.com.ar\\\/?p=29714\"},\"wordCount\":1194,\"commentCount\":0,\"image\":{\"@id\":\"https:\\\/\\\/treslineasnoticias.com.ar\\\/?p=29714#primaryimage\"},\"thumbnailUrl\":\"https:\\\/\\\/treslineasnoticias.com.ar\\\/wp-content\\\/uploads\\\/2026\\\/09\\\/67ea6c716a2c0-1068x601-1.png\",\"articleSection\":[\"Nacionales\"],\"inLanguage\":\"es\",\"potentialAction\":[{\"@type\":\"CommentAction\",\"name\":\"Comment\",\"target\":[\"https:\\\/\\\/treslineasnoticias.com.ar\\\/?p=29714#respond\"]}]},{\"@type\":\"WebPage\",\"@id\":\"https:\\\/\\\/treslineasnoticias.com.ar\\\/?p=29714\",\"url\":\"https:\\\/\\\/treslineasnoticias.com.ar\\\/?p=29714\",\"name\":\"Incre\u00edble pero real, adem\u00e1s de no tener verg\u00fcenza - Tres Lineas Noticias\",\"isPartOf\":{\"@id\":\"https:\\\/\\\/treslineasnoticias.com.ar\\\/#website\"},\"primaryImageOfPage\":{\"@id\":\"https:\\\/\\\/treslineasnoticias.com.ar\\\/?p=29714#primaryimage\"},\"image\":{\"@id\":\"https:\\\/\\\/treslineasnoticias.com.ar\\\/?p=29714#primaryimage\"},\"thumbnailUrl\":\"https:\\\/\\\/treslineasnoticias.com.ar\\\/wp-content\\\/uploads\\\/2026\\\/09\\\/67ea6c716a2c0-1068x601-1.png\",\"datePublished\":\"2026-09-01T18:15:00+00:00\",\"dateModified\":\"2026-09-02T14:48:22+00:00\",\"author\":{\"@id\":\"https:\\\/\\\/treslineasnoticias.com.ar\\\/#\\\/schema\\\/person\\\/c5f7249e50517b84c2379b145ca14895\"},\"breadcrumb\":{\"@id\":\"https:\\\/\\\/treslineasnoticias.com.ar\\\/?p=29714#breadcrumb\"},\"inLanguage\":\"es\",\"potentialAction\":[{\"@type\":\"ReadAction\",\"target\":[\"https:\\\/\\\/treslineasnoticias.com.ar\\\/?p=29714\"]}]},{\"@type\":\"ImageObject\",\"inLanguage\":\"es\",\"@id\":\"https:\\\/\\\/treslineasnoticias.com.ar\\\/?p=29714#primaryimage\",\"url\":\"https:\\\/\\\/treslineasnoticias.com.ar\\\/wp-content\\\/uploads\\\/2026\\\/09\\\/67ea6c716a2c0-1068x601-1.png\",\"contentUrl\":\"https:\\\/\\\/treslineasnoticias.com.ar\\\/wp-content\\\/uploads\\\/2026\\\/09\\\/67ea6c716a2c0-1068x601-1.png\",\"width\":1068,\"height\":601},{\"@type\":\"BreadcrumbList\",\"@id\":\"https:\\\/\\\/treslineasnoticias.com.ar\\\/?p=29714#breadcrumb\",\"itemListElement\":[{\"@type\":\"ListItem\",\"position\":1,\"name\":\"Portada\",\"item\":\"https:\\\/\\\/treslineasnoticias.com.ar\\\/\"},{\"@type\":\"ListItem\",\"position\":2,\"name\":\"Incre\u00edble pero real, adem\u00e1s de no tener verg\u00fcenza\"}]},{\"@type\":\"WebSite\",\"@id\":\"https:\\\/\\\/treslineasnoticias.com.ar\\\/#website\",\"url\":\"https:\\\/\\\/treslineasnoticias.com.ar\\\/\",\"name\":\"Tres Lineas Noticias\",\"description\":\"\",\"potentialAction\":[{\"@type\":\"SearchAction\",\"target\":{\"@type\":\"EntryPoint\",\"urlTemplate\":\"https:\\\/\\\/treslineasnoticias.com.ar\\\/?s={search_term_string}\"},\"query-input\":{\"@type\":\"PropertyValueSpecification\",\"valueRequired\":true,\"valueName\":\"search_term_string\"}}],\"inLanguage\":\"es\"},{\"@type\":\"Person\",\"@id\":\"https:\\\/\\\/treslineasnoticias.com.ar\\\/#\\\/schema\\\/person\\\/c5f7249e50517b84c2379b145ca14895\",\"name\":\"Horacio L\u00f3pez\",\"image\":{\"@type\":\"ImageObject\",\"inLanguage\":\"es\",\"@id\":\"https:\\\/\\\/treslineasnoticias.com.ar\\\/wp-content\\\/litespeed\\\/avatar\\\/f5a5e9d378b20cf999cb9a940a8324f3.jpg?ver=1788116984\",\"url\":\"https:\\\/\\\/treslineasnoticias.com.ar\\\/wp-content\\\/litespeed\\\/avatar\\\/f5a5e9d378b20cf999cb9a940a8324f3.jpg?ver=1788116984\",\"contentUrl\":\"https:\\\/\\\/treslineasnoticias.com.ar\\\/wp-content\\\/litespeed\\\/avatar\\\/f5a5e9d378b20cf999cb9a940a8324f3.jpg?ver=1788116984\",\"caption\":\"Horacio L\u00f3pez\"},\"sameAs\":[\"http:\\\/\\\/treslineasnoticias.com.ar\"],\"url\":\"https:\\\/\\\/treslineasnoticias.com.ar\\\/?author=3\"}]}<\/script>\n<!-- \/ Yoast SEO plugin. -->","yoast_head_json":{"title":"Incre\u00edble pero real, adem\u00e1s de no tener verg\u00fcenza - Tres Lineas Noticias","robots":{"index":"index","follow":"follow","max-snippet":"max-snippet:-1","max-image-preview":"max-image-preview:large","max-video-preview":"max-video-preview:-1"},"canonical":"https:\/\/treslineasnoticias.com.ar\/?p=29714","og_locale":"es_ES","og_type":"article","og_title":"Incre\u00edble pero real, adem\u00e1s de no tener verg\u00fcenza - Tres Lineas Noticias","og_description":"Esc\u00e1ndalo por la privatizaci\u00f3n de Transener, con un reparto de dividendos, los Neuss recuperaron dos tercios de lo pagado. El grupo empresario asumi\u00f3 el control de la transportadora el\u00e9ctrica a fines de agosto. D\u00edas despu\u00e9s, el directorio autoriz\u00f3 un reparto de ganancias obtenidas en ejercicios anteriores. Un nuevo esc\u00e1ndalo se cierne sobre los\u00a0Neuss,\u00a0empresarios cercanos al [&hellip;]","og_url":"https:\/\/treslineasnoticias.com.ar\/?p=29714","og_site_name":"Tres Lineas Noticias","article_published_time":"2026-09-01T18:15:00+00:00","article_modified_time":"2026-09-02T14:48:22+00:00","og_image":[{"width":1068,"height":601,"url":"http:\/\/treslineasnoticias.com.ar\/wp-content\/uploads\/2026\/09\/67ea6c716a2c0-1068x601-1.png","type":"image\/png"}],"author":"Horacio L\u00f3pez","twitter_card":"summary_large_image","twitter_misc":{"Escrito por":"Horacio L\u00f3pez","Tiempo de lectura":"6 minutos"},"schema":{"@context":"https:\/\/schema.org","@graph":[{"@type":"Article","@id":"https:\/\/treslineasnoticias.com.ar\/?p=29714#article","isPartOf":{"@id":"https:\/\/treslineasnoticias.com.ar\/?p=29714"},"author":{"name":"Horacio L\u00f3pez","@id":"https:\/\/treslineasnoticias.com.ar\/#\/schema\/person\/c5f7249e50517b84c2379b145ca14895"},"headline":"Incre\u00edble pero real, adem\u00e1s de no tener verg\u00fcenza","datePublished":"2026-09-01T18:15:00+00:00","dateModified":"2026-09-02T14:48:22+00:00","mainEntityOfPage":{"@id":"https:\/\/treslineasnoticias.com.ar\/?p=29714"},"wordCount":1194,"commentCount":0,"image":{"@id":"https:\/\/treslineasnoticias.com.ar\/?p=29714#primaryimage"},"thumbnailUrl":"https:\/\/treslineasnoticias.com.ar\/wp-content\/uploads\/2026\/09\/67ea6c716a2c0-1068x601-1.png","articleSection":["Nacionales"],"inLanguage":"es","potentialAction":[{"@type":"CommentAction","name":"Comment","target":["https:\/\/treslineasnoticias.com.ar\/?p=29714#respond"]}]},{"@type":"WebPage","@id":"https:\/\/treslineasnoticias.com.ar\/?p=29714","url":"https:\/\/treslineasnoticias.com.ar\/?p=29714","name":"Incre\u00edble pero real, adem\u00e1s de no tener verg\u00fcenza - Tres Lineas Noticias","isPartOf":{"@id":"https:\/\/treslineasnoticias.com.ar\/#website"},"primaryImageOfPage":{"@id":"https:\/\/treslineasnoticias.com.ar\/?p=29714#primaryimage"},"image":{"@id":"https:\/\/treslineasnoticias.com.ar\/?p=29714#primaryimage"},"thumbnailUrl":"https:\/\/treslineasnoticias.com.ar\/wp-content\/uploads\/2026\/09\/67ea6c716a2c0-1068x601-1.png","datePublished":"2026-09-01T18:15:00+00:00","dateModified":"2026-09-02T14:48:22+00:00","author":{"@id":"https:\/\/treslineasnoticias.com.ar\/#\/schema\/person\/c5f7249e50517b84c2379b145ca14895"},"breadcrumb":{"@id":"https:\/\/treslineasnoticias.com.ar\/?p=29714#breadcrumb"},"inLanguage":"es","potentialAction":[{"@type":"ReadAction","target":["https:\/\/treslineasnoticias.com.ar\/?p=29714"]}]},{"@type":"ImageObject","inLanguage":"es","@id":"https:\/\/treslineasnoticias.com.ar\/?p=29714#primaryimage","url":"https:\/\/treslineasnoticias.com.ar\/wp-content\/uploads\/2026\/09\/67ea6c716a2c0-1068x601-1.png","contentUrl":"https:\/\/treslineasnoticias.com.ar\/wp-content\/uploads\/2026\/09\/67ea6c716a2c0-1068x601-1.png","width":1068,"height":601},{"@type":"BreadcrumbList","@id":"https:\/\/treslineasnoticias.com.ar\/?p=29714#breadcrumb","itemListElement":[{"@type":"ListItem","position":1,"name":"Portada","item":"https:\/\/treslineasnoticias.com.ar\/"},{"@type":"ListItem","position":2,"name":"Incre\u00edble pero real, adem\u00e1s de no tener verg\u00fcenza"}]},{"@type":"WebSite","@id":"https:\/\/treslineasnoticias.com.ar\/#website","url":"https:\/\/treslineasnoticias.com.ar\/","name":"Tres Lineas Noticias","description":"","potentialAction":[{"@type":"SearchAction","target":{"@type":"EntryPoint","urlTemplate":"https:\/\/treslineasnoticias.com.ar\/?s={search_term_string}"},"query-input":{"@type":"PropertyValueSpecification","valueRequired":true,"valueName":"search_term_string"}}],"inLanguage":"es"},{"@type":"Person","@id":"https:\/\/treslineasnoticias.com.ar\/#\/schema\/person\/c5f7249e50517b84c2379b145ca14895","name":"Horacio L\u00f3pez","image":{"@type":"ImageObject","inLanguage":"es","@id":"https:\/\/treslineasnoticias.com.ar\/wp-content\/litespeed\/avatar\/f5a5e9d378b20cf999cb9a940a8324f3.jpg?ver=1788116984","url":"https:\/\/treslineasnoticias.com.ar\/wp-content\/litespeed\/avatar\/f5a5e9d378b20cf999cb9a940a8324f3.jpg?ver=1788116984","contentUrl":"https:\/\/treslineasnoticias.com.ar\/wp-content\/litespeed\/avatar\/f5a5e9d378b20cf999cb9a940a8324f3.jpg?ver=1788116984","caption":"Horacio L\u00f3pez"},"sameAs":["http:\/\/treslineasnoticias.com.ar"],"url":"https:\/\/treslineasnoticias.com.ar\/?author=3"}]}},"jetpack_featured_media_url":"https:\/\/treslineasnoticias.com.ar\/wp-content\/uploads\/2026\/09\/67ea6c716a2c0-1068x601-1.png","jetpack_sharing_enabled":true,"_links":{"self":[{"href":"https:\/\/treslineasnoticias.com.ar\/index.php?rest_route=\/wp\/v2\/posts\/29714","targetHints":{"allow":["GET"]}}],"collection":[{"href":"https:\/\/treslineasnoticias.com.ar\/index.php?rest_route=\/wp\/v2\/posts"}],"about":[{"href":"https:\/\/treslineasnoticias.com.ar\/index.php?rest_route=\/wp\/v2\/types\/post"}],"author":[{"embeddable":true,"href":"https:\/\/treslineasnoticias.com.ar\/index.php?rest_route=\/wp\/v2\/users\/3"}],"replies":[{"embeddable":true,"href":"https:\/\/treslineasnoticias.com.ar\/index.php?rest_route=%2Fwp%2Fv2%2Fcomments&post=29714"}],"version-history":[{"count":1,"href":"https:\/\/treslineasnoticias.com.ar\/index.php?rest_route=\/wp\/v2\/posts\/29714\/revisions"}],"predecessor-version":[{"id":29719,"href":"https:\/\/treslineasnoticias.com.ar\/index.php?rest_route=\/wp\/v2\/posts\/29714\/revisions\/29719"}],"wp:featuredmedia":[{"embeddable":true,"href":"https:\/\/treslineasnoticias.com.ar\/index.php?rest_route=\/wp\/v2\/media\/29718"}],"wp:attachment":[{"href":"https:\/\/treslineasnoticias.com.ar\/index.php?rest_route=%2Fwp%2Fv2%2Fmedia&parent=29714"}],"wp:term":[{"taxonomy":"category","embeddable":true,"href":"https:\/\/treslineasnoticias.com.ar\/index.php?rest_route=%2Fwp%2Fv2%2Fcategories&post=29714"},{"taxonomy":"post_tag","embeddable":true,"href":"https:\/\/treslineasnoticias.com.ar\/index.php?rest_route=%2Fwp%2Fv2%2Ftags&post=29714"}],"curies":[{"name":"wp","href":"https:\/\/api.w.org\/{rel}","templated":true}]}}