{"id":29720,"date":"2026-09-02T12:05:00","date_gmt":"2026-09-02T15:05:00","guid":{"rendered":"https:\/\/treslineasnoticias.com.ar\/?p=29720"},"modified":"2026-09-02T14:07:03","modified_gmt":"2026-09-02T17:07:03","slug":"dia-de-la-industria-en-avellaneda-record-de-inscriptos-para-la-ronda-de-negocios","status":"publish","type":"post","link":"https:\/\/treslineasnoticias.com.ar\/?p=29720","title":{"rendered":"D\u00eda de la Industria en Avellaneda: r\u00e9cord de inscriptos para la Ronda de Negocios"},"content":{"rendered":"\n<p><strong><em>Este evento multisectorial se desarrollar\u00e1 el jueves 3 de septiembre en el Parque Municipal Multiprop\u00f3sito \u201cLa Estaci\u00f3n\u201d, en\u00a0Gral. G\u00fcemes 700.<\/em><\/strong><\/p>\n\n\n\n<p>En el marco del D\u00eda de la Industria, la ciudad de Avellaneda ser\u00e1 sede de una nueva Ronda de Negocios, una herramienta que tiene como finalidad generar oportunidades comerciales y fortalecer los v\u00ednculos de las diferentes empresas.<\/p>\n\n\n\n<p>Organizada por el Municipio de Avellaneda, en articulaci\u00f3n con el Ministerio de Producci\u00f3n de la Provincia de Buenos Aires y el Consorcio de Gesti\u00f3n del Puerto de Dock Sud, la jornada multisectorial tendr\u00e1 lugar ma\u00f1ana en el Parque La Estaci\u00f3n y reunir\u00e1 a m\u00e1s de 300 empresas de la ciudad para dar a conocer su producci\u00f3n, intercambiar experiencias y generar oportunidades de negocios para todos ellos. Adem\u00e1s, est\u00e1 confirmada la presencia de once misiones diplom\u00e1ticas, nueve c\u00e1maras bilaterales, cinco bancos comerciales, y cinco academias y organismos.<\/p>\n\n\n\n<p>En la edici\u00f3n 2026, Avellaneda presenta un r\u00e9cord de inscriptos para ser parte de este evento que, desde 2022, ya convoc\u00f3 a 25.000 pymes, grandes empresas, emprendimientos y cooperativas bonaerenses; haciendo posible la realizaci\u00f3n de m\u00e1s de 94.000 entrevistas de negocios.<\/p>\n\n\n\n<p>Las Rondas de Negocios son una pol\u00edtica p\u00fablica de la cartera productiva provincial para que las empresas locales obtengan nuevos proyectos, concreten ventas, generen oportunidades comerciales y fortalezcan los v\u00ednculos de las diferentes empresas. En estas jornadas se busca posibilitar el intercambio entre las empresas participantes, iniciar contactos comerciales y\/o institucionales e incentivar la creaci\u00f3n de un escenario propicio para la concreci\u00f3n de negocios, representaciones y todo aquello que impulse la competitividad.<\/p>\n","protected":false},"excerpt":{"rendered":"<p>Este evento multisectorial se desarrollar\u00e1 el jueves 3 de septiembre en el Parque Municipal Multiprop\u00f3sito \u201cLa Estaci\u00f3n\u201d, en\u00a0Gral. G\u00fcemes 700. En el marco del D\u00eda de la Industria, la ciudad de Avellaneda ser\u00e1 sede de una nueva Ronda de Negocios, una herramienta que tiene como finalidad generar oportunidades comerciales y fortalecer los v\u00ednculos de las [&hellip;]<\/p>\n","protected":false},"author":3,"featured_media":29722,"comment_status":"open","ping_status":"open","sticky":false,"template":"","format":"standard","meta":{"_jetpack_memberships_contains_paid_content":false,"footnotes":""},"categories":[7],"tags":[],"class_list":["post-29720","post","type-post","status-publish","format-standard","has-post-thumbnail","hentry","category-avellaneda"],"yoast_head":"<!-- This site is optimized with the Yoast SEO plugin v27.5 - https:\/\/yoast.com\/product\/yoast-seo-wordpress\/ -->\n<title>D\u00eda de la Industria en Avellaneda: r\u00e9cord de inscriptos para la Ronda de Negocios - Tres Lineas Noticias<\/title>\n<meta name=\"robots\" content=\"index, follow, max-snippet:-1, max-image-preview:large, max-video-preview:-1\" \/>\n<link rel=\"canonical\" href=\"https:\/\/treslineasnoticias.com.ar\/?p=29720\" \/>\n<meta property=\"og:locale\" content=\"es_ES\" \/>\n<meta property=\"og:type\" content=\"article\" \/>\n<meta property=\"og:title\" content=\"D\u00eda de la Industria en Avellaneda: r\u00e9cord de inscriptos para la Ronda de Negocios - Tres Lineas Noticias\" \/>\n<meta property=\"og:description\" content=\"Este evento multisectorial se desarrollar\u00e1 el jueves 3 de septiembre en el Parque Municipal Multiprop\u00f3sito \u201cLa Estaci\u00f3n\u201d, en\u00a0Gral. G\u00fcemes 700. En el marco del D\u00eda de la Industria, la ciudad de Avellaneda ser\u00e1 sede de una nueva Ronda de Negocios, una herramienta que tiene como finalidad generar oportunidades comerciales y fortalecer los v\u00ednculos de las [&hellip;]\" \/>\n<meta property=\"og:url\" content=\"https:\/\/treslineasnoticias.com.ar\/?p=29720\" \/>\n<meta property=\"og:site_name\" content=\"Tres Lineas Noticias\" \/>\n<meta property=\"article:published_time\" content=\"2026-09-02T15:05:00+00:00\" \/>\n<meta property=\"article:modified_time\" content=\"2026-09-02T17:07:03+00:00\" \/>\n<meta property=\"og:image\" content=\"http:\/\/treslineasnoticias.com.ar\/wp-content\/uploads\/2026\/09\/rondas.jpg\" \/>\n\t<meta property=\"og:image:width\" content=\"600\" \/>\n\t<meta property=\"og:image:height\" content=\"700\" \/>\n\t<meta property=\"og:image:type\" content=\"image\/jpeg\" \/>\n<meta name=\"author\" content=\"Horacio L\u00f3pez\" \/>\n<meta name=\"twitter:card\" content=\"summary_large_image\" \/>\n<meta name=\"twitter:label1\" content=\"Escrito por\" \/>\n\t<meta name=\"twitter:data1\" content=\"Horacio L\u00f3pez\" \/>\n\t<meta name=\"twitter:label2\" content=\"Tiempo de lectura\" \/>\n\t<meta name=\"twitter:data2\" content=\"2 minutos\" \/>\n<script type=\"application\/ld+json\" class=\"yoast-schema-graph\">{\"@context\":\"https:\\\/\\\/schema.org\",\"@graph\":[{\"@type\":\"Article\",\"@id\":\"https:\\\/\\\/treslineasnoticias.com.ar\\\/?p=29720#article\",\"isPartOf\":{\"@id\":\"https:\\\/\\\/treslineasnoticias.com.ar\\\/?p=29720\"},\"author\":{\"name\":\"Horacio L\u00f3pez\",\"@id\":\"https:\\\/\\\/treslineasnoticias.com.ar\\\/#\\\/schema\\\/person\\\/c5f7249e50517b84c2379b145ca14895\"},\"headline\":\"D\u00eda de la Industria en Avellaneda: r\u00e9cord de inscriptos para la Ronda de Negocios\",\"datePublished\":\"2026-09-02T15:05:00+00:00\",\"dateModified\":\"2026-09-02T17:07:03+00:00\",\"mainEntityOfPage\":{\"@id\":\"https:\\\/\\\/treslineasnoticias.com.ar\\\/?p=29720\"},\"wordCount\":291,\"commentCount\":0,\"image\":{\"@id\":\"https:\\\/\\\/treslineasnoticias.com.ar\\\/?p=29720#primaryimage\"},\"thumbnailUrl\":\"https:\\\/\\\/treslineasnoticias.com.ar\\\/wp-content\\\/uploads\\\/2026\\\/09\\\/rondas.jpg\",\"articleSection\":[\"Avellaneda\"],\"inLanguage\":\"es\",\"potentialAction\":[{\"@type\":\"CommentAction\",\"name\":\"Comment\",\"target\":[\"https:\\\/\\\/treslineasnoticias.com.ar\\\/?p=29720#respond\"]}]},{\"@type\":\"WebPage\",\"@id\":\"https:\\\/\\\/treslineasnoticias.com.ar\\\/?p=29720\",\"url\":\"https:\\\/\\\/treslineasnoticias.com.ar\\\/?p=29720\",\"name\":\"D\u00eda de la Industria en Avellaneda: r\u00e9cord de inscriptos para la Ronda de Negocios - Tres Lineas Noticias\",\"isPartOf\":{\"@id\":\"https:\\\/\\\/treslineasnoticias.com.ar\\\/#website\"},\"primaryImageOfPage\":{\"@id\":\"https:\\\/\\\/treslineasnoticias.com.ar\\\/?p=29720#primaryimage\"},\"image\":{\"@id\":\"https:\\\/\\\/treslineasnoticias.com.ar\\\/?p=29720#primaryimage\"},\"thumbnailUrl\":\"https:\\\/\\\/treslineasnoticias.com.ar\\\/wp-content\\\/uploads\\\/2026\\\/09\\\/rondas.jpg\",\"datePublished\":\"2026-09-02T15:05:00+00:00\",\"dateModified\":\"2026-09-02T17:07:03+00:00\",\"author\":{\"@id\":\"https:\\\/\\\/treslineasnoticias.com.ar\\\/#\\\/schema\\\/person\\\/c5f7249e50517b84c2379b145ca14895\"},\"breadcrumb\":{\"@id\":\"https:\\\/\\\/treslineasnoticias.com.ar\\\/?p=29720#breadcrumb\"},\"inLanguage\":\"es\",\"potentialAction\":[{\"@type\":\"ReadAction\",\"target\":[\"https:\\\/\\\/treslineasnoticias.com.ar\\\/?p=29720\"]}]},{\"@type\":\"ImageObject\",\"inLanguage\":\"es\",\"@id\":\"https:\\\/\\\/treslineasnoticias.com.ar\\\/?p=29720#primaryimage\",\"url\":\"https:\\\/\\\/treslineasnoticias.com.ar\\\/wp-content\\\/uploads\\\/2026\\\/09\\\/rondas.jpg\",\"contentUrl\":\"https:\\\/\\\/treslineasnoticias.com.ar\\\/wp-content\\\/uploads\\\/2026\\\/09\\\/rondas.jpg\",\"width\":600,\"height\":700},{\"@type\":\"BreadcrumbList\",\"@id\":\"https:\\\/\\\/treslineasnoticias.com.ar\\\/?p=29720#breadcrumb\",\"itemListElement\":[{\"@type\":\"ListItem\",\"position\":1,\"name\":\"Portada\",\"item\":\"https:\\\/\\\/treslineasnoticias.com.ar\\\/\"},{\"@type\":\"ListItem\",\"position\":2,\"name\":\"D\u00eda de la Industria en Avellaneda: r\u00e9cord de inscriptos para la Ronda de Negocios\"}]},{\"@type\":\"WebSite\",\"@id\":\"https:\\\/\\\/treslineasnoticias.com.ar\\\/#website\",\"url\":\"https:\\\/\\\/treslineasnoticias.com.ar\\\/\",\"name\":\"Tres Lineas Noticias\",\"description\":\"\",\"potentialAction\":[{\"@type\":\"SearchAction\",\"target\":{\"@type\":\"EntryPoint\",\"urlTemplate\":\"https:\\\/\\\/treslineasnoticias.com.ar\\\/?s={search_term_string}\"},\"query-input\":{\"@type\":\"PropertyValueSpecification\",\"valueRequired\":true,\"valueName\":\"search_term_string\"}}],\"inLanguage\":\"es\"},{\"@type\":\"Person\",\"@id\":\"https:\\\/\\\/treslineasnoticias.com.ar\\\/#\\\/schema\\\/person\\\/c5f7249e50517b84c2379b145ca14895\",\"name\":\"Horacio L\u00f3pez\",\"image\":{\"@type\":\"ImageObject\",\"inLanguage\":\"es\",\"@id\":\"https:\\\/\\\/treslineasnoticias.com.ar\\\/wp-content\\\/litespeed\\\/avatar\\\/f5a5e9d378b20cf999cb9a940a8324f3.jpg?ver=1788116984\",\"url\":\"https:\\\/\\\/treslineasnoticias.com.ar\\\/wp-content\\\/litespeed\\\/avatar\\\/f5a5e9d378b20cf999cb9a940a8324f3.jpg?ver=1788116984\",\"contentUrl\":\"https:\\\/\\\/treslineasnoticias.com.ar\\\/wp-content\\\/litespeed\\\/avatar\\\/f5a5e9d378b20cf999cb9a940a8324f3.jpg?ver=1788116984\",\"caption\":\"Horacio L\u00f3pez\"},\"sameAs\":[\"http:\\\/\\\/treslineasnoticias.com.ar\"],\"url\":\"https:\\\/\\\/treslineasnoticias.com.ar\\\/?author=3\"}]}<\/script>\n<!-- \/ Yoast SEO plugin. -->","yoast_head_json":{"title":"D\u00eda de la Industria en Avellaneda: r\u00e9cord de inscriptos para la Ronda de Negocios - Tres Lineas Noticias","robots":{"index":"index","follow":"follow","max-snippet":"max-snippet:-1","max-image-preview":"max-image-preview:large","max-video-preview":"max-video-preview:-1"},"canonical":"https:\/\/treslineasnoticias.com.ar\/?p=29720","og_locale":"es_ES","og_type":"article","og_title":"D\u00eda de la Industria en Avellaneda: r\u00e9cord de inscriptos para la Ronda de Negocios - Tres Lineas Noticias","og_description":"Este evento multisectorial se desarrollar\u00e1 el jueves 3 de septiembre en el Parque Municipal Multiprop\u00f3sito \u201cLa Estaci\u00f3n\u201d, en\u00a0Gral. G\u00fcemes 700. En el marco del D\u00eda de la Industria, la ciudad de Avellaneda ser\u00e1 sede de una nueva Ronda de Negocios, una herramienta que tiene como finalidad generar oportunidades comerciales y fortalecer los v\u00ednculos de las [&hellip;]","og_url":"https:\/\/treslineasnoticias.com.ar\/?p=29720","og_site_name":"Tres Lineas Noticias","article_published_time":"2026-09-02T15:05:00+00:00","article_modified_time":"2026-09-02T17:07:03+00:00","og_image":[{"width":600,"height":700,"url":"http:\/\/treslineasnoticias.com.ar\/wp-content\/uploads\/2026\/09\/rondas.jpg","type":"image\/jpeg"}],"author":"Horacio L\u00f3pez","twitter_card":"summary_large_image","twitter_misc":{"Escrito por":"Horacio L\u00f3pez","Tiempo de lectura":"2 minutos"},"schema":{"@context":"https:\/\/schema.org","@graph":[{"@type":"Article","@id":"https:\/\/treslineasnoticias.com.ar\/?p=29720#article","isPartOf":{"@id":"https:\/\/treslineasnoticias.com.ar\/?p=29720"},"author":{"name":"Horacio L\u00f3pez","@id":"https:\/\/treslineasnoticias.com.ar\/#\/schema\/person\/c5f7249e50517b84c2379b145ca14895"},"headline":"D\u00eda de la Industria en Avellaneda: r\u00e9cord de inscriptos para la Ronda de Negocios","datePublished":"2026-09-02T15:05:00+00:00","dateModified":"2026-09-02T17:07:03+00:00","mainEntityOfPage":{"@id":"https:\/\/treslineasnoticias.com.ar\/?p=29720"},"wordCount":291,"commentCount":0,"image":{"@id":"https:\/\/treslineasnoticias.com.ar\/?p=29720#primaryimage"},"thumbnailUrl":"https:\/\/treslineasnoticias.com.ar\/wp-content\/uploads\/2026\/09\/rondas.jpg","articleSection":["Avellaneda"],"inLanguage":"es","potentialAction":[{"@type":"CommentAction","name":"Comment","target":["https:\/\/treslineasnoticias.com.ar\/?p=29720#respond"]}]},{"@type":"WebPage","@id":"https:\/\/treslineasnoticias.com.ar\/?p=29720","url":"https:\/\/treslineasnoticias.com.ar\/?p=29720","name":"D\u00eda de la Industria en Avellaneda: r\u00e9cord de inscriptos para la Ronda de Negocios - Tres Lineas Noticias","isPartOf":{"@id":"https:\/\/treslineasnoticias.com.ar\/#website"},"primaryImageOfPage":{"@id":"https:\/\/treslineasnoticias.com.ar\/?p=29720#primaryimage"},"image":{"@id":"https:\/\/treslineasnoticias.com.ar\/?p=29720#primaryimage"},"thumbnailUrl":"https:\/\/treslineasnoticias.com.ar\/wp-content\/uploads\/2026\/09\/rondas.jpg","datePublished":"2026-09-02T15:05:00+00:00","dateModified":"2026-09-02T17:07:03+00:00","author":{"@id":"https:\/\/treslineasnoticias.com.ar\/#\/schema\/person\/c5f7249e50517b84c2379b145ca14895"},"breadcrumb":{"@id":"https:\/\/treslineasnoticias.com.ar\/?p=29720#breadcrumb"},"inLanguage":"es","potentialAction":[{"@type":"ReadAction","target":["https:\/\/treslineasnoticias.com.ar\/?p=29720"]}]},{"@type":"ImageObject","inLanguage":"es","@id":"https:\/\/treslineasnoticias.com.ar\/?p=29720#primaryimage","url":"https:\/\/treslineasnoticias.com.ar\/wp-content\/uploads\/2026\/09\/rondas.jpg","contentUrl":"https:\/\/treslineasnoticias.com.ar\/wp-content\/uploads\/2026\/09\/rondas.jpg","width":600,"height":700},{"@type":"BreadcrumbList","@id":"https:\/\/treslineasnoticias.com.ar\/?p=29720#breadcrumb","itemListElement":[{"@type":"ListItem","position":1,"name":"Portada","item":"https:\/\/treslineasnoticias.com.ar\/"},{"@type":"ListItem","position":2,"name":"D\u00eda de la Industria en Avellaneda: r\u00e9cord de inscriptos para la Ronda de Negocios"}]},{"@type":"WebSite","@id":"https:\/\/treslineasnoticias.com.ar\/#website","url":"https:\/\/treslineasnoticias.com.ar\/","name":"Tres Lineas Noticias","description":"","potentialAction":[{"@type":"SearchAction","target":{"@type":"EntryPoint","urlTemplate":"https:\/\/treslineasnoticias.com.ar\/?s={search_term_string}"},"query-input":{"@type":"PropertyValueSpecification","valueRequired":true,"valueName":"search_term_string"}}],"inLanguage":"es"},{"@type":"Person","@id":"https:\/\/treslineasnoticias.com.ar\/#\/schema\/person\/c5f7249e50517b84c2379b145ca14895","name":"Horacio L\u00f3pez","image":{"@type":"ImageObject","inLanguage":"es","@id":"https:\/\/treslineasnoticias.com.ar\/wp-content\/litespeed\/avatar\/f5a5e9d378b20cf999cb9a940a8324f3.jpg?ver=1788116984","url":"https:\/\/treslineasnoticias.com.ar\/wp-content\/litespeed\/avatar\/f5a5e9d378b20cf999cb9a940a8324f3.jpg?ver=1788116984","contentUrl":"https:\/\/treslineasnoticias.com.ar\/wp-content\/litespeed\/avatar\/f5a5e9d378b20cf999cb9a940a8324f3.jpg?ver=1788116984","caption":"Horacio L\u00f3pez"},"sameAs":["http:\/\/treslineasnoticias.com.ar"],"url":"https:\/\/treslineasnoticias.com.ar\/?author=3"}]}},"jetpack_featured_media_url":"https:\/\/treslineasnoticias.com.ar\/wp-content\/uploads\/2026\/09\/rondas.jpg","jetpack_sharing_enabled":true,"_links":{"self":[{"href":"https:\/\/treslineasnoticias.com.ar\/index.php?rest_route=\/wp\/v2\/posts\/29720","targetHints":{"allow":["GET"]}}],"collection":[{"href":"https:\/\/treslineasnoticias.com.ar\/index.php?rest_route=\/wp\/v2\/posts"}],"about":[{"href":"https:\/\/treslineasnoticias.com.ar\/index.php?rest_route=\/wp\/v2\/types\/post"}],"author":[{"embeddable":true,"href":"https:\/\/treslineasnoticias.com.ar\/index.php?rest_route=\/wp\/v2\/users\/3"}],"replies":[{"embeddable":true,"href":"https:\/\/treslineasnoticias.com.ar\/index.php?rest_route=%2Fwp%2Fv2%2Fcomments&post=29720"}],"version-history":[{"count":1,"href":"https:\/\/treslineasnoticias.com.ar\/index.php?rest_route=\/wp\/v2\/posts\/29720\/revisions"}],"predecessor-version":[{"id":29723,"href":"https:\/\/treslineasnoticias.com.ar\/index.php?rest_route=\/wp\/v2\/posts\/29720\/revisions\/29723"}],"wp:featuredmedia":[{"embeddable":true,"href":"https:\/\/treslineasnoticias.com.ar\/index.php?rest_route=\/wp\/v2\/media\/29722"}],"wp:attachment":[{"href":"https:\/\/treslineasnoticias.com.ar\/index.php?rest_route=%2Fwp%2Fv2%2Fmedia&parent=29720"}],"wp:term":[{"taxonomy":"category","embeddable":true,"href":"https:\/\/treslineasnoticias.com.ar\/index.php?rest_route=%2Fwp%2Fv2%2Fcategories&post=29720"},{"taxonomy":"post_tag","embeddable":true,"href":"https:\/\/treslineasnoticias.com.ar\/index.php?rest_route=%2Fwp%2Fv2%2Ftags&post=29720"}],"curies":[{"name":"wp","href":"https:\/\/api.w.org\/{rel}","templated":true}]}}