{"id":29724,"date":"2026-09-02T13:30:00","date_gmt":"2026-09-02T16:30:00","guid":{"rendered":"https:\/\/treslineasnoticias.com.ar\/?p=29724"},"modified":"2026-09-02T14:24:10","modified_gmt":"2026-09-02T17:24:10","slug":"eva-mieri-recorrio-la-planta-industrial-fibras-argentinas-s-a-en-el-marco-del-dia-de-la-industria","status":"publish","type":"post","link":"https:\/\/treslineasnoticias.com.ar\/?p=29724","title":{"rendered":"Eva Mieri recorri\u00f3 la planta industrial Fibras Argentinas S.A. en el marco del d\u00eda de la industria"},"content":{"rendered":"\n<p><em><strong>La intendenta interina de Quilmes, Eva Mieri, recorri\u00f3 este mi\u00e9rcoles la planta industrial de Fibras Argentinas SA, ubicada en Zapiola 4553, en Bernal Oeste, acompa\u00f1ada por sus autoridades, y conoci\u00f3 el proceso productivo mediante el cual la firma recicla botellas de PET y las transforma en fibras de poli\u00e9ster destinadas a distintos sectores industriales.<\/strong><\/em><\/p>\n\n\n\n<p>\u00abHasta 2023 hab\u00eda un proyecto pol\u00edtico, econ\u00f3mico, que pensaba un poco fortalecer la industria nacional y a quienes invierten pero desde el 2023 en adelante, eso cambi\u00f3. Esas son las dificultades que se encuentran. Desde el Municipio, nos parec\u00eda importante comunicarnos, escucharlos y seguir trabajando mancomunadamente. No queremos dejar de abrazar y de acompa\u00f1ar a aquellos que, a\u00fan en la adversidad, deciden seguir invirtiendo, seguir apostando y seguir generando puestos de trabajo para nuestros vecinos y vecinas\u201d, se\u00f1al\u00f3 Eva, acompa\u00f1ada por la secretaria de Desarrollo Econ\u00f3mico, Eva Stoltzing, y su par de la Agencia de Fiscalizaci\u00f3n y Control Comunal, Juli\u00e1n Bellido.<\/p>\n\n\n\n<p>Y destac\u00f3: \u201cNos pareci\u00f3 importante pasar el D\u00eda de la Industria argentina en un lugar como el que ustedes llevan adelante, con mucho empuje, con mucho esfuerzo, y que sepan que cuentan con nosotros, en la medida que podamos acompa\u00f1arlos, siempre lo vamos a hacer\u201d.<\/p>\n\n\n\n<figure class=\"wp-block-image size-large\"><img loading=\"lazy\" decoding=\"async\" width=\"1024\" height=\"682\" src=\"http:\/\/treslineasnoticias.com.ar\/wp-content\/uploads\/2026\/09\/3-1024x682.jpeg\" alt=\"\" class=\"wp-image-29727\" srcset=\"https:\/\/treslineasnoticias.com.ar\/wp-content\/uploads\/2026\/09\/3-1024x682.jpeg 1024w, https:\/\/treslineasnoticias.com.ar\/wp-content\/uploads\/2026\/09\/3-300x200.jpeg 300w, https:\/\/treslineasnoticias.com.ar\/wp-content\/uploads\/2026\/09\/3-768x512.jpeg 768w, https:\/\/treslineasnoticias.com.ar\/wp-content\/uploads\/2026\/09\/3.jpeg 1280w\" sizes=\"auto, (max-width: 1024px) 100vw, 1024px\" \/><\/figure>\n\n\n\n<p>Por su parte, Stoltzing sostuvo que \u201cen el marco del D\u00eda de la Industria, estamos recorriendo una de las plantas de Quilmes, con la preocupaci\u00f3n de la situaci\u00f3n general que tiene el sector, no solo en nuestra ciudad, sino en Argentina. Una situaci\u00f3n de ca\u00edda del empleo, de ca\u00edda de la actividad que tiene que ver con una decisi\u00f3n pol\u00edtica y econ\u00f3mica del Gobierno Nacional. Nuestra posici\u00f3n es brindar el apoyo, entender que un pa\u00eds con industria es un pa\u00eds con mejor trabajo y con inclusi\u00f3n para todos los argentinos y las argentinas\u201d.<\/p>\n\n\n\n<p>En tanto, Juli\u00e1n Bellido asever\u00f3: \u201cEn este 2 de septiembre ratificamos el trabajo del Municipio de Quilmes junto a los industriales de la ciudad. En esta oportunidad, junto a Fibras Argentinas, una empresa que ha invertido en los \u00faltimos a\u00f1os en tecnolog\u00eda, pero a\u00fan as\u00ed sigue presa o con las dificultades propias de las generadas por las pol\u00edticas econ\u00f3micas del gobierno nacional\u201d.<\/p>\n\n\n\n<p>A su vez, el presidente de Fibras Argentinas SA, Lin Tong, dijo: \u201cLa idea es mostrarle a la Intendenta interina lo que estamos haciendo. Comentar lo que tiene que ver con la econom\u00eda circular, que desde hace diez a\u00f1os venimos trabajando con el tema de los reciclados. Es un gusto estar en Quilmes. Nosotros decidimos estar ac\u00e1 desde los comienzos, y la verdad que nos han aportado mucho desde el Municipio, nos han ayudado mucho para el crecimiento de la empresa\u201d.<\/p>\n\n\n\n<figure class=\"wp-block-image size-large\"><img loading=\"lazy\" decoding=\"async\" width=\"1280\" height=\"853\" src=\"http:\/\/treslineasnoticias.com.ar\/wp-content\/uploads\/2026\/09\/2-1024x682.jpeg\" alt=\"\" class=\"wp-image-29728\" srcset=\"https:\/\/treslineasnoticias.com.ar\/wp-content\/uploads\/2026\/09\/2-1024x682.jpeg 1024w, https:\/\/treslineasnoticias.com.ar\/wp-content\/uploads\/2026\/09\/2-300x200.jpeg 300w, https:\/\/treslineasnoticias.com.ar\/wp-content\/uploads\/2026\/09\/2-768x512.jpeg 768w, https:\/\/treslineasnoticias.com.ar\/wp-content\/uploads\/2026\/09\/2.jpeg 1280w\" sizes=\"auto, (max-width: 1280px) 100vw, 1280px\" \/><\/figure>\n\n\n\n<p>Fibras Argentinas desarrolla su actividad en Bernal Oeste desde 2016 y cuenta con tecnolog\u00eda para la clasificaci\u00f3n, molienda y extrusi\u00f3n del material reciclado. Actualmente procesa aproximadamente 15.000 toneladas anuales de botellas de PET, que son reinsertadas en el circuito productivo como materia prima para las industrias textil, automotriz, de filtraci\u00f3n y de productos no tejidos.<\/p>\n\n\n\n<p>La empresa mantiene una l\u00ednea de articulaci\u00f3n con el Municipio de Quilmes vinculada al desarrollo productivo y la econom\u00eda circular. Recientemente, sus representantes recorrieron el Ecoparque Municipal para conocer el funcionamiento de la planta de separaci\u00f3n y clasificaci\u00f3n de materiales reciclables y evaluar posibles acciones conjuntas.<\/p>\n\n\n\n<p>Adem\u00e1s, en 2021, la intendenta en uso de licencia y actual diputada provincial, Mayra Mendoza, visit\u00f3 la f\u00e1brica y acompa\u00f1\u00f3 las gestiones para que pudiera acceder a financiamiento destinado a ampliar su capacidad productiva e incorporar una nueva l\u00ednea de producci\u00f3n. En este marco, la actividad reafirma el compromiso del Municipio con las industrias locales que generan trabajo, agregan valor y contribuyen al desarrollo productivo de Quilmes.<\/p>\n\n\n\n<figure class=\"wp-block-image size-large\"><img loading=\"lazy\" decoding=\"async\" width=\"1024\" height=\"682\" src=\"http:\/\/treslineasnoticias.com.ar\/wp-content\/uploads\/2026\/09\/1-2-1024x682.jpeg\" alt=\"\" class=\"wp-image-29726\" srcset=\"https:\/\/treslineasnoticias.com.ar\/wp-content\/uploads\/2026\/09\/1-2-1024x682.jpeg 1024w, https:\/\/treslineasnoticias.com.ar\/wp-content\/uploads\/2026\/09\/1-2-300x200.jpeg 300w, https:\/\/treslineasnoticias.com.ar\/wp-content\/uploads\/2026\/09\/1-2-768x512.jpeg 768w, https:\/\/treslineasnoticias.com.ar\/wp-content\/uploads\/2026\/09\/1-2.jpeg 1280w\" sizes=\"auto, (max-width: 1024px) 100vw, 1024px\" \/><\/figure>\n\n\n\n<p>Cada 2 de septiembre se celebra en Argentina el D\u00eda de la Industria, en conmemoraci\u00f3n de la primera exportaci\u00f3n registrada desde el actual territorio nacional, realizada en 1587. La fecha permite reconocer el papel estrat\u00e9gico de la industria en la generaci\u00f3n de trabajo, la incorporaci\u00f3n de valor agregado y el desarrollo econ\u00f3mico del pa\u00eds.<\/p>\n\n\n\n<p>Participaron tambi\u00e9n la subsecretaria de Industria y Control Ambiental, Iris Bejarano; funcionarios de ambas \u00e1reas, y autoridades y trabajadores de la empresa.<\/p>\n","protected":false},"excerpt":{"rendered":"<p>La intendenta interina de Quilmes, Eva Mieri, recorri\u00f3 este mi\u00e9rcoles la planta industrial de Fibras Argentinas SA, ubicada en Zapiola 4553, en Bernal Oeste, acompa\u00f1ada por sus autoridades, y conoci\u00f3 el proceso productivo mediante el cual la firma recicla botellas de PET y las transforma en fibras de poli\u00e9ster destinadas a distintos sectores industriales. \u00abHasta [&hellip;]<\/p>\n","protected":false},"author":3,"featured_media":29725,"comment_status":"open","ping_status":"open","sticky":false,"template":"","format":"standard","meta":{"_jetpack_memberships_contains_paid_content":false,"footnotes":""},"categories":[5],"tags":[],"class_list":["post-29724","post","type-post","status-publish","format-standard","has-post-thumbnail","hentry","category-quilmes"],"yoast_head":"<!-- This site is optimized with the Yoast SEO plugin v27.5 - https:\/\/yoast.com\/product\/yoast-seo-wordpress\/ -->\n<title>Eva Mieri recorri\u00f3 la planta industrial Fibras Argentinas S.A. en el marco del d\u00eda de la industria - Tres Lineas Noticias<\/title>\n<meta name=\"robots\" content=\"index, follow, max-snippet:-1, max-image-preview:large, max-video-preview:-1\" \/>\n<link rel=\"canonical\" href=\"https:\/\/treslineasnoticias.com.ar\/?p=29724\" \/>\n<meta property=\"og:locale\" content=\"es_ES\" \/>\n<meta property=\"og:type\" content=\"article\" \/>\n<meta property=\"og:title\" content=\"Eva Mieri recorri\u00f3 la planta industrial Fibras Argentinas S.A. en el marco del d\u00eda de la industria - Tres Lineas Noticias\" \/>\n<meta property=\"og:description\" content=\"La intendenta interina de Quilmes, Eva Mieri, recorri\u00f3 este mi\u00e9rcoles la planta industrial de Fibras Argentinas SA, ubicada en Zapiola 4553, en Bernal Oeste, acompa\u00f1ada por sus autoridades, y conoci\u00f3 el proceso productivo mediante el cual la firma recicla botellas de PET y las transforma en fibras de poli\u00e9ster destinadas a distintos sectores industriales. \u00abHasta [&hellip;]\" \/>\n<meta property=\"og:url\" content=\"https:\/\/treslineasnoticias.com.ar\/?p=29724\" \/>\n<meta property=\"og:site_name\" content=\"Tres Lineas Noticias\" \/>\n<meta property=\"article:published_time\" content=\"2026-09-02T16:30:00+00:00\" \/>\n<meta property=\"article:modified_time\" content=\"2026-09-02T17:24:10+00:00\" \/>\n<meta property=\"og:image\" content=\"http:\/\/treslineasnoticias.com.ar\/wp-content\/uploads\/2026\/09\/4.jpeg\" \/>\n\t<meta property=\"og:image:width\" content=\"1280\" \/>\n\t<meta property=\"og:image:height\" content=\"853\" \/>\n\t<meta property=\"og:image:type\" content=\"image\/jpeg\" \/>\n<meta name=\"author\" content=\"Horacio L\u00f3pez\" \/>\n<meta name=\"twitter:card\" content=\"summary_large_image\" \/>\n<meta name=\"twitter:label1\" content=\"Escrito por\" \/>\n\t<meta name=\"twitter:data1\" content=\"Horacio L\u00f3pez\" \/>\n\t<meta name=\"twitter:label2\" content=\"Tiempo de lectura\" \/>\n\t<meta name=\"twitter:data2\" content=\"4 minutos\" \/>\n<script type=\"application\/ld+json\" class=\"yoast-schema-graph\">{\"@context\":\"https:\\\/\\\/schema.org\",\"@graph\":[{\"@type\":\"Article\",\"@id\":\"https:\\\/\\\/treslineasnoticias.com.ar\\\/?p=29724#article\",\"isPartOf\":{\"@id\":\"https:\\\/\\\/treslineasnoticias.com.ar\\\/?p=29724\"},\"author\":{\"name\":\"Horacio L\u00f3pez\",\"@id\":\"https:\\\/\\\/treslineasnoticias.com.ar\\\/#\\\/schema\\\/person\\\/c5f7249e50517b84c2379b145ca14895\"},\"headline\":\"Eva Mieri recorri\u00f3 la planta industrial Fibras Argentinas S.A. en el marco del d\u00eda de la industria\",\"datePublished\":\"2026-09-02T16:30:00+00:00\",\"dateModified\":\"2026-09-02T17:24:10+00:00\",\"mainEntityOfPage\":{\"@id\":\"https:\\\/\\\/treslineasnoticias.com.ar\\\/?p=29724\"},\"wordCount\":749,\"commentCount\":0,\"image\":{\"@id\":\"https:\\\/\\\/treslineasnoticias.com.ar\\\/?p=29724#primaryimage\"},\"thumbnailUrl\":\"https:\\\/\\\/treslineasnoticias.com.ar\\\/wp-content\\\/uploads\\\/2026\\\/09\\\/4.jpeg\",\"articleSection\":[\"Quilmes\"],\"inLanguage\":\"es\",\"potentialAction\":[{\"@type\":\"CommentAction\",\"name\":\"Comment\",\"target\":[\"https:\\\/\\\/treslineasnoticias.com.ar\\\/?p=29724#respond\"]}]},{\"@type\":\"WebPage\",\"@id\":\"https:\\\/\\\/treslineasnoticias.com.ar\\\/?p=29724\",\"url\":\"https:\\\/\\\/treslineasnoticias.com.ar\\\/?p=29724\",\"name\":\"Eva Mieri recorri\u00f3 la planta industrial Fibras Argentinas S.A. en el marco del d\u00eda de la industria - Tres Lineas Noticias\",\"isPartOf\":{\"@id\":\"https:\\\/\\\/treslineasnoticias.com.ar\\\/#website\"},\"primaryImageOfPage\":{\"@id\":\"https:\\\/\\\/treslineasnoticias.com.ar\\\/?p=29724#primaryimage\"},\"image\":{\"@id\":\"https:\\\/\\\/treslineasnoticias.com.ar\\\/?p=29724#primaryimage\"},\"thumbnailUrl\":\"https:\\\/\\\/treslineasnoticias.com.ar\\\/wp-content\\\/uploads\\\/2026\\\/09\\\/4.jpeg\",\"datePublished\":\"2026-09-02T16:30:00+00:00\",\"dateModified\":\"2026-09-02T17:24:10+00:00\",\"author\":{\"@id\":\"https:\\\/\\\/treslineasnoticias.com.ar\\\/#\\\/schema\\\/person\\\/c5f7249e50517b84c2379b145ca14895\"},\"breadcrumb\":{\"@id\":\"https:\\\/\\\/treslineasnoticias.com.ar\\\/?p=29724#breadcrumb\"},\"inLanguage\":\"es\",\"potentialAction\":[{\"@type\":\"ReadAction\",\"target\":[\"https:\\\/\\\/treslineasnoticias.com.ar\\\/?p=29724\"]}]},{\"@type\":\"ImageObject\",\"inLanguage\":\"es\",\"@id\":\"https:\\\/\\\/treslineasnoticias.com.ar\\\/?p=29724#primaryimage\",\"url\":\"https:\\\/\\\/treslineasnoticias.com.ar\\\/wp-content\\\/uploads\\\/2026\\\/09\\\/4.jpeg\",\"contentUrl\":\"https:\\\/\\\/treslineasnoticias.com.ar\\\/wp-content\\\/uploads\\\/2026\\\/09\\\/4.jpeg\",\"width\":1280,\"height\":853},{\"@type\":\"BreadcrumbList\",\"@id\":\"https:\\\/\\\/treslineasnoticias.com.ar\\\/?p=29724#breadcrumb\",\"itemListElement\":[{\"@type\":\"ListItem\",\"position\":1,\"name\":\"Portada\",\"item\":\"https:\\\/\\\/treslineasnoticias.com.ar\\\/\"},{\"@type\":\"ListItem\",\"position\":2,\"name\":\"Eva Mieri recorri\u00f3 la planta industrial Fibras Argentinas S.A. en el marco del d\u00eda de la industria\"}]},{\"@type\":\"WebSite\",\"@id\":\"https:\\\/\\\/treslineasnoticias.com.ar\\\/#website\",\"url\":\"https:\\\/\\\/treslineasnoticias.com.ar\\\/\",\"name\":\"Tres Lineas Noticias\",\"description\":\"\",\"potentialAction\":[{\"@type\":\"SearchAction\",\"target\":{\"@type\":\"EntryPoint\",\"urlTemplate\":\"https:\\\/\\\/treslineasnoticias.com.ar\\\/?s={search_term_string}\"},\"query-input\":{\"@type\":\"PropertyValueSpecification\",\"valueRequired\":true,\"valueName\":\"search_term_string\"}}],\"inLanguage\":\"es\"},{\"@type\":\"Person\",\"@id\":\"https:\\\/\\\/treslineasnoticias.com.ar\\\/#\\\/schema\\\/person\\\/c5f7249e50517b84c2379b145ca14895\",\"name\":\"Horacio L\u00f3pez\",\"image\":{\"@type\":\"ImageObject\",\"inLanguage\":\"es\",\"@id\":\"https:\\\/\\\/treslineasnoticias.com.ar\\\/wp-content\\\/litespeed\\\/avatar\\\/f5a5e9d378b20cf999cb9a940a8324f3.jpg?ver=1788116984\",\"url\":\"https:\\\/\\\/treslineasnoticias.com.ar\\\/wp-content\\\/litespeed\\\/avatar\\\/f5a5e9d378b20cf999cb9a940a8324f3.jpg?ver=1788116984\",\"contentUrl\":\"https:\\\/\\\/treslineasnoticias.com.ar\\\/wp-content\\\/litespeed\\\/avatar\\\/f5a5e9d378b20cf999cb9a940a8324f3.jpg?ver=1788116984\",\"caption\":\"Horacio L\u00f3pez\"},\"sameAs\":[\"http:\\\/\\\/treslineasnoticias.com.ar\"],\"url\":\"https:\\\/\\\/treslineasnoticias.com.ar\\\/?author=3\"}]}<\/script>\n<!-- \/ Yoast SEO plugin. -->","yoast_head_json":{"title":"Eva Mieri recorri\u00f3 la planta industrial Fibras Argentinas S.A. en el marco del d\u00eda de la industria - Tres Lineas Noticias","robots":{"index":"index","follow":"follow","max-snippet":"max-snippet:-1","max-image-preview":"max-image-preview:large","max-video-preview":"max-video-preview:-1"},"canonical":"https:\/\/treslineasnoticias.com.ar\/?p=29724","og_locale":"es_ES","og_type":"article","og_title":"Eva Mieri recorri\u00f3 la planta industrial Fibras Argentinas S.A. en el marco del d\u00eda de la industria - Tres Lineas Noticias","og_description":"La intendenta interina de Quilmes, Eva Mieri, recorri\u00f3 este mi\u00e9rcoles la planta industrial de Fibras Argentinas SA, ubicada en Zapiola 4553, en Bernal Oeste, acompa\u00f1ada por sus autoridades, y conoci\u00f3 el proceso productivo mediante el cual la firma recicla botellas de PET y las transforma en fibras de poli\u00e9ster destinadas a distintos sectores industriales. \u00abHasta [&hellip;]","og_url":"https:\/\/treslineasnoticias.com.ar\/?p=29724","og_site_name":"Tres Lineas Noticias","article_published_time":"2026-09-02T16:30:00+00:00","article_modified_time":"2026-09-02T17:24:10+00:00","og_image":[{"width":1280,"height":853,"url":"http:\/\/treslineasnoticias.com.ar\/wp-content\/uploads\/2026\/09\/4.jpeg","type":"image\/jpeg"}],"author":"Horacio L\u00f3pez","twitter_card":"summary_large_image","twitter_misc":{"Escrito por":"Horacio L\u00f3pez","Tiempo de lectura":"4 minutos"},"schema":{"@context":"https:\/\/schema.org","@graph":[{"@type":"Article","@id":"https:\/\/treslineasnoticias.com.ar\/?p=29724#article","isPartOf":{"@id":"https:\/\/treslineasnoticias.com.ar\/?p=29724"},"author":{"name":"Horacio L\u00f3pez","@id":"https:\/\/treslineasnoticias.com.ar\/#\/schema\/person\/c5f7249e50517b84c2379b145ca14895"},"headline":"Eva Mieri recorri\u00f3 la planta industrial Fibras Argentinas S.A. en el marco del d\u00eda de la industria","datePublished":"2026-09-02T16:30:00+00:00","dateModified":"2026-09-02T17:24:10+00:00","mainEntityOfPage":{"@id":"https:\/\/treslineasnoticias.com.ar\/?p=29724"},"wordCount":749,"commentCount":0,"image":{"@id":"https:\/\/treslineasnoticias.com.ar\/?p=29724#primaryimage"},"thumbnailUrl":"https:\/\/treslineasnoticias.com.ar\/wp-content\/uploads\/2026\/09\/4.jpeg","articleSection":["Quilmes"],"inLanguage":"es","potentialAction":[{"@type":"CommentAction","name":"Comment","target":["https:\/\/treslineasnoticias.com.ar\/?p=29724#respond"]}]},{"@type":"WebPage","@id":"https:\/\/treslineasnoticias.com.ar\/?p=29724","url":"https:\/\/treslineasnoticias.com.ar\/?p=29724","name":"Eva Mieri recorri\u00f3 la planta industrial Fibras Argentinas S.A. en el marco del d\u00eda de la industria - Tres Lineas Noticias","isPartOf":{"@id":"https:\/\/treslineasnoticias.com.ar\/#website"},"primaryImageOfPage":{"@id":"https:\/\/treslineasnoticias.com.ar\/?p=29724#primaryimage"},"image":{"@id":"https:\/\/treslineasnoticias.com.ar\/?p=29724#primaryimage"},"thumbnailUrl":"https:\/\/treslineasnoticias.com.ar\/wp-content\/uploads\/2026\/09\/4.jpeg","datePublished":"2026-09-02T16:30:00+00:00","dateModified":"2026-09-02T17:24:10+00:00","author":{"@id":"https:\/\/treslineasnoticias.com.ar\/#\/schema\/person\/c5f7249e50517b84c2379b145ca14895"},"breadcrumb":{"@id":"https:\/\/treslineasnoticias.com.ar\/?p=29724#breadcrumb"},"inLanguage":"es","potentialAction":[{"@type":"ReadAction","target":["https:\/\/treslineasnoticias.com.ar\/?p=29724"]}]},{"@type":"ImageObject","inLanguage":"es","@id":"https:\/\/treslineasnoticias.com.ar\/?p=29724#primaryimage","url":"https:\/\/treslineasnoticias.com.ar\/wp-content\/uploads\/2026\/09\/4.jpeg","contentUrl":"https:\/\/treslineasnoticias.com.ar\/wp-content\/uploads\/2026\/09\/4.jpeg","width":1280,"height":853},{"@type":"BreadcrumbList","@id":"https:\/\/treslineasnoticias.com.ar\/?p=29724#breadcrumb","itemListElement":[{"@type":"ListItem","position":1,"name":"Portada","item":"https:\/\/treslineasnoticias.com.ar\/"},{"@type":"ListItem","position":2,"name":"Eva Mieri recorri\u00f3 la planta industrial Fibras Argentinas S.A. en el marco del d\u00eda de la industria"}]},{"@type":"WebSite","@id":"https:\/\/treslineasnoticias.com.ar\/#website","url":"https:\/\/treslineasnoticias.com.ar\/","name":"Tres Lineas Noticias","description":"","potentialAction":[{"@type":"SearchAction","target":{"@type":"EntryPoint","urlTemplate":"https:\/\/treslineasnoticias.com.ar\/?s={search_term_string}"},"query-input":{"@type":"PropertyValueSpecification","valueRequired":true,"valueName":"search_term_string"}}],"inLanguage":"es"},{"@type":"Person","@id":"https:\/\/treslineasnoticias.com.ar\/#\/schema\/person\/c5f7249e50517b84c2379b145ca14895","name":"Horacio L\u00f3pez","image":{"@type":"ImageObject","inLanguage":"es","@id":"https:\/\/treslineasnoticias.com.ar\/wp-content\/litespeed\/avatar\/f5a5e9d378b20cf999cb9a940a8324f3.jpg?ver=1788116984","url":"https:\/\/treslineasnoticias.com.ar\/wp-content\/litespeed\/avatar\/f5a5e9d378b20cf999cb9a940a8324f3.jpg?ver=1788116984","contentUrl":"https:\/\/treslineasnoticias.com.ar\/wp-content\/litespeed\/avatar\/f5a5e9d378b20cf999cb9a940a8324f3.jpg?ver=1788116984","caption":"Horacio L\u00f3pez"},"sameAs":["http:\/\/treslineasnoticias.com.ar"],"url":"https:\/\/treslineasnoticias.com.ar\/?author=3"}]}},"jetpack_featured_media_url":"https:\/\/treslineasnoticias.com.ar\/wp-content\/uploads\/2026\/09\/4.jpeg","jetpack_sharing_enabled":true,"_links":{"self":[{"href":"https:\/\/treslineasnoticias.com.ar\/index.php?rest_route=\/wp\/v2\/posts\/29724","targetHints":{"allow":["GET"]}}],"collection":[{"href":"https:\/\/treslineasnoticias.com.ar\/index.php?rest_route=\/wp\/v2\/posts"}],"about":[{"href":"https:\/\/treslineasnoticias.com.ar\/index.php?rest_route=\/wp\/v2\/types\/post"}],"author":[{"embeddable":true,"href":"https:\/\/treslineasnoticias.com.ar\/index.php?rest_route=\/wp\/v2\/users\/3"}],"replies":[{"embeddable":true,"href":"https:\/\/treslineasnoticias.com.ar\/index.php?rest_route=%2Fwp%2Fv2%2Fcomments&post=29724"}],"version-history":[{"count":1,"href":"https:\/\/treslineasnoticias.com.ar\/index.php?rest_route=\/wp\/v2\/posts\/29724\/revisions"}],"predecessor-version":[{"id":29729,"href":"https:\/\/treslineasnoticias.com.ar\/index.php?rest_route=\/wp\/v2\/posts\/29724\/revisions\/29729"}],"wp:featuredmedia":[{"embeddable":true,"href":"https:\/\/treslineasnoticias.com.ar\/index.php?rest_route=\/wp\/v2\/media\/29725"}],"wp:attachment":[{"href":"https:\/\/treslineasnoticias.com.ar\/index.php?rest_route=%2Fwp%2Fv2%2Fmedia&parent=29724"}],"wp:term":[{"taxonomy":"category","embeddable":true,"href":"https:\/\/treslineasnoticias.com.ar\/index.php?rest_route=%2Fwp%2Fv2%2Fcategories&post=29724"},{"taxonomy":"post_tag","embeddable":true,"href":"https:\/\/treslineasnoticias.com.ar\/index.php?rest_route=%2Fwp%2Fv2%2Ftags&post=29724"}],"curies":[{"name":"wp","href":"https:\/\/api.w.org\/{rel}","templated":true}]}}