{"id":29740,"date":"2026-09-02T14:50:00","date_gmt":"2026-09-02T17:50:00","guid":{"rendered":"https:\/\/treslineasnoticias.com.ar\/?p=29740"},"modified":"2026-09-03T15:03:14","modified_gmt":"2026-09-03T18:03:14","slug":"el-municipio-de-quilmes-sumo-un-nuevo-camion-de-carga-lateral-e-inicio-el-plan-de-contenerizacion-en-ezpeleta","status":"publish","type":"post","link":"https:\/\/treslineasnoticias.com.ar\/?p=29740","title":{"rendered":"El municipio de Quilmes sum\u00f3 un nuevo cami\u00f3n de carga lateral e inici\u00f3 el plan de contenerizaci\u00f3n en Ezpeleta"},"content":{"rendered":"\n<p><em><strong>El Municipio de Quilmes present\u00f3 oficialmente la incorporaci\u00f3n de un nuevo cami\u00f3n de carga lateral a la flota del sistema de Gesti\u00f3n Integral de Residuos S\u00f3lidos Urbanos (GIRSU) y la colocaci\u00f3n progresiva de 35 nuevos contenedores durante el mes de septiembre, en una actividad que encabez\u00f3 la intendenta interina de Quilmes, Eva Mieri.<\/strong><\/em><\/p>\n\n\n\n<p>\u201cEste es el nuevo cami\u00f3n de carga lateral que incorporamos a la flota municipal y pusimos en marcha un nuevo esquema de reordenamiento y contenerizaci\u00f3n en Ezpeleta, que durante septiembre va a sumar 35 nuevos contenedores. En esta zona vamos a colocar uno por cuadra, para que los vecinos y vecinas tengan un lugar donde dejar sus residuos y podamos mantener las calles m\u00e1s limpias y ordenadas. Este noveno cami\u00f3n de carga lateral que incorporamos, junto con los 35 contenedores, forman parte de las herramientas que estamos sumando para mejorar el servicio y seguir construyendo el Quilmes lindo, limpio y ambientalmente sustentable que queremos\u201d, indic\u00f3 Eva, acompa\u00f1ada por el Secretario de Ambiente y GIRSU, Roberto Gaudio.<\/p>\n\n\n\n<figure class=\"wp-block-image size-large\"><img loading=\"lazy\" decoding=\"async\" width=\"1024\" height=\"682\" src=\"http:\/\/treslineasnoticias.com.ar\/wp-content\/uploads\/2026\/09\/EL-MUNICIPIO-DE-QUILMES-SUMO-UN-NUEVO-CAMION-DE-CARGA-LATERAL-E-INICIO-EL-PLAN-DE-CONTENERIZACION-EN-EZPELETA-3-1024x682.jpg\" alt=\"\" class=\"wp-image-29742\" srcset=\"https:\/\/treslineasnoticias.com.ar\/wp-content\/uploads\/2026\/09\/EL-MUNICIPIO-DE-QUILMES-SUMO-UN-NUEVO-CAMION-DE-CARGA-LATERAL-E-INICIO-EL-PLAN-DE-CONTENERIZACION-EN-EZPELETA-3-1024x682.jpg 1024w, https:\/\/treslineasnoticias.com.ar\/wp-content\/uploads\/2026\/09\/EL-MUNICIPIO-DE-QUILMES-SUMO-UN-NUEVO-CAMION-DE-CARGA-LATERAL-E-INICIO-EL-PLAN-DE-CONTENERIZACION-EN-EZPELETA-3-300x200.jpg 300w, https:\/\/treslineasnoticias.com.ar\/wp-content\/uploads\/2026\/09\/EL-MUNICIPIO-DE-QUILMES-SUMO-UN-NUEVO-CAMION-DE-CARGA-LATERAL-E-INICIO-EL-PLAN-DE-CONTENERIZACION-EN-EZPELETA-3-768x512.jpg 768w, https:\/\/treslineasnoticias.com.ar\/wp-content\/uploads\/2026\/09\/EL-MUNICIPIO-DE-QUILMES-SUMO-UN-NUEVO-CAMION-DE-CARGA-LATERAL-E-INICIO-EL-PLAN-DE-CONTENERIZACION-EN-EZPELETA-3.jpg 1280w\" sizes=\"auto, (max-width: 1024px) 100vw, 1024px\" \/><\/figure>\n\n\n\n<p>En este contexto, Gaudio expres\u00f3: \u201cEstamos llevando adelante el \u00faltimo tramo de la contenerizaci\u00f3n prevista para este a\u00f1o 2026 en todo el distrito. Vamos a estar colocando durante todo el mes de septiembre los 35 contenedores de carga lateral que nos van a permitir contenerizar no solo el centro comercial de Ezpeleta, sino tambi\u00e9n los alrededores. Con este centro comercial vamos a estar completando el 100 por ciento de los centros comerciales de la ciudad, y los 700 tachos previstos para este 2026. En lugares como Ezpeleta, donde hay mucho centro comercial y mucha migraci\u00f3n de gente permanente por la compra y la venta de productos, se dificulta mucho poder establecer horarios de recolecci\u00f3n manual que se puedan respetar, y la contenerizaci\u00f3n es una alternativa a eso\u201d.<\/p>\n\n\n\n<p>El nuevo veh\u00edculo, interno 139, es el noveno cami\u00f3n de tecnolog\u00eda de carga lateral que se suma al equipamiento comunal. Su incorporaci\u00f3n, junto con la adquisici\u00f3n de los nuevos recipientes, se concret\u00f3 a trav\u00e9s del sistema de leasing en el marco del Plan Bianual de Gesti\u00f3n 2025-2027 llevado adelante por la gesti\u00f3n municipal.<\/p>\n\n\n\n<figure class=\"wp-block-image size-large\"><img loading=\"lazy\" decoding=\"async\" width=\"1024\" height=\"682\" src=\"http:\/\/treslineasnoticias.com.ar\/wp-content\/uploads\/2026\/09\/EL-MUNICIPIO-DE-QUILMES-SUMO-UN-NUEVO-CAMION-DE-CARGA-LATERAL-E-INICIO-EL-PLAN-DE-CONTENERIZACION-EN-EZPELETA-4-1024x682.jpg\" alt=\"\" class=\"wp-image-29741\" srcset=\"https:\/\/treslineasnoticias.com.ar\/wp-content\/uploads\/2026\/09\/EL-MUNICIPIO-DE-QUILMES-SUMO-UN-NUEVO-CAMION-DE-CARGA-LATERAL-E-INICIO-EL-PLAN-DE-CONTENERIZACION-EN-EZPELETA-4-1024x682.jpg 1024w, https:\/\/treslineasnoticias.com.ar\/wp-content\/uploads\/2026\/09\/EL-MUNICIPIO-DE-QUILMES-SUMO-UN-NUEVO-CAMION-DE-CARGA-LATERAL-E-INICIO-EL-PLAN-DE-CONTENERIZACION-EN-EZPELETA-4-300x200.jpg 300w, https:\/\/treslineasnoticias.com.ar\/wp-content\/uploads\/2026\/09\/EL-MUNICIPIO-DE-QUILMES-SUMO-UN-NUEVO-CAMION-DE-CARGA-LATERAL-E-INICIO-EL-PLAN-DE-CONTENERIZACION-EN-EZPELETA-4-768x512.jpg 768w, https:\/\/treslineasnoticias.com.ar\/wp-content\/uploads\/2026\/09\/EL-MUNICIPIO-DE-QUILMES-SUMO-UN-NUEVO-CAMION-DE-CARGA-LATERAL-E-INICIO-EL-PLAN-DE-CONTENERIZACION-EN-EZPELETA-4.jpg 1280w\" sizes=\"auto, (max-width: 1024px) 100vw, 1024px\" \/><\/figure>\n\n\n\n<p>La intervenci\u00f3n contempla la colocaci\u00f3n progresiva de 35 nuevos contenedores durante el mes de septiembre en el cuadrante delimitado por las avenidas Centenario y San Mart\u00edn, y las calles Honduras y Domingo Sobral. Por su parte, como criterio general de distribuci\u00f3n, se instalar\u00e1 un contenedor por cuadra -ubicado preferentemente a mitad de la misma- resguardando las zonas de accesos vehiculares y locales gastron\u00f3micos.<\/p>\n\n\n\n<p>El servicio de recolecci\u00f3n en la zona contenerizada se llevar\u00e1 a cabo de lunes a s\u00e1bados, a partir de las 19. El operativo municipal se complementar\u00e1 con tareas diarias de repaso del entorno urbano en turnos ma\u00f1ana y noche, m\u00e1s un semanal y peri\u00f3dico de los contenedores para garantizar el mantenimiento y la higiene del espacio p\u00fablico.<\/p>\n\n\n\n<figure class=\"wp-block-image size-large\"><img loading=\"lazy\" decoding=\"async\" width=\"1024\" height=\"682\" src=\"http:\/\/treslineasnoticias.com.ar\/wp-content\/uploads\/2026\/09\/EL-MUNICIPIO-DE-QUILMES-SUMO-UN-NUEVO-CAMION-DE-CARGA-LATERAL-E-INICIO-EL-PLAN-DE-CONTENERIZACION-EN-EZPELETA-2-1024x682.jpg\" alt=\"\" class=\"wp-image-29743\" srcset=\"https:\/\/treslineasnoticias.com.ar\/wp-content\/uploads\/2026\/09\/EL-MUNICIPIO-DE-QUILMES-SUMO-UN-NUEVO-CAMION-DE-CARGA-LATERAL-E-INICIO-EL-PLAN-DE-CONTENERIZACION-EN-EZPELETA-2-1024x682.jpg 1024w, https:\/\/treslineasnoticias.com.ar\/wp-content\/uploads\/2026\/09\/EL-MUNICIPIO-DE-QUILMES-SUMO-UN-NUEVO-CAMION-DE-CARGA-LATERAL-E-INICIO-EL-PLAN-DE-CONTENERIZACION-EN-EZPELETA-2-300x200.jpg 300w, https:\/\/treslineasnoticias.com.ar\/wp-content\/uploads\/2026\/09\/EL-MUNICIPIO-DE-QUILMES-SUMO-UN-NUEVO-CAMION-DE-CARGA-LATERAL-E-INICIO-EL-PLAN-DE-CONTENERIZACION-EN-EZPELETA-2-768x512.jpg 768w, https:\/\/treslineasnoticias.com.ar\/wp-content\/uploads\/2026\/09\/EL-MUNICIPIO-DE-QUILMES-SUMO-UN-NUEVO-CAMION-DE-CARGA-LATERAL-E-INICIO-EL-PLAN-DE-CONTENERIZACION-EN-EZPELETA-2.jpg 1280w\" sizes=\"auto, (max-width: 1024px) 100vw, 1024px\" \/><\/figure>\n\n\n\n<p>Finalmente, el cronograma de avance dispuesto por el \u00e1rea de GIRSU contempla el siguiente esquema: el jueves 3 se colocar\u00e1n 7 contenedores sobre la avenida Centenario, en el tramo comprendido entre Sucre y Domingo Sobral; durante el s\u00e1bado 5 y el domingo 6, se instalar\u00e1n 13 unidades en el microcentro de la localidad, de la calle Per\u00fa a Zolezzi; el domingo 13, se concretar\u00e1 la colocaci\u00f3n de 10 contenedores en el \u00e1rea c\u00e9ntrica y sobre la avenida San Mart\u00edn, desde Domingo Sobral hasta Sucre, y finalmente, el domingo 20, ser\u00e1n instalados los 5 restantes en Sobral entre las avenidas San Mart\u00edn y Centenario.<\/p>\n\n\n\n<p>Estuvieron presentes en la actividad el director regional de Servicios P\u00fablicos, Jonatan Marcelo; el subsecretario Operativo, Juan Rodr\u00edguez; y el delegado municipal, H\u00e9ctor Gonz\u00e1lez.<\/p>\n","protected":false},"excerpt":{"rendered":"<p>El Municipio de Quilmes present\u00f3 oficialmente la incorporaci\u00f3n de un nuevo cami\u00f3n de carga lateral a la flota del sistema de Gesti\u00f3n Integral de Residuos S\u00f3lidos Urbanos (GIRSU) y la colocaci\u00f3n progresiva de 35 nuevos contenedores durante el mes de septiembre, en una actividad que encabez\u00f3 la intendenta interina de Quilmes, Eva Mieri. \u201cEste es [&hellip;]<\/p>\n","protected":false},"author":3,"featured_media":29744,"comment_status":"open","ping_status":"open","sticky":false,"template":"","format":"standard","meta":{"_jetpack_memberships_contains_paid_content":false,"footnotes":""},"categories":[5],"tags":[],"class_list":["post-29740","post","type-post","status-publish","format-standard","has-post-thumbnail","hentry","category-quilmes"],"yoast_head":"<!-- This site is optimized with the Yoast SEO plugin v27.5 - https:\/\/yoast.com\/product\/yoast-seo-wordpress\/ -->\n<title>El municipio de Quilmes sum\u00f3 un nuevo cami\u00f3n de carga lateral e inici\u00f3 el plan de contenerizaci\u00f3n en Ezpeleta - Tres Lineas Noticias<\/title>\n<meta name=\"robots\" content=\"index, follow, max-snippet:-1, max-image-preview:large, max-video-preview:-1\" \/>\n<link rel=\"canonical\" href=\"https:\/\/treslineasnoticias.com.ar\/?p=29740\" \/>\n<meta property=\"og:locale\" content=\"es_ES\" \/>\n<meta property=\"og:type\" content=\"article\" \/>\n<meta property=\"og:title\" content=\"El municipio de Quilmes sum\u00f3 un nuevo cami\u00f3n de carga lateral e inici\u00f3 el plan de contenerizaci\u00f3n en Ezpeleta - Tres Lineas Noticias\" \/>\n<meta property=\"og:description\" content=\"El Municipio de Quilmes present\u00f3 oficialmente la incorporaci\u00f3n de un nuevo cami\u00f3n de carga lateral a la flota del sistema de Gesti\u00f3n Integral de Residuos S\u00f3lidos Urbanos (GIRSU) y la colocaci\u00f3n progresiva de 35 nuevos contenedores durante el mes de septiembre, en una actividad que encabez\u00f3 la intendenta interina de Quilmes, Eva Mieri. \u201cEste es [&hellip;]\" \/>\n<meta property=\"og:url\" content=\"https:\/\/treslineasnoticias.com.ar\/?p=29740\" \/>\n<meta property=\"og:site_name\" content=\"Tres Lineas Noticias\" \/>\n<meta property=\"article:published_time\" content=\"2026-09-02T17:50:00+00:00\" \/>\n<meta property=\"article:modified_time\" content=\"2026-09-03T18:03:14+00:00\" \/>\n<meta property=\"og:image\" content=\"http:\/\/treslineasnoticias.com.ar\/wp-content\/uploads\/2026\/09\/EL-MUNICIPIO-DE-QUILMES-SUMO-UN-NUEVO-CAMION-DE-CARGA-LATERAL-E-INICIO-EL-PLAN-DE-CONTENERIZACION-EN-EZPELETA-1.jpg\" \/>\n\t<meta property=\"og:image:width\" content=\"1280\" \/>\n\t<meta property=\"og:image:height\" content=\"853\" \/>\n\t<meta property=\"og:image:type\" content=\"image\/jpeg\" \/>\n<meta name=\"author\" content=\"Horacio L\u00f3pez\" \/>\n<meta name=\"twitter:card\" content=\"summary_large_image\" \/>\n<meta name=\"twitter:label1\" content=\"Escrito por\" \/>\n\t<meta name=\"twitter:data1\" content=\"Horacio L\u00f3pez\" \/>\n\t<meta name=\"twitter:label2\" content=\"Tiempo de lectura\" \/>\n\t<meta name=\"twitter:data2\" content=\"4 minutos\" \/>\n<script type=\"application\/ld+json\" class=\"yoast-schema-graph\">{\"@context\":\"https:\\\/\\\/schema.org\",\"@graph\":[{\"@type\":\"Article\",\"@id\":\"https:\\\/\\\/treslineasnoticias.com.ar\\\/?p=29740#article\",\"isPartOf\":{\"@id\":\"https:\\\/\\\/treslineasnoticias.com.ar\\\/?p=29740\"},\"author\":{\"name\":\"Horacio L\u00f3pez\",\"@id\":\"https:\\\/\\\/treslineasnoticias.com.ar\\\/#\\\/schema\\\/person\\\/c5f7249e50517b84c2379b145ca14895\"},\"headline\":\"El municipio de Quilmes sum\u00f3 un nuevo cami\u00f3n de carga lateral e inici\u00f3 el plan de contenerizaci\u00f3n en Ezpeleta\",\"datePublished\":\"2026-09-02T17:50:00+00:00\",\"dateModified\":\"2026-09-03T18:03:14+00:00\",\"mainEntityOfPage\":{\"@id\":\"https:\\\/\\\/treslineasnoticias.com.ar\\\/?p=29740\"},\"wordCount\":644,\"commentCount\":0,\"image\":{\"@id\":\"https:\\\/\\\/treslineasnoticias.com.ar\\\/?p=29740#primaryimage\"},\"thumbnailUrl\":\"https:\\\/\\\/treslineasnoticias.com.ar\\\/wp-content\\\/uploads\\\/2026\\\/09\\\/EL-MUNICIPIO-DE-QUILMES-SUMO-UN-NUEVO-CAMION-DE-CARGA-LATERAL-E-INICIO-EL-PLAN-DE-CONTENERIZACION-EN-EZPELETA-1.jpg\",\"articleSection\":[\"Quilmes\"],\"inLanguage\":\"es\",\"potentialAction\":[{\"@type\":\"CommentAction\",\"name\":\"Comment\",\"target\":[\"https:\\\/\\\/treslineasnoticias.com.ar\\\/?p=29740#respond\"]}]},{\"@type\":\"WebPage\",\"@id\":\"https:\\\/\\\/treslineasnoticias.com.ar\\\/?p=29740\",\"url\":\"https:\\\/\\\/treslineasnoticias.com.ar\\\/?p=29740\",\"name\":\"El municipio de Quilmes sum\u00f3 un nuevo cami\u00f3n de carga lateral e inici\u00f3 el plan de contenerizaci\u00f3n en Ezpeleta - Tres Lineas Noticias\",\"isPartOf\":{\"@id\":\"https:\\\/\\\/treslineasnoticias.com.ar\\\/#website\"},\"primaryImageOfPage\":{\"@id\":\"https:\\\/\\\/treslineasnoticias.com.ar\\\/?p=29740#primaryimage\"},\"image\":{\"@id\":\"https:\\\/\\\/treslineasnoticias.com.ar\\\/?p=29740#primaryimage\"},\"thumbnailUrl\":\"https:\\\/\\\/treslineasnoticias.com.ar\\\/wp-content\\\/uploads\\\/2026\\\/09\\\/EL-MUNICIPIO-DE-QUILMES-SUMO-UN-NUEVO-CAMION-DE-CARGA-LATERAL-E-INICIO-EL-PLAN-DE-CONTENERIZACION-EN-EZPELETA-1.jpg\",\"datePublished\":\"2026-09-02T17:50:00+00:00\",\"dateModified\":\"2026-09-03T18:03:14+00:00\",\"author\":{\"@id\":\"https:\\\/\\\/treslineasnoticias.com.ar\\\/#\\\/schema\\\/person\\\/c5f7249e50517b84c2379b145ca14895\"},\"breadcrumb\":{\"@id\":\"https:\\\/\\\/treslineasnoticias.com.ar\\\/?p=29740#breadcrumb\"},\"inLanguage\":\"es\",\"potentialAction\":[{\"@type\":\"ReadAction\",\"target\":[\"https:\\\/\\\/treslineasnoticias.com.ar\\\/?p=29740\"]}]},{\"@type\":\"ImageObject\",\"inLanguage\":\"es\",\"@id\":\"https:\\\/\\\/treslineasnoticias.com.ar\\\/?p=29740#primaryimage\",\"url\":\"https:\\\/\\\/treslineasnoticias.com.ar\\\/wp-content\\\/uploads\\\/2026\\\/09\\\/EL-MUNICIPIO-DE-QUILMES-SUMO-UN-NUEVO-CAMION-DE-CARGA-LATERAL-E-INICIO-EL-PLAN-DE-CONTENERIZACION-EN-EZPELETA-1.jpg\",\"contentUrl\":\"https:\\\/\\\/treslineasnoticias.com.ar\\\/wp-content\\\/uploads\\\/2026\\\/09\\\/EL-MUNICIPIO-DE-QUILMES-SUMO-UN-NUEVO-CAMION-DE-CARGA-LATERAL-E-INICIO-EL-PLAN-DE-CONTENERIZACION-EN-EZPELETA-1.jpg\",\"width\":1280,\"height\":853},{\"@type\":\"BreadcrumbList\",\"@id\":\"https:\\\/\\\/treslineasnoticias.com.ar\\\/?p=29740#breadcrumb\",\"itemListElement\":[{\"@type\":\"ListItem\",\"position\":1,\"name\":\"Portada\",\"item\":\"https:\\\/\\\/treslineasnoticias.com.ar\\\/\"},{\"@type\":\"ListItem\",\"position\":2,\"name\":\"El municipio de Quilmes sum\u00f3 un nuevo cami\u00f3n de carga lateral e inici\u00f3 el plan de contenerizaci\u00f3n en Ezpeleta\"}]},{\"@type\":\"WebSite\",\"@id\":\"https:\\\/\\\/treslineasnoticias.com.ar\\\/#website\",\"url\":\"https:\\\/\\\/treslineasnoticias.com.ar\\\/\",\"name\":\"Tres Lineas Noticias\",\"description\":\"\",\"potentialAction\":[{\"@type\":\"SearchAction\",\"target\":{\"@type\":\"EntryPoint\",\"urlTemplate\":\"https:\\\/\\\/treslineasnoticias.com.ar\\\/?s={search_term_string}\"},\"query-input\":{\"@type\":\"PropertyValueSpecification\",\"valueRequired\":true,\"valueName\":\"search_term_string\"}}],\"inLanguage\":\"es\"},{\"@type\":\"Person\",\"@id\":\"https:\\\/\\\/treslineasnoticias.com.ar\\\/#\\\/schema\\\/person\\\/c5f7249e50517b84c2379b145ca14895\",\"name\":\"Horacio L\u00f3pez\",\"image\":{\"@type\":\"ImageObject\",\"inLanguage\":\"es\",\"@id\":\"https:\\\/\\\/treslineasnoticias.com.ar\\\/wp-content\\\/litespeed\\\/avatar\\\/f5a5e9d378b20cf999cb9a940a8324f3.jpg?ver=1788116984\",\"url\":\"https:\\\/\\\/treslineasnoticias.com.ar\\\/wp-content\\\/litespeed\\\/avatar\\\/f5a5e9d378b20cf999cb9a940a8324f3.jpg?ver=1788116984\",\"contentUrl\":\"https:\\\/\\\/treslineasnoticias.com.ar\\\/wp-content\\\/litespeed\\\/avatar\\\/f5a5e9d378b20cf999cb9a940a8324f3.jpg?ver=1788116984\",\"caption\":\"Horacio L\u00f3pez\"},\"sameAs\":[\"http:\\\/\\\/treslineasnoticias.com.ar\"],\"url\":\"https:\\\/\\\/treslineasnoticias.com.ar\\\/?author=3\"}]}<\/script>\n<!-- \/ Yoast SEO plugin. -->","yoast_head_json":{"title":"El municipio de Quilmes sum\u00f3 un nuevo cami\u00f3n de carga lateral e inici\u00f3 el plan de contenerizaci\u00f3n en Ezpeleta - Tres Lineas Noticias","robots":{"index":"index","follow":"follow","max-snippet":"max-snippet:-1","max-image-preview":"max-image-preview:large","max-video-preview":"max-video-preview:-1"},"canonical":"https:\/\/treslineasnoticias.com.ar\/?p=29740","og_locale":"es_ES","og_type":"article","og_title":"El municipio de Quilmes sum\u00f3 un nuevo cami\u00f3n de carga lateral e inici\u00f3 el plan de contenerizaci\u00f3n en Ezpeleta - Tres Lineas Noticias","og_description":"El Municipio de Quilmes present\u00f3 oficialmente la incorporaci\u00f3n de un nuevo cami\u00f3n de carga lateral a la flota del sistema de Gesti\u00f3n Integral de Residuos S\u00f3lidos Urbanos (GIRSU) y la colocaci\u00f3n progresiva de 35 nuevos contenedores durante el mes de septiembre, en una actividad que encabez\u00f3 la intendenta interina de Quilmes, Eva Mieri. \u201cEste es [&hellip;]","og_url":"https:\/\/treslineasnoticias.com.ar\/?p=29740","og_site_name":"Tres Lineas Noticias","article_published_time":"2026-09-02T17:50:00+00:00","article_modified_time":"2026-09-03T18:03:14+00:00","og_image":[{"width":1280,"height":853,"url":"http:\/\/treslineasnoticias.com.ar\/wp-content\/uploads\/2026\/09\/EL-MUNICIPIO-DE-QUILMES-SUMO-UN-NUEVO-CAMION-DE-CARGA-LATERAL-E-INICIO-EL-PLAN-DE-CONTENERIZACION-EN-EZPELETA-1.jpg","type":"image\/jpeg"}],"author":"Horacio L\u00f3pez","twitter_card":"summary_large_image","twitter_misc":{"Escrito por":"Horacio L\u00f3pez","Tiempo de lectura":"4 minutos"},"schema":{"@context":"https:\/\/schema.org","@graph":[{"@type":"Article","@id":"https:\/\/treslineasnoticias.com.ar\/?p=29740#article","isPartOf":{"@id":"https:\/\/treslineasnoticias.com.ar\/?p=29740"},"author":{"name":"Horacio L\u00f3pez","@id":"https:\/\/treslineasnoticias.com.ar\/#\/schema\/person\/c5f7249e50517b84c2379b145ca14895"},"headline":"El municipio de Quilmes sum\u00f3 un nuevo cami\u00f3n de carga lateral e inici\u00f3 el plan de contenerizaci\u00f3n en Ezpeleta","datePublished":"2026-09-02T17:50:00+00:00","dateModified":"2026-09-03T18:03:14+00:00","mainEntityOfPage":{"@id":"https:\/\/treslineasnoticias.com.ar\/?p=29740"},"wordCount":644,"commentCount":0,"image":{"@id":"https:\/\/treslineasnoticias.com.ar\/?p=29740#primaryimage"},"thumbnailUrl":"https:\/\/treslineasnoticias.com.ar\/wp-content\/uploads\/2026\/09\/EL-MUNICIPIO-DE-QUILMES-SUMO-UN-NUEVO-CAMION-DE-CARGA-LATERAL-E-INICIO-EL-PLAN-DE-CONTENERIZACION-EN-EZPELETA-1.jpg","articleSection":["Quilmes"],"inLanguage":"es","potentialAction":[{"@type":"CommentAction","name":"Comment","target":["https:\/\/treslineasnoticias.com.ar\/?p=29740#respond"]}]},{"@type":"WebPage","@id":"https:\/\/treslineasnoticias.com.ar\/?p=29740","url":"https:\/\/treslineasnoticias.com.ar\/?p=29740","name":"El municipio de Quilmes sum\u00f3 un nuevo cami\u00f3n de carga lateral e inici\u00f3 el plan de contenerizaci\u00f3n en Ezpeleta - Tres Lineas Noticias","isPartOf":{"@id":"https:\/\/treslineasnoticias.com.ar\/#website"},"primaryImageOfPage":{"@id":"https:\/\/treslineasnoticias.com.ar\/?p=29740#primaryimage"},"image":{"@id":"https:\/\/treslineasnoticias.com.ar\/?p=29740#primaryimage"},"thumbnailUrl":"https:\/\/treslineasnoticias.com.ar\/wp-content\/uploads\/2026\/09\/EL-MUNICIPIO-DE-QUILMES-SUMO-UN-NUEVO-CAMION-DE-CARGA-LATERAL-E-INICIO-EL-PLAN-DE-CONTENERIZACION-EN-EZPELETA-1.jpg","datePublished":"2026-09-02T17:50:00+00:00","dateModified":"2026-09-03T18:03:14+00:00","author":{"@id":"https:\/\/treslineasnoticias.com.ar\/#\/schema\/person\/c5f7249e50517b84c2379b145ca14895"},"breadcrumb":{"@id":"https:\/\/treslineasnoticias.com.ar\/?p=29740#breadcrumb"},"inLanguage":"es","potentialAction":[{"@type":"ReadAction","target":["https:\/\/treslineasnoticias.com.ar\/?p=29740"]}]},{"@type":"ImageObject","inLanguage":"es","@id":"https:\/\/treslineasnoticias.com.ar\/?p=29740#primaryimage","url":"https:\/\/treslineasnoticias.com.ar\/wp-content\/uploads\/2026\/09\/EL-MUNICIPIO-DE-QUILMES-SUMO-UN-NUEVO-CAMION-DE-CARGA-LATERAL-E-INICIO-EL-PLAN-DE-CONTENERIZACION-EN-EZPELETA-1.jpg","contentUrl":"https:\/\/treslineasnoticias.com.ar\/wp-content\/uploads\/2026\/09\/EL-MUNICIPIO-DE-QUILMES-SUMO-UN-NUEVO-CAMION-DE-CARGA-LATERAL-E-INICIO-EL-PLAN-DE-CONTENERIZACION-EN-EZPELETA-1.jpg","width":1280,"height":853},{"@type":"BreadcrumbList","@id":"https:\/\/treslineasnoticias.com.ar\/?p=29740#breadcrumb","itemListElement":[{"@type":"ListItem","position":1,"name":"Portada","item":"https:\/\/treslineasnoticias.com.ar\/"},{"@type":"ListItem","position":2,"name":"El municipio de Quilmes sum\u00f3 un nuevo cami\u00f3n de carga lateral e inici\u00f3 el plan de contenerizaci\u00f3n en Ezpeleta"}]},{"@type":"WebSite","@id":"https:\/\/treslineasnoticias.com.ar\/#website","url":"https:\/\/treslineasnoticias.com.ar\/","name":"Tres Lineas Noticias","description":"","potentialAction":[{"@type":"SearchAction","target":{"@type":"EntryPoint","urlTemplate":"https:\/\/treslineasnoticias.com.ar\/?s={search_term_string}"},"query-input":{"@type":"PropertyValueSpecification","valueRequired":true,"valueName":"search_term_string"}}],"inLanguage":"es"},{"@type":"Person","@id":"https:\/\/treslineasnoticias.com.ar\/#\/schema\/person\/c5f7249e50517b84c2379b145ca14895","name":"Horacio L\u00f3pez","image":{"@type":"ImageObject","inLanguage":"es","@id":"https:\/\/treslineasnoticias.com.ar\/wp-content\/litespeed\/avatar\/f5a5e9d378b20cf999cb9a940a8324f3.jpg?ver=1788116984","url":"https:\/\/treslineasnoticias.com.ar\/wp-content\/litespeed\/avatar\/f5a5e9d378b20cf999cb9a940a8324f3.jpg?ver=1788116984","contentUrl":"https:\/\/treslineasnoticias.com.ar\/wp-content\/litespeed\/avatar\/f5a5e9d378b20cf999cb9a940a8324f3.jpg?ver=1788116984","caption":"Horacio L\u00f3pez"},"sameAs":["http:\/\/treslineasnoticias.com.ar"],"url":"https:\/\/treslineasnoticias.com.ar\/?author=3"}]}},"jetpack_featured_media_url":"https:\/\/treslineasnoticias.com.ar\/wp-content\/uploads\/2026\/09\/EL-MUNICIPIO-DE-QUILMES-SUMO-UN-NUEVO-CAMION-DE-CARGA-LATERAL-E-INICIO-EL-PLAN-DE-CONTENERIZACION-EN-EZPELETA-1.jpg","jetpack_sharing_enabled":true,"_links":{"self":[{"href":"https:\/\/treslineasnoticias.com.ar\/index.php?rest_route=\/wp\/v2\/posts\/29740","targetHints":{"allow":["GET"]}}],"collection":[{"href":"https:\/\/treslineasnoticias.com.ar\/index.php?rest_route=\/wp\/v2\/posts"}],"about":[{"href":"https:\/\/treslineasnoticias.com.ar\/index.php?rest_route=\/wp\/v2\/types\/post"}],"author":[{"embeddable":true,"href":"https:\/\/treslineasnoticias.com.ar\/index.php?rest_route=\/wp\/v2\/users\/3"}],"replies":[{"embeddable":true,"href":"https:\/\/treslineasnoticias.com.ar\/index.php?rest_route=%2Fwp%2Fv2%2Fcomments&post=29740"}],"version-history":[{"count":1,"href":"https:\/\/treslineasnoticias.com.ar\/index.php?rest_route=\/wp\/v2\/posts\/29740\/revisions"}],"predecessor-version":[{"id":29745,"href":"https:\/\/treslineasnoticias.com.ar\/index.php?rest_route=\/wp\/v2\/posts\/29740\/revisions\/29745"}],"wp:featuredmedia":[{"embeddable":true,"href":"https:\/\/treslineasnoticias.com.ar\/index.php?rest_route=\/wp\/v2\/media\/29744"}],"wp:attachment":[{"href":"https:\/\/treslineasnoticias.com.ar\/index.php?rest_route=%2Fwp%2Fv2%2Fmedia&parent=29740"}],"wp:term":[{"taxonomy":"category","embeddable":true,"href":"https:\/\/treslineasnoticias.com.ar\/index.php?rest_route=%2Fwp%2Fv2%2Fcategories&post=29740"},{"taxonomy":"post_tag","embeddable":true,"href":"https:\/\/treslineasnoticias.com.ar\/index.php?rest_route=%2Fwp%2Fv2%2Ftags&post=29740"}],"curies":[{"name":"wp","href":"https:\/\/api.w.org\/{rel}","templated":true}]}}