{"id":29758,"date":"2026-09-02T18:55:00","date_gmt":"2026-09-02T21:55:00","guid":{"rendered":"https:\/\/treslineasnoticias.com.ar\/?p=29758"},"modified":"2026-09-03T15:44:00","modified_gmt":"2026-09-03T18:44:00","slug":"andres-watson-convoco-a-su-gabinete-para-planificar-acciones-preventivas-y-protocolos-de-accion-ante-el-fenomeno-de-el-nino","status":"publish","type":"post","link":"https:\/\/treslineasnoticias.com.ar\/?p=29758","title":{"rendered":"Andr\u00e9s Watson convoc\u00f3 a su gabinete para planificar acciones preventivas y protocolos de acci\u00f3n ante el fen\u00f3meno de \u201cEl Ni\u00f1o\u201d"},"content":{"rendered":"\n<p><em><strong>El intendente Andr\u00e9s Watson reuni\u00f3 a las y los integrantes de su gobierno el mi\u00e9rcoles por la ma\u00f1ana en el predio de la ex empresa AGFA con la premisa de proyectar las intervenciones de cada Secretar\u00eda con un eje central: mitigar los efectos del evento clim\u00e1tico.<\/strong><\/em><\/p>\n\n\n\n<p>\u201cSolicit\u00e9 al gabinete establecer procedimientos destinados a una administraci\u00f3n eficaz de los recursos ante eventuales situaciones de emergencia suscitadas por las caracter\u00edsticas propias de `El Ni\u00f1o\u00b4\u201d, explic\u00f3 el Mandatario varelense.<\/p>\n\n\n\n<p>En ese contexto, la m\u00e1xima autoridad en el partido advirti\u00f3 \u201cla complejidad de un fen\u00f3meno que requiri\u00f3 mantener a los equipos comunales en alerta y expandir nuestros sistemas de pron\u00f3stico climatol\u00f3gico en contraposici\u00f3n a un desguace del Servicio Meteorol\u00f3gico Nacional con la grave consecuencia de no contar tanto con su alcance como con su capacidad de previsi\u00f3n\u201d.<\/p>\n\n\n\n<p>En ese \u00e1mbito, personal de la plataforma municipal \u201cMeteoVarela\u201d detall\u00f3 frente al auditorio las cualidades del suceso atmosf\u00e9rico con una intensidad elevada registrada por \u00faltima vez en 1950.<\/p>\n\n\n\n<p>\u201cM\u00e1s precipitaciones, m\u00e1s humedad, m\u00e1s nubosidad, baja temperatura\u201d, aseveraron los profesionales, quienes avanzaron \u201cen la localizaci\u00f3n de estaciones meteorol\u00f3gicas en distintos puntos del distrito para constituir una red propia, pero tambi\u00e9n palear las fallas o aver\u00edas en los dispositivos del organismo federal\u201d.<\/p>\n\n\n\n<p>La coordinaci\u00f3n de la presente convocatoria realizada por el Alcalde estuvo en sinton\u00eda con la presentaci\u00f3n del plan provincial con iniciativas para la gesti\u00f3n del riesgo, donde el gobernador bonaerense Axel Kicillof anunci\u00f3 una inversi\u00f3n millonaria destinada a reforzar la prevenci\u00f3n en articulaci\u00f3n con los Ejecutivos distritales.<\/p>\n","protected":false},"excerpt":{"rendered":"<p>El intendente Andr\u00e9s Watson reuni\u00f3 a las y los integrantes de su gobierno el mi\u00e9rcoles por la ma\u00f1ana en el predio de la ex empresa AGFA con la premisa de proyectar las intervenciones de cada Secretar\u00eda con un eje central: mitigar los efectos del evento clim\u00e1tico. \u201cSolicit\u00e9 al gabinete establecer procedimientos destinados a una administraci\u00f3n [&hellip;]<\/p>\n","protected":false},"author":3,"featured_media":29759,"comment_status":"open","ping_status":"open","sticky":false,"template":"","format":"standard","meta":{"_jetpack_memberships_contains_paid_content":false,"footnotes":""},"categories":[6],"tags":[],"class_list":["post-29758","post","type-post","status-publish","format-standard","has-post-thumbnail","hentry","category-florencio-varela"],"yoast_head":"<!-- This site is optimized with the Yoast SEO plugin v27.5 - https:\/\/yoast.com\/product\/yoast-seo-wordpress\/ -->\n<title>Andr\u00e9s Watson convoc\u00f3 a su gabinete para planificar acciones preventivas y protocolos de acci\u00f3n ante el fen\u00f3meno de \u201cEl Ni\u00f1o\u201d - Tres Lineas Noticias<\/title>\n<meta name=\"robots\" content=\"index, follow, max-snippet:-1, max-image-preview:large, max-video-preview:-1\" \/>\n<link rel=\"canonical\" href=\"https:\/\/treslineasnoticias.com.ar\/?p=29758\" \/>\n<meta property=\"og:locale\" content=\"es_ES\" \/>\n<meta property=\"og:type\" content=\"article\" \/>\n<meta property=\"og:title\" content=\"Andr\u00e9s Watson convoc\u00f3 a su gabinete para planificar acciones preventivas y protocolos de acci\u00f3n ante el fen\u00f3meno de \u201cEl Ni\u00f1o\u201d - Tres Lineas Noticias\" \/>\n<meta property=\"og:description\" content=\"El intendente Andr\u00e9s Watson reuni\u00f3 a las y los integrantes de su gobierno el mi\u00e9rcoles por la ma\u00f1ana en el predio de la ex empresa AGFA con la premisa de proyectar las intervenciones de cada Secretar\u00eda con un eje central: mitigar los efectos del evento clim\u00e1tico. \u201cSolicit\u00e9 al gabinete establecer procedimientos destinados a una administraci\u00f3n [&hellip;]\" \/>\n<meta property=\"og:url\" content=\"https:\/\/treslineasnoticias.com.ar\/?p=29758\" \/>\n<meta property=\"og:site_name\" content=\"Tres Lineas Noticias\" \/>\n<meta property=\"article:published_time\" content=\"2026-09-02T21:55:00+00:00\" \/>\n<meta property=\"article:modified_time\" content=\"2026-09-03T18:44:00+00:00\" \/>\n<meta property=\"og:image\" content=\"http:\/\/treslineasnoticias.com.ar\/wp-content\/uploads\/2026\/09\/39238ef5-027f-41fa-651f-9a0a21c9717d-scaled.jpg\" \/>\n\t<meta property=\"og:image:width\" content=\"2560\" \/>\n\t<meta property=\"og:image:height\" content=\"1706\" \/>\n\t<meta property=\"og:image:type\" content=\"image\/jpeg\" \/>\n<meta name=\"author\" content=\"Horacio L\u00f3pez\" \/>\n<meta name=\"twitter:card\" content=\"summary_large_image\" \/>\n<meta name=\"twitter:label1\" content=\"Escrito por\" \/>\n\t<meta name=\"twitter:data1\" content=\"Horacio L\u00f3pez\" \/>\n\t<meta name=\"twitter:label2\" content=\"Tiempo de lectura\" \/>\n\t<meta name=\"twitter:data2\" content=\"2 minutos\" \/>\n<script type=\"application\/ld+json\" class=\"yoast-schema-graph\">{\"@context\":\"https:\\\/\\\/schema.org\",\"@graph\":[{\"@type\":\"Article\",\"@id\":\"https:\\\/\\\/treslineasnoticias.com.ar\\\/?p=29758#article\",\"isPartOf\":{\"@id\":\"https:\\\/\\\/treslineasnoticias.com.ar\\\/?p=29758\"},\"author\":{\"name\":\"Horacio L\u00f3pez\",\"@id\":\"https:\\\/\\\/treslineasnoticias.com.ar\\\/#\\\/schema\\\/person\\\/c5f7249e50517b84c2379b145ca14895\"},\"headline\":\"Andr\u00e9s Watson convoc\u00f3 a su gabinete para planificar acciones preventivas y protocolos de acci\u00f3n ante el fen\u00f3meno de \u201cEl Ni\u00f1o\u201d\",\"datePublished\":\"2026-09-02T21:55:00+00:00\",\"dateModified\":\"2026-09-03T18:44:00+00:00\",\"mainEntityOfPage\":{\"@id\":\"https:\\\/\\\/treslineasnoticias.com.ar\\\/?p=29758\"},\"wordCount\":303,\"commentCount\":0,\"image\":{\"@id\":\"https:\\\/\\\/treslineasnoticias.com.ar\\\/?p=29758#primaryimage\"},\"thumbnailUrl\":\"https:\\\/\\\/treslineasnoticias.com.ar\\\/wp-content\\\/uploads\\\/2026\\\/09\\\/39238ef5-027f-41fa-651f-9a0a21c9717d-scaled.jpg\",\"articleSection\":[\"Florencio Varela\"],\"inLanguage\":\"es\",\"potentialAction\":[{\"@type\":\"CommentAction\",\"name\":\"Comment\",\"target\":[\"https:\\\/\\\/treslineasnoticias.com.ar\\\/?p=29758#respond\"]}]},{\"@type\":\"WebPage\",\"@id\":\"https:\\\/\\\/treslineasnoticias.com.ar\\\/?p=29758\",\"url\":\"https:\\\/\\\/treslineasnoticias.com.ar\\\/?p=29758\",\"name\":\"Andr\u00e9s Watson convoc\u00f3 a su gabinete para planificar acciones preventivas y protocolos de acci\u00f3n ante el fen\u00f3meno de \u201cEl Ni\u00f1o\u201d - Tres Lineas Noticias\",\"isPartOf\":{\"@id\":\"https:\\\/\\\/treslineasnoticias.com.ar\\\/#website\"},\"primaryImageOfPage\":{\"@id\":\"https:\\\/\\\/treslineasnoticias.com.ar\\\/?p=29758#primaryimage\"},\"image\":{\"@id\":\"https:\\\/\\\/treslineasnoticias.com.ar\\\/?p=29758#primaryimage\"},\"thumbnailUrl\":\"https:\\\/\\\/treslineasnoticias.com.ar\\\/wp-content\\\/uploads\\\/2026\\\/09\\\/39238ef5-027f-41fa-651f-9a0a21c9717d-scaled.jpg\",\"datePublished\":\"2026-09-02T21:55:00+00:00\",\"dateModified\":\"2026-09-03T18:44:00+00:00\",\"author\":{\"@id\":\"https:\\\/\\\/treslineasnoticias.com.ar\\\/#\\\/schema\\\/person\\\/c5f7249e50517b84c2379b145ca14895\"},\"breadcrumb\":{\"@id\":\"https:\\\/\\\/treslineasnoticias.com.ar\\\/?p=29758#breadcrumb\"},\"inLanguage\":\"es\",\"potentialAction\":[{\"@type\":\"ReadAction\",\"target\":[\"https:\\\/\\\/treslineasnoticias.com.ar\\\/?p=29758\"]}]},{\"@type\":\"ImageObject\",\"inLanguage\":\"es\",\"@id\":\"https:\\\/\\\/treslineasnoticias.com.ar\\\/?p=29758#primaryimage\",\"url\":\"https:\\\/\\\/treslineasnoticias.com.ar\\\/wp-content\\\/uploads\\\/2026\\\/09\\\/39238ef5-027f-41fa-651f-9a0a21c9717d-scaled.jpg\",\"contentUrl\":\"https:\\\/\\\/treslineasnoticias.com.ar\\\/wp-content\\\/uploads\\\/2026\\\/09\\\/39238ef5-027f-41fa-651f-9a0a21c9717d-scaled.jpg\",\"width\":2560,\"height\":1706},{\"@type\":\"BreadcrumbList\",\"@id\":\"https:\\\/\\\/treslineasnoticias.com.ar\\\/?p=29758#breadcrumb\",\"itemListElement\":[{\"@type\":\"ListItem\",\"position\":1,\"name\":\"Portada\",\"item\":\"https:\\\/\\\/treslineasnoticias.com.ar\\\/\"},{\"@type\":\"ListItem\",\"position\":2,\"name\":\"Andr\u00e9s Watson convoc\u00f3 a su gabinete para planificar acciones preventivas y protocolos de acci\u00f3n ante el fen\u00f3meno de \u201cEl Ni\u00f1o\u201d\"}]},{\"@type\":\"WebSite\",\"@id\":\"https:\\\/\\\/treslineasnoticias.com.ar\\\/#website\",\"url\":\"https:\\\/\\\/treslineasnoticias.com.ar\\\/\",\"name\":\"Tres Lineas Noticias\",\"description\":\"\",\"potentialAction\":[{\"@type\":\"SearchAction\",\"target\":{\"@type\":\"EntryPoint\",\"urlTemplate\":\"https:\\\/\\\/treslineasnoticias.com.ar\\\/?s={search_term_string}\"},\"query-input\":{\"@type\":\"PropertyValueSpecification\",\"valueRequired\":true,\"valueName\":\"search_term_string\"}}],\"inLanguage\":\"es\"},{\"@type\":\"Person\",\"@id\":\"https:\\\/\\\/treslineasnoticias.com.ar\\\/#\\\/schema\\\/person\\\/c5f7249e50517b84c2379b145ca14895\",\"name\":\"Horacio L\u00f3pez\",\"image\":{\"@type\":\"ImageObject\",\"inLanguage\":\"es\",\"@id\":\"https:\\\/\\\/treslineasnoticias.com.ar\\\/wp-content\\\/litespeed\\\/avatar\\\/f5a5e9d378b20cf999cb9a940a8324f3.jpg?ver=1788116984\",\"url\":\"https:\\\/\\\/treslineasnoticias.com.ar\\\/wp-content\\\/litespeed\\\/avatar\\\/f5a5e9d378b20cf999cb9a940a8324f3.jpg?ver=1788116984\",\"contentUrl\":\"https:\\\/\\\/treslineasnoticias.com.ar\\\/wp-content\\\/litespeed\\\/avatar\\\/f5a5e9d378b20cf999cb9a940a8324f3.jpg?ver=1788116984\",\"caption\":\"Horacio L\u00f3pez\"},\"sameAs\":[\"http:\\\/\\\/treslineasnoticias.com.ar\"],\"url\":\"https:\\\/\\\/treslineasnoticias.com.ar\\\/?author=3\"}]}<\/script>\n<!-- \/ Yoast SEO plugin. -->","yoast_head_json":{"title":"Andr\u00e9s Watson convoc\u00f3 a su gabinete para planificar acciones preventivas y protocolos de acci\u00f3n ante el fen\u00f3meno de \u201cEl Ni\u00f1o\u201d - Tres Lineas Noticias","robots":{"index":"index","follow":"follow","max-snippet":"max-snippet:-1","max-image-preview":"max-image-preview:large","max-video-preview":"max-video-preview:-1"},"canonical":"https:\/\/treslineasnoticias.com.ar\/?p=29758","og_locale":"es_ES","og_type":"article","og_title":"Andr\u00e9s Watson convoc\u00f3 a su gabinete para planificar acciones preventivas y protocolos de acci\u00f3n ante el fen\u00f3meno de \u201cEl Ni\u00f1o\u201d - Tres Lineas Noticias","og_description":"El intendente Andr\u00e9s Watson reuni\u00f3 a las y los integrantes de su gobierno el mi\u00e9rcoles por la ma\u00f1ana en el predio de la ex empresa AGFA con la premisa de proyectar las intervenciones de cada Secretar\u00eda con un eje central: mitigar los efectos del evento clim\u00e1tico. \u201cSolicit\u00e9 al gabinete establecer procedimientos destinados a una administraci\u00f3n [&hellip;]","og_url":"https:\/\/treslineasnoticias.com.ar\/?p=29758","og_site_name":"Tres Lineas Noticias","article_published_time":"2026-09-02T21:55:00+00:00","article_modified_time":"2026-09-03T18:44:00+00:00","og_image":[{"width":2560,"height":1706,"url":"http:\/\/treslineasnoticias.com.ar\/wp-content\/uploads\/2026\/09\/39238ef5-027f-41fa-651f-9a0a21c9717d-scaled.jpg","type":"image\/jpeg"}],"author":"Horacio L\u00f3pez","twitter_card":"summary_large_image","twitter_misc":{"Escrito por":"Horacio L\u00f3pez","Tiempo de lectura":"2 minutos"},"schema":{"@context":"https:\/\/schema.org","@graph":[{"@type":"Article","@id":"https:\/\/treslineasnoticias.com.ar\/?p=29758#article","isPartOf":{"@id":"https:\/\/treslineasnoticias.com.ar\/?p=29758"},"author":{"name":"Horacio L\u00f3pez","@id":"https:\/\/treslineasnoticias.com.ar\/#\/schema\/person\/c5f7249e50517b84c2379b145ca14895"},"headline":"Andr\u00e9s Watson convoc\u00f3 a su gabinete para planificar acciones preventivas y protocolos de acci\u00f3n ante el fen\u00f3meno de \u201cEl Ni\u00f1o\u201d","datePublished":"2026-09-02T21:55:00+00:00","dateModified":"2026-09-03T18:44:00+00:00","mainEntityOfPage":{"@id":"https:\/\/treslineasnoticias.com.ar\/?p=29758"},"wordCount":303,"commentCount":0,"image":{"@id":"https:\/\/treslineasnoticias.com.ar\/?p=29758#primaryimage"},"thumbnailUrl":"https:\/\/treslineasnoticias.com.ar\/wp-content\/uploads\/2026\/09\/39238ef5-027f-41fa-651f-9a0a21c9717d-scaled.jpg","articleSection":["Florencio Varela"],"inLanguage":"es","potentialAction":[{"@type":"CommentAction","name":"Comment","target":["https:\/\/treslineasnoticias.com.ar\/?p=29758#respond"]}]},{"@type":"WebPage","@id":"https:\/\/treslineasnoticias.com.ar\/?p=29758","url":"https:\/\/treslineasnoticias.com.ar\/?p=29758","name":"Andr\u00e9s Watson convoc\u00f3 a su gabinete para planificar acciones preventivas y protocolos de acci\u00f3n ante el fen\u00f3meno de \u201cEl Ni\u00f1o\u201d - Tres Lineas Noticias","isPartOf":{"@id":"https:\/\/treslineasnoticias.com.ar\/#website"},"primaryImageOfPage":{"@id":"https:\/\/treslineasnoticias.com.ar\/?p=29758#primaryimage"},"image":{"@id":"https:\/\/treslineasnoticias.com.ar\/?p=29758#primaryimage"},"thumbnailUrl":"https:\/\/treslineasnoticias.com.ar\/wp-content\/uploads\/2026\/09\/39238ef5-027f-41fa-651f-9a0a21c9717d-scaled.jpg","datePublished":"2026-09-02T21:55:00+00:00","dateModified":"2026-09-03T18:44:00+00:00","author":{"@id":"https:\/\/treslineasnoticias.com.ar\/#\/schema\/person\/c5f7249e50517b84c2379b145ca14895"},"breadcrumb":{"@id":"https:\/\/treslineasnoticias.com.ar\/?p=29758#breadcrumb"},"inLanguage":"es","potentialAction":[{"@type":"ReadAction","target":["https:\/\/treslineasnoticias.com.ar\/?p=29758"]}]},{"@type":"ImageObject","inLanguage":"es","@id":"https:\/\/treslineasnoticias.com.ar\/?p=29758#primaryimage","url":"https:\/\/treslineasnoticias.com.ar\/wp-content\/uploads\/2026\/09\/39238ef5-027f-41fa-651f-9a0a21c9717d-scaled.jpg","contentUrl":"https:\/\/treslineasnoticias.com.ar\/wp-content\/uploads\/2026\/09\/39238ef5-027f-41fa-651f-9a0a21c9717d-scaled.jpg","width":2560,"height":1706},{"@type":"BreadcrumbList","@id":"https:\/\/treslineasnoticias.com.ar\/?p=29758#breadcrumb","itemListElement":[{"@type":"ListItem","position":1,"name":"Portada","item":"https:\/\/treslineasnoticias.com.ar\/"},{"@type":"ListItem","position":2,"name":"Andr\u00e9s Watson convoc\u00f3 a su gabinete para planificar acciones preventivas y protocolos de acci\u00f3n ante el fen\u00f3meno de \u201cEl Ni\u00f1o\u201d"}]},{"@type":"WebSite","@id":"https:\/\/treslineasnoticias.com.ar\/#website","url":"https:\/\/treslineasnoticias.com.ar\/","name":"Tres Lineas Noticias","description":"","potentialAction":[{"@type":"SearchAction","target":{"@type":"EntryPoint","urlTemplate":"https:\/\/treslineasnoticias.com.ar\/?s={search_term_string}"},"query-input":{"@type":"PropertyValueSpecification","valueRequired":true,"valueName":"search_term_string"}}],"inLanguage":"es"},{"@type":"Person","@id":"https:\/\/treslineasnoticias.com.ar\/#\/schema\/person\/c5f7249e50517b84c2379b145ca14895","name":"Horacio L\u00f3pez","image":{"@type":"ImageObject","inLanguage":"es","@id":"https:\/\/treslineasnoticias.com.ar\/wp-content\/litespeed\/avatar\/f5a5e9d378b20cf999cb9a940a8324f3.jpg?ver=1788116984","url":"https:\/\/treslineasnoticias.com.ar\/wp-content\/litespeed\/avatar\/f5a5e9d378b20cf999cb9a940a8324f3.jpg?ver=1788116984","contentUrl":"https:\/\/treslineasnoticias.com.ar\/wp-content\/litespeed\/avatar\/f5a5e9d378b20cf999cb9a940a8324f3.jpg?ver=1788116984","caption":"Horacio L\u00f3pez"},"sameAs":["http:\/\/treslineasnoticias.com.ar"],"url":"https:\/\/treslineasnoticias.com.ar\/?author=3"}]}},"jetpack_featured_media_url":"https:\/\/treslineasnoticias.com.ar\/wp-content\/uploads\/2026\/09\/39238ef5-027f-41fa-651f-9a0a21c9717d-scaled.jpg","jetpack_sharing_enabled":true,"_links":{"self":[{"href":"https:\/\/treslineasnoticias.com.ar\/index.php?rest_route=\/wp\/v2\/posts\/29758","targetHints":{"allow":["GET"]}}],"collection":[{"href":"https:\/\/treslineasnoticias.com.ar\/index.php?rest_route=\/wp\/v2\/posts"}],"about":[{"href":"https:\/\/treslineasnoticias.com.ar\/index.php?rest_route=\/wp\/v2\/types\/post"}],"author":[{"embeddable":true,"href":"https:\/\/treslineasnoticias.com.ar\/index.php?rest_route=\/wp\/v2\/users\/3"}],"replies":[{"embeddable":true,"href":"https:\/\/treslineasnoticias.com.ar\/index.php?rest_route=%2Fwp%2Fv2%2Fcomments&post=29758"}],"version-history":[{"count":1,"href":"https:\/\/treslineasnoticias.com.ar\/index.php?rest_route=\/wp\/v2\/posts\/29758\/revisions"}],"predecessor-version":[{"id":29760,"href":"https:\/\/treslineasnoticias.com.ar\/index.php?rest_route=\/wp\/v2\/posts\/29758\/revisions\/29760"}],"wp:featuredmedia":[{"embeddable":true,"href":"https:\/\/treslineasnoticias.com.ar\/index.php?rest_route=\/wp\/v2\/media\/29759"}],"wp:attachment":[{"href":"https:\/\/treslineasnoticias.com.ar\/index.php?rest_route=%2Fwp%2Fv2%2Fmedia&parent=29758"}],"wp:term":[{"taxonomy":"category","embeddable":true,"href":"https:\/\/treslineasnoticias.com.ar\/index.php?rest_route=%2Fwp%2Fv2%2Fcategories&post=29758"},{"taxonomy":"post_tag","embeddable":true,"href":"https:\/\/treslineasnoticias.com.ar\/index.php?rest_route=%2Fwp%2Fv2%2Ftags&post=29758"}],"curies":[{"name":"wp","href":"https:\/\/api.w.org\/{rel}","templated":true}]}}