{"id":29761,"date":"2026-09-02T21:20:00","date_gmt":"2026-09-03T00:20:00","guid":{"rendered":"https:\/\/treslineasnoticias.com.ar\/?p=29761"},"modified":"2026-09-03T15:53:08","modified_gmt":"2026-09-03T18:53:08","slug":"berazategui-vivio-otra-jornada-de-solidaridad-con-la-7ma-fiesta-de-la-pasta","status":"publish","type":"post","link":"https:\/\/treslineasnoticias.com.ar\/?p=29761","title":{"rendered":"Berazategui vivi\u00f3 otra jornada de solidaridad con la 7ma Fiesta de la Pasta"},"content":{"rendered":"\n<p><em><strong>Se realiz\u00f3 la 7ma Fiesta de la Pasta, con la presencia de cientos de vecinos y vecinas que se unieron para colaborar con el Banco de Leche Humana del Hospital Evita Pueblo y el Centro Oftalmol\u00f3gico Municipal San Camilo. El evento cont\u00f3 con la organizaci\u00f3n del Club de Leones de Berazategui, la colaboraci\u00f3n de la Municipalidad y la participaci\u00f3n de la Agrupaci\u00f3n Familia Siciliana. El intendente municipal, Carlos Balor, se sum\u00f3 a la actividad realizada en el Centro Municipal de Actividades Roberto De Vicenzo.<\/strong><\/em><\/p>\n\n\n\n<figure class=\"wp-block-image size-large\"><img loading=\"lazy\" decoding=\"async\" width=\"1024\" height=\"682\" src=\"http:\/\/treslineasnoticias.com.ar\/wp-content\/uploads\/2026\/09\/Berazategui-vivio-otra-jornada-de-solidaridad-con-la-7ma-Fiesta-de-la-Pasta-1024x682.jpg\" alt=\"\" class=\"wp-image-29765\" srcset=\"https:\/\/treslineasnoticias.com.ar\/wp-content\/uploads\/2026\/09\/Berazategui-vivio-otra-jornada-de-solidaridad-con-la-7ma-Fiesta-de-la-Pasta-1024x682.jpg 1024w, https:\/\/treslineasnoticias.com.ar\/wp-content\/uploads\/2026\/09\/Berazategui-vivio-otra-jornada-de-solidaridad-con-la-7ma-Fiesta-de-la-Pasta-300x200.jpg 300w, https:\/\/treslineasnoticias.com.ar\/wp-content\/uploads\/2026\/09\/Berazategui-vivio-otra-jornada-de-solidaridad-con-la-7ma-Fiesta-de-la-Pasta-768x512.jpg 768w, https:\/\/treslineasnoticias.com.ar\/wp-content\/uploads\/2026\/09\/Berazategui-vivio-otra-jornada-de-solidaridad-con-la-7ma-Fiesta-de-la-Pasta-1536x1023.jpg 1536w, https:\/\/treslineasnoticias.com.ar\/wp-content\/uploads\/2026\/09\/Berazategui-vivio-otra-jornada-de-solidaridad-con-la-7ma-Fiesta-de-la-Pasta.jpg 1600w\" sizes=\"auto, (max-width: 1024px) 100vw, 1024px\" \/><\/figure>\n\n\n\n<p>Al respecto, Balor indic\u00f3: \u201cEstar al lado del Club de Leones es tambi\u00e9n el legado de Juan Jos\u00e9 Mussi. Trabajamos siempre con ellos y vamos a seguir por ese camino, que es el que nos marc\u00f3 el Doctor. Gracias por todo lo que hacen por la comunidad de Berazategui\u201d.<\/p>\n\n\n\n<p>A su vez, el presidente del Club de Leones local, Omar P\u00e9rez, expres\u00f3: \u00abEstamos muy felices por este logro y por ayudar a la comunidad. Agradecemos a todos los que se sumaron y al intendente Carlos Balor, porque siempre trabajamos en conjunto\u201d.<\/p>\n\n\n\n<figure class=\"wp-block-image size-large\"><img loading=\"lazy\" decoding=\"async\" width=\"1024\" height=\"682\" src=\"http:\/\/treslineasnoticias.com.ar\/wp-content\/uploads\/2026\/09\/Berazategui-vivio-otra-jornada-de-solidaridad-con-la-7ma-Fiesta-de-la-Pasta-4-1024x682.jpg\" alt=\"\" class=\"wp-image-29763\" srcset=\"https:\/\/treslineasnoticias.com.ar\/wp-content\/uploads\/2026\/09\/Berazategui-vivio-otra-jornada-de-solidaridad-con-la-7ma-Fiesta-de-la-Pasta-4-1024x682.jpg 1024w, https:\/\/treslineasnoticias.com.ar\/wp-content\/uploads\/2026\/09\/Berazategui-vivio-otra-jornada-de-solidaridad-con-la-7ma-Fiesta-de-la-Pasta-4-300x200.jpg 300w, https:\/\/treslineasnoticias.com.ar\/wp-content\/uploads\/2026\/09\/Berazategui-vivio-otra-jornada-de-solidaridad-con-la-7ma-Fiesta-de-la-Pasta-4-768x512.jpg 768w, https:\/\/treslineasnoticias.com.ar\/wp-content\/uploads\/2026\/09\/Berazategui-vivio-otra-jornada-de-solidaridad-con-la-7ma-Fiesta-de-la-Pasta-4-1536x1023.jpg 1536w, https:\/\/treslineasnoticias.com.ar\/wp-content\/uploads\/2026\/09\/Berazategui-vivio-otra-jornada-de-solidaridad-con-la-7ma-Fiesta-de-la-Pasta-4.jpg 1600w\" sizes=\"auto, (max-width: 1024px) 100vw, 1024px\" \/><\/figure>\n\n\n\n<p>Todo lo recaudado en esta 7ma Fiesta se destinar\u00e1 a equipar el Hospital Evita Pueblo con un freezer vertical y dos extractores de leche humana, adem\u00e1s de colaborar con el Centro Oftalmol\u00f3gico Municipal San Camilo.<\/p>\n\n\n\n<p>En ese sentido, la directora ejecutiva del Hospital Evita Pueblo, Dra. Gabriela Zeoli, se\u00f1al\u00f3: \u201cEsto es un mimo para nuestro Hospital. Estamos muy agradecidos con la ayuda que vamos a recibir y quiero agradecer especialmente al Club de Leones y al Municipio por estar siempre\u201d.<\/p>\n\n\n\n<div class=\"wp-block-jetpack-slideshow aligncenter is-style-rectangular\" data-effect=\"slide\" style=\"--aspect-ratio:calc(640 \/ 426)\"><div class=\"wp-block-jetpack-slideshow_container swiper\"><ul class=\"wp-block-jetpack-slideshow_swiper-wrapper swiper-wrapper\"><li class=\"wp-block-jetpack-slideshow_slide swiper-slide\"><figure><img loading=\"lazy\" decoding=\"async\" width=\"1024\" height=\"682\" alt=\"\" class=\"wp-block-jetpack-slideshow_image wp-image-29764\" data-id=\"29764\" data-aspect-ratio=\"640 \/ 426\" src=\"http:\/\/treslineasnoticias.com.ar\/wp-content\/uploads\/2026\/09\/Berazategui-vivio-otra-jornada-de-solidaridad-con-la-7ma-Fiesta-de-la-Pasta-3-1024x682.jpg\" srcset=\"https:\/\/treslineasnoticias.com.ar\/wp-content\/uploads\/2026\/09\/Berazategui-vivio-otra-jornada-de-solidaridad-con-la-7ma-Fiesta-de-la-Pasta-3-1024x682.jpg 1024w, https:\/\/treslineasnoticias.com.ar\/wp-content\/uploads\/2026\/09\/Berazategui-vivio-otra-jornada-de-solidaridad-con-la-7ma-Fiesta-de-la-Pasta-3-300x200.jpg 300w, https:\/\/treslineasnoticias.com.ar\/wp-content\/uploads\/2026\/09\/Berazategui-vivio-otra-jornada-de-solidaridad-con-la-7ma-Fiesta-de-la-Pasta-3-768x512.jpg 768w, https:\/\/treslineasnoticias.com.ar\/wp-content\/uploads\/2026\/09\/Berazategui-vivio-otra-jornada-de-solidaridad-con-la-7ma-Fiesta-de-la-Pasta-3-1536x1023.jpg 1536w, https:\/\/treslineasnoticias.com.ar\/wp-content\/uploads\/2026\/09\/Berazategui-vivio-otra-jornada-de-solidaridad-con-la-7ma-Fiesta-de-la-Pasta-3.jpg 1600w\" sizes=\"(max-width: 1024px) 100vw, 1024px\" \/><\/figure><\/li><li class=\"wp-block-jetpack-slideshow_slide swiper-slide\"><figure><img loading=\"lazy\" decoding=\"async\" width=\"1024\" height=\"682\" alt=\"\" class=\"wp-block-jetpack-slideshow_image wp-image-29762\" data-id=\"29762\" data-aspect-ratio=\"640 \/ 426\" src=\"http:\/\/treslineasnoticias.com.ar\/wp-content\/uploads\/2026\/09\/Berazategui-vivio-otra-jornada-de-solidaridad-con-la-7ma-Fiesta-de-la-Pasta-1-1024x682.jpg\" srcset=\"https:\/\/treslineasnoticias.com.ar\/wp-content\/uploads\/2026\/09\/Berazategui-vivio-otra-jornada-de-solidaridad-con-la-7ma-Fiesta-de-la-Pasta-1-1024x682.jpg 1024w, https:\/\/treslineasnoticias.com.ar\/wp-content\/uploads\/2026\/09\/Berazategui-vivio-otra-jornada-de-solidaridad-con-la-7ma-Fiesta-de-la-Pasta-1-300x200.jpg 300w, https:\/\/treslineasnoticias.com.ar\/wp-content\/uploads\/2026\/09\/Berazategui-vivio-otra-jornada-de-solidaridad-con-la-7ma-Fiesta-de-la-Pasta-1-768x512.jpg 768w, https:\/\/treslineasnoticias.com.ar\/wp-content\/uploads\/2026\/09\/Berazategui-vivio-otra-jornada-de-solidaridad-con-la-7ma-Fiesta-de-la-Pasta-1-1536x1023.jpg 1536w, https:\/\/treslineasnoticias.com.ar\/wp-content\/uploads\/2026\/09\/Berazategui-vivio-otra-jornada-de-solidaridad-con-la-7ma-Fiesta-de-la-Pasta-1.jpg 1600w\" sizes=\"(max-width: 1024px) 100vw, 1024px\" \/><\/figure><\/li><\/ul><a class=\"wp-block-jetpack-slideshow_button-prev swiper-button-prev swiper-button-white\" role=\"button\"><\/a><a class=\"wp-block-jetpack-slideshow_button-next swiper-button-next swiper-button-white\" role=\"button\"><\/a><a aria-label=\"Pause Slideshow\" class=\"wp-block-jetpack-slideshow_button-pause\" role=\"button\"><\/a><div class=\"wp-block-jetpack-slideshow_pagination swiper-pagination swiper-pagination-white\"><\/div><\/div><\/div>\n\n\n\n<p>Desde hace m\u00e1s de seis d\u00e9cadas, el Club de Leones de Berazategui mantiene una agenda solidaria destacada, que incluye la ayuda a comedores escolares, donaciones a entidades de bien p\u00fablico, env\u00edo de alimentos, medicamentos y ropa a zonas de desastre, adem\u00e1s de articulaci\u00f3n con establecimientos educativos.<\/p>\n","protected":false},"excerpt":{"rendered":"<p>Se realiz\u00f3 la 7ma Fiesta de la Pasta, con la presencia de cientos de vecinos y vecinas que se unieron para colaborar con el Banco de Leche Humana del Hospital Evita Pueblo y el Centro Oftalmol\u00f3gico Municipal San Camilo. El evento cont\u00f3 con la organizaci\u00f3n del Club de Leones de Berazategui, la colaboraci\u00f3n de la [&hellip;]<\/p>\n","protected":false},"author":3,"featured_media":29766,"comment_status":"open","ping_status":"open","sticky":false,"template":"","format":"standard","meta":{"_jetpack_memberships_contains_paid_content":false,"footnotes":""},"categories":[4],"tags":[],"class_list":["post-29761","post","type-post","status-publish","format-standard","has-post-thumbnail","hentry","category-berazategui"],"yoast_head":"<!-- This site is optimized with the Yoast SEO plugin v27.5 - https:\/\/yoast.com\/product\/yoast-seo-wordpress\/ -->\n<title>Berazategui vivi\u00f3 otra jornada de solidaridad con la 7ma Fiesta de la Pasta - Tres Lineas Noticias<\/title>\n<meta name=\"robots\" content=\"index, follow, max-snippet:-1, max-image-preview:large, max-video-preview:-1\" \/>\n<link rel=\"canonical\" href=\"https:\/\/treslineasnoticias.com.ar\/?p=29761\" \/>\n<meta property=\"og:locale\" content=\"es_ES\" \/>\n<meta property=\"og:type\" content=\"article\" \/>\n<meta property=\"og:title\" content=\"Berazategui vivi\u00f3 otra jornada de solidaridad con la 7ma Fiesta de la Pasta - Tres Lineas Noticias\" \/>\n<meta property=\"og:description\" content=\"Se realiz\u00f3 la 7ma Fiesta de la Pasta, con la presencia de cientos de vecinos y vecinas que se unieron para colaborar con el Banco de Leche Humana del Hospital Evita Pueblo y el Centro Oftalmol\u00f3gico Municipal San Camilo. El evento cont\u00f3 con la organizaci\u00f3n del Club de Leones de Berazategui, la colaboraci\u00f3n de la [&hellip;]\" \/>\n<meta property=\"og:url\" content=\"https:\/\/treslineasnoticias.com.ar\/?p=29761\" \/>\n<meta property=\"og:site_name\" content=\"Tres Lineas Noticias\" \/>\n<meta property=\"article:published_time\" content=\"2026-09-03T00:20:00+00:00\" \/>\n<meta property=\"article:modified_time\" content=\"2026-09-03T18:53:08+00:00\" \/>\n<meta property=\"og:image\" content=\"http:\/\/treslineasnoticias.com.ar\/wp-content\/uploads\/2026\/09\/Berazategui-vivio-otra-jornada-de-solidaridad-con-la-7ma-Fiesta-de-la-Pasta-5.jpg\" \/>\n\t<meta property=\"og:image:width\" content=\"1600\" \/>\n\t<meta property=\"og:image:height\" content=\"1066\" \/>\n\t<meta property=\"og:image:type\" content=\"image\/jpeg\" \/>\n<meta name=\"author\" content=\"Horacio L\u00f3pez\" \/>\n<meta name=\"twitter:card\" content=\"summary_large_image\" \/>\n<meta name=\"twitter:label1\" content=\"Escrito por\" \/>\n\t<meta name=\"twitter:data1\" content=\"Horacio L\u00f3pez\" \/>\n\t<meta name=\"twitter:label2\" content=\"Tiempo de lectura\" \/>\n\t<meta name=\"twitter:data2\" content=\"3 minutos\" \/>\n<script type=\"application\/ld+json\" class=\"yoast-schema-graph\">{\"@context\":\"https:\\\/\\\/schema.org\",\"@graph\":[{\"@type\":\"Article\",\"@id\":\"https:\\\/\\\/treslineasnoticias.com.ar\\\/?p=29761#article\",\"isPartOf\":{\"@id\":\"https:\\\/\\\/treslineasnoticias.com.ar\\\/?p=29761\"},\"author\":{\"name\":\"Horacio L\u00f3pez\",\"@id\":\"https:\\\/\\\/treslineasnoticias.com.ar\\\/#\\\/schema\\\/person\\\/c5f7249e50517b84c2379b145ca14895\"},\"headline\":\"Berazategui vivi\u00f3 otra jornada de solidaridad con la 7ma Fiesta de la Pasta\",\"datePublished\":\"2026-09-03T00:20:00+00:00\",\"dateModified\":\"2026-09-03T18:53:08+00:00\",\"mainEntityOfPage\":{\"@id\":\"https:\\\/\\\/treslineasnoticias.com.ar\\\/?p=29761\"},\"wordCount\":330,\"commentCount\":0,\"image\":{\"@id\":\"https:\\\/\\\/treslineasnoticias.com.ar\\\/?p=29761#primaryimage\"},\"thumbnailUrl\":\"https:\\\/\\\/treslineasnoticias.com.ar\\\/wp-content\\\/uploads\\\/2026\\\/09\\\/Berazategui-vivio-otra-jornada-de-solidaridad-con-la-7ma-Fiesta-de-la-Pasta-5.jpg\",\"articleSection\":[\"Berazategui\"],\"inLanguage\":\"es\",\"potentialAction\":[{\"@type\":\"CommentAction\",\"name\":\"Comment\",\"target\":[\"https:\\\/\\\/treslineasnoticias.com.ar\\\/?p=29761#respond\"]}]},{\"@type\":\"WebPage\",\"@id\":\"https:\\\/\\\/treslineasnoticias.com.ar\\\/?p=29761\",\"url\":\"https:\\\/\\\/treslineasnoticias.com.ar\\\/?p=29761\",\"name\":\"Berazategui vivi\u00f3 otra jornada de solidaridad con la 7ma Fiesta de la Pasta - Tres Lineas Noticias\",\"isPartOf\":{\"@id\":\"https:\\\/\\\/treslineasnoticias.com.ar\\\/#website\"},\"primaryImageOfPage\":{\"@id\":\"https:\\\/\\\/treslineasnoticias.com.ar\\\/?p=29761#primaryimage\"},\"image\":{\"@id\":\"https:\\\/\\\/treslineasnoticias.com.ar\\\/?p=29761#primaryimage\"},\"thumbnailUrl\":\"https:\\\/\\\/treslineasnoticias.com.ar\\\/wp-content\\\/uploads\\\/2026\\\/09\\\/Berazategui-vivio-otra-jornada-de-solidaridad-con-la-7ma-Fiesta-de-la-Pasta-5.jpg\",\"datePublished\":\"2026-09-03T00:20:00+00:00\",\"dateModified\":\"2026-09-03T18:53:08+00:00\",\"author\":{\"@id\":\"https:\\\/\\\/treslineasnoticias.com.ar\\\/#\\\/schema\\\/person\\\/c5f7249e50517b84c2379b145ca14895\"},\"breadcrumb\":{\"@id\":\"https:\\\/\\\/treslineasnoticias.com.ar\\\/?p=29761#breadcrumb\"},\"inLanguage\":\"es\",\"potentialAction\":[{\"@type\":\"ReadAction\",\"target\":[\"https:\\\/\\\/treslineasnoticias.com.ar\\\/?p=29761\"]}]},{\"@type\":\"ImageObject\",\"inLanguage\":\"es\",\"@id\":\"https:\\\/\\\/treslineasnoticias.com.ar\\\/?p=29761#primaryimage\",\"url\":\"https:\\\/\\\/treslineasnoticias.com.ar\\\/wp-content\\\/uploads\\\/2026\\\/09\\\/Berazategui-vivio-otra-jornada-de-solidaridad-con-la-7ma-Fiesta-de-la-Pasta-5.jpg\",\"contentUrl\":\"https:\\\/\\\/treslineasnoticias.com.ar\\\/wp-content\\\/uploads\\\/2026\\\/09\\\/Berazategui-vivio-otra-jornada-de-solidaridad-con-la-7ma-Fiesta-de-la-Pasta-5.jpg\",\"width\":1600,\"height\":1066},{\"@type\":\"BreadcrumbList\",\"@id\":\"https:\\\/\\\/treslineasnoticias.com.ar\\\/?p=29761#breadcrumb\",\"itemListElement\":[{\"@type\":\"ListItem\",\"position\":1,\"name\":\"Portada\",\"item\":\"https:\\\/\\\/treslineasnoticias.com.ar\\\/\"},{\"@type\":\"ListItem\",\"position\":2,\"name\":\"Berazategui vivi\u00f3 otra jornada de solidaridad con la 7ma Fiesta de la Pasta\"}]},{\"@type\":\"WebSite\",\"@id\":\"https:\\\/\\\/treslineasnoticias.com.ar\\\/#website\",\"url\":\"https:\\\/\\\/treslineasnoticias.com.ar\\\/\",\"name\":\"Tres Lineas Noticias\",\"description\":\"\",\"potentialAction\":[{\"@type\":\"SearchAction\",\"target\":{\"@type\":\"EntryPoint\",\"urlTemplate\":\"https:\\\/\\\/treslineasnoticias.com.ar\\\/?s={search_term_string}\"},\"query-input\":{\"@type\":\"PropertyValueSpecification\",\"valueRequired\":true,\"valueName\":\"search_term_string\"}}],\"inLanguage\":\"es\"},{\"@type\":\"Person\",\"@id\":\"https:\\\/\\\/treslineasnoticias.com.ar\\\/#\\\/schema\\\/person\\\/c5f7249e50517b84c2379b145ca14895\",\"name\":\"Horacio L\u00f3pez\",\"image\":{\"@type\":\"ImageObject\",\"inLanguage\":\"es\",\"@id\":\"https:\\\/\\\/treslineasnoticias.com.ar\\\/wp-content\\\/litespeed\\\/avatar\\\/f5a5e9d378b20cf999cb9a940a8324f3.jpg?ver=1788116984\",\"url\":\"https:\\\/\\\/treslineasnoticias.com.ar\\\/wp-content\\\/litespeed\\\/avatar\\\/f5a5e9d378b20cf999cb9a940a8324f3.jpg?ver=1788116984\",\"contentUrl\":\"https:\\\/\\\/treslineasnoticias.com.ar\\\/wp-content\\\/litespeed\\\/avatar\\\/f5a5e9d378b20cf999cb9a940a8324f3.jpg?ver=1788116984\",\"caption\":\"Horacio L\u00f3pez\"},\"sameAs\":[\"http:\\\/\\\/treslineasnoticias.com.ar\"],\"url\":\"https:\\\/\\\/treslineasnoticias.com.ar\\\/?author=3\"}]}<\/script>\n<!-- \/ Yoast SEO plugin. -->","yoast_head_json":{"title":"Berazategui vivi\u00f3 otra jornada de solidaridad con la 7ma Fiesta de la Pasta - Tres Lineas Noticias","robots":{"index":"index","follow":"follow","max-snippet":"max-snippet:-1","max-image-preview":"max-image-preview:large","max-video-preview":"max-video-preview:-1"},"canonical":"https:\/\/treslineasnoticias.com.ar\/?p=29761","og_locale":"es_ES","og_type":"article","og_title":"Berazategui vivi\u00f3 otra jornada de solidaridad con la 7ma Fiesta de la Pasta - Tres Lineas Noticias","og_description":"Se realiz\u00f3 la 7ma Fiesta de la Pasta, con la presencia de cientos de vecinos y vecinas que se unieron para colaborar con el Banco de Leche Humana del Hospital Evita Pueblo y el Centro Oftalmol\u00f3gico Municipal San Camilo. El evento cont\u00f3 con la organizaci\u00f3n del Club de Leones de Berazategui, la colaboraci\u00f3n de la [&hellip;]","og_url":"https:\/\/treslineasnoticias.com.ar\/?p=29761","og_site_name":"Tres Lineas Noticias","article_published_time":"2026-09-03T00:20:00+00:00","article_modified_time":"2026-09-03T18:53:08+00:00","og_image":[{"width":1600,"height":1066,"url":"http:\/\/treslineasnoticias.com.ar\/wp-content\/uploads\/2026\/09\/Berazategui-vivio-otra-jornada-de-solidaridad-con-la-7ma-Fiesta-de-la-Pasta-5.jpg","type":"image\/jpeg"}],"author":"Horacio L\u00f3pez","twitter_card":"summary_large_image","twitter_misc":{"Escrito por":"Horacio L\u00f3pez","Tiempo de lectura":"3 minutos"},"schema":{"@context":"https:\/\/schema.org","@graph":[{"@type":"Article","@id":"https:\/\/treslineasnoticias.com.ar\/?p=29761#article","isPartOf":{"@id":"https:\/\/treslineasnoticias.com.ar\/?p=29761"},"author":{"name":"Horacio L\u00f3pez","@id":"https:\/\/treslineasnoticias.com.ar\/#\/schema\/person\/c5f7249e50517b84c2379b145ca14895"},"headline":"Berazategui vivi\u00f3 otra jornada de solidaridad con la 7ma Fiesta de la Pasta","datePublished":"2026-09-03T00:20:00+00:00","dateModified":"2026-09-03T18:53:08+00:00","mainEntityOfPage":{"@id":"https:\/\/treslineasnoticias.com.ar\/?p=29761"},"wordCount":330,"commentCount":0,"image":{"@id":"https:\/\/treslineasnoticias.com.ar\/?p=29761#primaryimage"},"thumbnailUrl":"https:\/\/treslineasnoticias.com.ar\/wp-content\/uploads\/2026\/09\/Berazategui-vivio-otra-jornada-de-solidaridad-con-la-7ma-Fiesta-de-la-Pasta-5.jpg","articleSection":["Berazategui"],"inLanguage":"es","potentialAction":[{"@type":"CommentAction","name":"Comment","target":["https:\/\/treslineasnoticias.com.ar\/?p=29761#respond"]}]},{"@type":"WebPage","@id":"https:\/\/treslineasnoticias.com.ar\/?p=29761","url":"https:\/\/treslineasnoticias.com.ar\/?p=29761","name":"Berazategui vivi\u00f3 otra jornada de solidaridad con la 7ma Fiesta de la Pasta - Tres Lineas Noticias","isPartOf":{"@id":"https:\/\/treslineasnoticias.com.ar\/#website"},"primaryImageOfPage":{"@id":"https:\/\/treslineasnoticias.com.ar\/?p=29761#primaryimage"},"image":{"@id":"https:\/\/treslineasnoticias.com.ar\/?p=29761#primaryimage"},"thumbnailUrl":"https:\/\/treslineasnoticias.com.ar\/wp-content\/uploads\/2026\/09\/Berazategui-vivio-otra-jornada-de-solidaridad-con-la-7ma-Fiesta-de-la-Pasta-5.jpg","datePublished":"2026-09-03T00:20:00+00:00","dateModified":"2026-09-03T18:53:08+00:00","author":{"@id":"https:\/\/treslineasnoticias.com.ar\/#\/schema\/person\/c5f7249e50517b84c2379b145ca14895"},"breadcrumb":{"@id":"https:\/\/treslineasnoticias.com.ar\/?p=29761#breadcrumb"},"inLanguage":"es","potentialAction":[{"@type":"ReadAction","target":["https:\/\/treslineasnoticias.com.ar\/?p=29761"]}]},{"@type":"ImageObject","inLanguage":"es","@id":"https:\/\/treslineasnoticias.com.ar\/?p=29761#primaryimage","url":"https:\/\/treslineasnoticias.com.ar\/wp-content\/uploads\/2026\/09\/Berazategui-vivio-otra-jornada-de-solidaridad-con-la-7ma-Fiesta-de-la-Pasta-5.jpg","contentUrl":"https:\/\/treslineasnoticias.com.ar\/wp-content\/uploads\/2026\/09\/Berazategui-vivio-otra-jornada-de-solidaridad-con-la-7ma-Fiesta-de-la-Pasta-5.jpg","width":1600,"height":1066},{"@type":"BreadcrumbList","@id":"https:\/\/treslineasnoticias.com.ar\/?p=29761#breadcrumb","itemListElement":[{"@type":"ListItem","position":1,"name":"Portada","item":"https:\/\/treslineasnoticias.com.ar\/"},{"@type":"ListItem","position":2,"name":"Berazategui vivi\u00f3 otra jornada de solidaridad con la 7ma Fiesta de la Pasta"}]},{"@type":"WebSite","@id":"https:\/\/treslineasnoticias.com.ar\/#website","url":"https:\/\/treslineasnoticias.com.ar\/","name":"Tres Lineas Noticias","description":"","potentialAction":[{"@type":"SearchAction","target":{"@type":"EntryPoint","urlTemplate":"https:\/\/treslineasnoticias.com.ar\/?s={search_term_string}"},"query-input":{"@type":"PropertyValueSpecification","valueRequired":true,"valueName":"search_term_string"}}],"inLanguage":"es"},{"@type":"Person","@id":"https:\/\/treslineasnoticias.com.ar\/#\/schema\/person\/c5f7249e50517b84c2379b145ca14895","name":"Horacio L\u00f3pez","image":{"@type":"ImageObject","inLanguage":"es","@id":"https:\/\/treslineasnoticias.com.ar\/wp-content\/litespeed\/avatar\/f5a5e9d378b20cf999cb9a940a8324f3.jpg?ver=1788116984","url":"https:\/\/treslineasnoticias.com.ar\/wp-content\/litespeed\/avatar\/f5a5e9d378b20cf999cb9a940a8324f3.jpg?ver=1788116984","contentUrl":"https:\/\/treslineasnoticias.com.ar\/wp-content\/litespeed\/avatar\/f5a5e9d378b20cf999cb9a940a8324f3.jpg?ver=1788116984","caption":"Horacio L\u00f3pez"},"sameAs":["http:\/\/treslineasnoticias.com.ar"],"url":"https:\/\/treslineasnoticias.com.ar\/?author=3"}]}},"jetpack_featured_media_url":"https:\/\/treslineasnoticias.com.ar\/wp-content\/uploads\/2026\/09\/Berazategui-vivio-otra-jornada-de-solidaridad-con-la-7ma-Fiesta-de-la-Pasta-5.jpg","jetpack_sharing_enabled":true,"_links":{"self":[{"href":"https:\/\/treslineasnoticias.com.ar\/index.php?rest_route=\/wp\/v2\/posts\/29761","targetHints":{"allow":["GET"]}}],"collection":[{"href":"https:\/\/treslineasnoticias.com.ar\/index.php?rest_route=\/wp\/v2\/posts"}],"about":[{"href":"https:\/\/treslineasnoticias.com.ar\/index.php?rest_route=\/wp\/v2\/types\/post"}],"author":[{"embeddable":true,"href":"https:\/\/treslineasnoticias.com.ar\/index.php?rest_route=\/wp\/v2\/users\/3"}],"replies":[{"embeddable":true,"href":"https:\/\/treslineasnoticias.com.ar\/index.php?rest_route=%2Fwp%2Fv2%2Fcomments&post=29761"}],"version-history":[{"count":1,"href":"https:\/\/treslineasnoticias.com.ar\/index.php?rest_route=\/wp\/v2\/posts\/29761\/revisions"}],"predecessor-version":[{"id":29767,"href":"https:\/\/treslineasnoticias.com.ar\/index.php?rest_route=\/wp\/v2\/posts\/29761\/revisions\/29767"}],"wp:featuredmedia":[{"embeddable":true,"href":"https:\/\/treslineasnoticias.com.ar\/index.php?rest_route=\/wp\/v2\/media\/29766"}],"wp:attachment":[{"href":"https:\/\/treslineasnoticias.com.ar\/index.php?rest_route=%2Fwp%2Fv2%2Fmedia&parent=29761"}],"wp:term":[{"taxonomy":"category","embeddable":true,"href":"https:\/\/treslineasnoticias.com.ar\/index.php?rest_route=%2Fwp%2Fv2%2Fcategories&post=29761"},{"taxonomy":"post_tag","embeddable":true,"href":"https:\/\/treslineasnoticias.com.ar\/index.php?rest_route=%2Fwp%2Fv2%2Ftags&post=29761"}],"curies":[{"name":"wp","href":"https:\/\/api.w.org\/{rel}","templated":true}]}}