{"id":29794,"date":"2026-09-03T17:35:00","date_gmt":"2026-09-03T20:35:00","guid":{"rendered":"https:\/\/treslineasnoticias.com.ar\/?p=29794"},"modified":"2026-09-03T17:40:36","modified_gmt":"2026-09-03T20:40:36","slug":"se-realizo-la-ronda-de-negocios-2026-en-avellaneda","status":"publish","type":"post","link":"https:\/\/treslineasnoticias.com.ar\/?p=29794","title":{"rendered":"Se realiz\u00f3 la Ronda de Negocios 2026 en Avellaneda"},"content":{"rendered":"\n<p><strong>Cont\u00f3 con la participaci\u00f3n de empresas, misiones diplom\u00e1ticas, c\u00e1maras bilaterales, bancos y organismos.<\/strong><\/p>\n\n\n\n<p>En el marco del D\u00eda de la Industria, se llev\u00f3 a cabo en Avellaneda una nueva edici\u00f3n de la Ronda de Negocios, una iniciativa articulada entre el Municipio, el Ministerio de Producci\u00f3n de la Provincia de Buenos Aires y el Consorcio de Gesti\u00f3n del Puerto de Dock Sud. Con el objetivo de generar oportunidades comerciales y fortalecer los v\u00ednculos productivos, la jornada se desarroll\u00f3 en el Parque Municipal Multiprop\u00f3sito \u201cLa Estaci\u00f3n\u201d.<\/p>\n\n\n\n<p>Durante el acto inaugural, el subsecretario provincial de Desarrollo Comercial y Promoci\u00f3n de Inversiones, Ariel Aguilar, detall\u00f3 que ya se realizaron 120 rondas en toda la Provincia y expres\u00f3: \u201cAvellaneda emociona por la cantidad de puestos de trabajo que genera\u201d. \u201cNo vamos a resignar nuestra industria, tenemos un proyecto distinto al del Gobierno nacional\u201d, afirm\u00f3, y asegur\u00f3: \u201cNo nos vamos a resignar frente a este industricidio\u201d.<\/p>\n\n\n\n<figure class=\"wp-block-image size-large\"><img loading=\"lazy\" decoding=\"async\" width=\"1024\" height=\"682\" src=\"http:\/\/treslineasnoticias.com.ar\/wp-content\/uploads\/2026\/09\/WhatsApp-Image-2026-09-03-at-16.25.34-3-1024x682.jpeg\" alt=\"\" class=\"wp-image-29797\" srcset=\"https:\/\/treslineasnoticias.com.ar\/wp-content\/uploads\/2026\/09\/WhatsApp-Image-2026-09-03-at-16.25.34-3-1024x682.jpeg 1024w, https:\/\/treslineasnoticias.com.ar\/wp-content\/uploads\/2026\/09\/WhatsApp-Image-2026-09-03-at-16.25.34-3-300x200.jpeg 300w, https:\/\/treslineasnoticias.com.ar\/wp-content\/uploads\/2026\/09\/WhatsApp-Image-2026-09-03-at-16.25.34-3-768x512.jpeg 768w, https:\/\/treslineasnoticias.com.ar\/wp-content\/uploads\/2026\/09\/WhatsApp-Image-2026-09-03-at-16.25.34-3.jpeg 1280w\" sizes=\"auto, (max-width: 1024px) 100vw, 1024px\" \/><\/figure>\n\n\n\n<p>El secretario de Producci\u00f3n, Comercio y Ambiente de Avellaneda, Carlos Lombardo, agradeci\u00f3 el acompa\u00f1amiento de la Provincia y valor\u00f3 la participaci\u00f3n de las empresas. \u201cHay un proyecto nacional de cambio de matriz productiva que va a dejar afuera a mucha gente. Estamos en un periodo de resistencia\u201d, enfatiz\u00f3 y cerr\u00f3 su discurso afirmando que \u201cel Estado no tiene que reemplazar al privado, esto es formar comunidad\u201d.<\/p>\n\n\n\n<p>En la ceremonia de apertura, la presidenta del Consorcio de Gesti\u00f3n del Puerto de Dock Sud, M\u00f3nica Litza, expres\u00f3: \u201cEn un momento dif\u00edcil para la industria, que est\u00e9n ac\u00e1 con nosotros es una gran felicidad\u201d, y luego detall\u00f3: \u201cEl Puerto de Dock Sud tiene un potencial enorme de conectividad con el mundo y la Provincia de Buenos Aires tiene un gran entramado de pymes. Intentamos que esa ventaja del Puerto se pueda explorar\u201d.<\/p>\n\n\n\n<p>A su turno, el presidente de la Uni\u00f3n Industrial de Avellaneda, Guillermo Zavallone, afirm\u00f3: \u201cAvellaneda es industria y producci\u00f3n, donde nos juntamos generamos trabajo\u201d.<\/p>\n\n\n\n<figure class=\"wp-block-image size-large\"><img loading=\"lazy\" decoding=\"async\" width=\"1024\" height=\"682\" src=\"http:\/\/treslineasnoticias.com.ar\/wp-content\/uploads\/2026\/09\/WhatsApp-Image-2026-09-03-at-16.25.35-1-1024x682.jpeg\" alt=\"\" class=\"wp-image-29795\" srcset=\"https:\/\/treslineasnoticias.com.ar\/wp-content\/uploads\/2026\/09\/WhatsApp-Image-2026-09-03-at-16.25.35-1-1024x682.jpeg 1024w, https:\/\/treslineasnoticias.com.ar\/wp-content\/uploads\/2026\/09\/WhatsApp-Image-2026-09-03-at-16.25.35-1-300x200.jpeg 300w, https:\/\/treslineasnoticias.com.ar\/wp-content\/uploads\/2026\/09\/WhatsApp-Image-2026-09-03-at-16.25.35-1-768x512.jpeg 768w, https:\/\/treslineasnoticias.com.ar\/wp-content\/uploads\/2026\/09\/WhatsApp-Image-2026-09-03-at-16.25.35-1.jpeg 1280w\" sizes=\"auto, (max-width: 1024px) 100vw, 1024px\" \/><\/figure>\n\n\n\n<p>El presidente del Frente Productivo de Avellaneda, Gustavo \u00c1valos, advirti\u00f3: \u201cDebemos tener conciencia de lo que estamos viviendo hoy, las Pymes la est\u00e1n pasando mal. Hay que construir un modelo productivo, ojal\u00e1 pasemos este momento tan malo pronto\u201d.<\/p>\n\n\n\n<p>Durante la jornada, adem\u00e1s, el Consorcio de Gesti\u00f3n del Puerto de Dock Sud present\u00f3 \u201cAula Puerto Dock Sud\u201d dentro de la plataforma \u201cDock Sud Global\u201d, dos iniciativas que integran comercio exterior, producci\u00f3n, conocimiento y trabajo.<\/p>\n\n\n\n<p>La jornada multisectorial cont\u00f3 con la participaci\u00f3n de la C\u00e1mara de Comercio Argentina para el Asia y el Pac\u00edfico; C\u00e1mara de Comercio Argentino \u2013 Turca; C\u00e1mara Espa\u00f1ola de Comercio; C\u00e1mara de Industria y Comercio Argentina-Alemana (AHK); C\u00e1mara Argentina-China de la Producci\u00f3n, Industria y Comercio; C\u00e1mara de Comercio de Dub\u00e1i; C\u00e1mara de Comercio Mercosur-ASEAN; C\u00e1mara de la Rep\u00fablica Democr\u00e1tica del Congo; C\u00e1mara de Comercio Argentino Paraguaya; los Bancos Patagonia, Credicoop, Macro, Galicia y el de la Provincia de Buenos Aires; las Universidades UTN, UNDAV, UNLa; el Centro de Despachantes de Aduana de la Rep\u00fablica Argentina; la Fundaci\u00f3n Instituto de Educaci\u00f3n e Investigaci\u00f3n Econ\u00f3mica; y las Embajadas de Brasil, Ecuador, Pakist\u00e1n, Indonesia, Tailandia, Per\u00fa, Angola, Honduras, Malasia, Panam\u00e1 y Rep\u00fablica Democr\u00e1tica del Congo.<\/p>\n\n\n\n<figure class=\"wp-block-image size-large\"><img loading=\"lazy\" decoding=\"async\" width=\"1024\" height=\"682\" src=\"http:\/\/treslineasnoticias.com.ar\/wp-content\/uploads\/2026\/09\/WhatsApp-Image-2026-09-03-at-16.25.35-2-1024x682.jpeg\" alt=\"\" class=\"wp-image-29796\" srcset=\"https:\/\/treslineasnoticias.com.ar\/wp-content\/uploads\/2026\/09\/WhatsApp-Image-2026-09-03-at-16.25.35-2-1024x682.jpeg 1024w, https:\/\/treslineasnoticias.com.ar\/wp-content\/uploads\/2026\/09\/WhatsApp-Image-2026-09-03-at-16.25.35-2-300x200.jpeg 300w, https:\/\/treslineasnoticias.com.ar\/wp-content\/uploads\/2026\/09\/WhatsApp-Image-2026-09-03-at-16.25.35-2-768x512.jpeg 768w, https:\/\/treslineasnoticias.com.ar\/wp-content\/uploads\/2026\/09\/WhatsApp-Image-2026-09-03-at-16.25.35-2.jpeg 1280w\" sizes=\"auto, (max-width: 1024px) 100vw, 1024px\" \/><\/figure>\n\n\n\n<p>Las Rondas de Negocios son una pol\u00edtica p\u00fablica de la cartera productiva provincial para que las empresas locales obtengan nuevos proyectos, concreten ventas, generen oportunidades comerciales y fortalezcan sus v\u00ednculos. En estas jornadas se busca posibilitar el intercambio entre empresas, iniciar contactos comerciales e institucionales e incentivar la creaci\u00f3n de un escenario propicio para la concreci\u00f3n de negocios, representaciones y todo aquello que impulse la competitividad.<\/p>\n\n\n\n<p>De la inauguraci\u00f3n particip\u00f3 el presidente del Honorable Concejo Deliberante de Avellaneda, Hugo Barrueco; directores de escuelas t\u00e9cnicas locales, y representantes de los Ministerios de Trabajo y de Ambiente de la Provincia de Buenos Aires.<\/p>\n","protected":false},"excerpt":{"rendered":"<p>Cont\u00f3 con la participaci\u00f3n de empresas, misiones diplom\u00e1ticas, c\u00e1maras bilaterales, bancos y organismos. En el marco del D\u00eda de la Industria, se llev\u00f3 a cabo en Avellaneda una nueva edici\u00f3n de la Ronda de Negocios, una iniciativa articulada entre el Municipio, el Ministerio de Producci\u00f3n de la Provincia de Buenos Aires y el Consorcio de [&hellip;]<\/p>\n","protected":false},"author":3,"featured_media":29798,"comment_status":"open","ping_status":"open","sticky":false,"template":"","format":"standard","meta":{"_jetpack_memberships_contains_paid_content":false,"footnotes":""},"categories":[7],"tags":[],"class_list":["post-29794","post","type-post","status-publish","format-standard","has-post-thumbnail","hentry","category-avellaneda"],"yoast_head":"<!-- This site is optimized with the Yoast SEO plugin v27.5 - https:\/\/yoast.com\/product\/yoast-seo-wordpress\/ -->\n<title>Se realiz\u00f3 la Ronda de Negocios 2026 en Avellaneda - Tres Lineas Noticias<\/title>\n<meta name=\"robots\" content=\"index, follow, max-snippet:-1, max-image-preview:large, max-video-preview:-1\" \/>\n<link rel=\"canonical\" href=\"https:\/\/treslineasnoticias.com.ar\/?p=29794\" \/>\n<meta property=\"og:locale\" content=\"es_ES\" \/>\n<meta property=\"og:type\" content=\"article\" \/>\n<meta property=\"og:title\" content=\"Se realiz\u00f3 la Ronda de Negocios 2026 en Avellaneda - Tres Lineas Noticias\" \/>\n<meta property=\"og:description\" content=\"Cont\u00f3 con la participaci\u00f3n de empresas, misiones diplom\u00e1ticas, c\u00e1maras bilaterales, bancos y organismos. En el marco del D\u00eda de la Industria, se llev\u00f3 a cabo en Avellaneda una nueva edici\u00f3n de la Ronda de Negocios, una iniciativa articulada entre el Municipio, el Ministerio de Producci\u00f3n de la Provincia de Buenos Aires y el Consorcio de [&hellip;]\" \/>\n<meta property=\"og:url\" content=\"https:\/\/treslineasnoticias.com.ar\/?p=29794\" \/>\n<meta property=\"og:site_name\" content=\"Tres Lineas Noticias\" \/>\n<meta property=\"article:published_time\" content=\"2026-09-03T20:35:00+00:00\" \/>\n<meta property=\"article:modified_time\" content=\"2026-09-03T20:40:36+00:00\" \/>\n<meta property=\"og:image\" content=\"http:\/\/treslineasnoticias.com.ar\/wp-content\/uploads\/2026\/09\/WhatsApp-Image-2026-09-03-at-16.25.36-3.jpeg\" \/>\n\t<meta property=\"og:image:width\" content=\"1280\" \/>\n\t<meta property=\"og:image:height\" content=\"853\" \/>\n\t<meta property=\"og:image:type\" content=\"image\/jpeg\" \/>\n<meta name=\"author\" content=\"Horacio L\u00f3pez\" \/>\n<meta name=\"twitter:card\" content=\"summary_large_image\" \/>\n<meta name=\"twitter:label1\" content=\"Escrito por\" \/>\n\t<meta name=\"twitter:data1\" content=\"Horacio L\u00f3pez\" \/>\n\t<meta name=\"twitter:label2\" content=\"Tiempo de lectura\" \/>\n\t<meta name=\"twitter:data2\" content=\"4 minutos\" \/>\n<script type=\"application\/ld+json\" class=\"yoast-schema-graph\">{\"@context\":\"https:\\\/\\\/schema.org\",\"@graph\":[{\"@type\":\"Article\",\"@id\":\"https:\\\/\\\/treslineasnoticias.com.ar\\\/?p=29794#article\",\"isPartOf\":{\"@id\":\"https:\\\/\\\/treslineasnoticias.com.ar\\\/?p=29794\"},\"author\":{\"name\":\"Horacio L\u00f3pez\",\"@id\":\"https:\\\/\\\/treslineasnoticias.com.ar\\\/#\\\/schema\\\/person\\\/c5f7249e50517b84c2379b145ca14895\"},\"headline\":\"Se realiz\u00f3 la Ronda de Negocios 2026 en Avellaneda\",\"datePublished\":\"2026-09-03T20:35:00+00:00\",\"dateModified\":\"2026-09-03T20:40:36+00:00\",\"mainEntityOfPage\":{\"@id\":\"https:\\\/\\\/treslineasnoticias.com.ar\\\/?p=29794\"},\"wordCount\":669,\"commentCount\":0,\"image\":{\"@id\":\"https:\\\/\\\/treslineasnoticias.com.ar\\\/?p=29794#primaryimage\"},\"thumbnailUrl\":\"https:\\\/\\\/treslineasnoticias.com.ar\\\/wp-content\\\/uploads\\\/2026\\\/09\\\/WhatsApp-Image-2026-09-03-at-16.25.36-3.jpeg\",\"articleSection\":[\"Avellaneda\"],\"inLanguage\":\"es\",\"potentialAction\":[{\"@type\":\"CommentAction\",\"name\":\"Comment\",\"target\":[\"https:\\\/\\\/treslineasnoticias.com.ar\\\/?p=29794#respond\"]}]},{\"@type\":\"WebPage\",\"@id\":\"https:\\\/\\\/treslineasnoticias.com.ar\\\/?p=29794\",\"url\":\"https:\\\/\\\/treslineasnoticias.com.ar\\\/?p=29794\",\"name\":\"Se realiz\u00f3 la Ronda de Negocios 2026 en Avellaneda - Tres Lineas Noticias\",\"isPartOf\":{\"@id\":\"https:\\\/\\\/treslineasnoticias.com.ar\\\/#website\"},\"primaryImageOfPage\":{\"@id\":\"https:\\\/\\\/treslineasnoticias.com.ar\\\/?p=29794#primaryimage\"},\"image\":{\"@id\":\"https:\\\/\\\/treslineasnoticias.com.ar\\\/?p=29794#primaryimage\"},\"thumbnailUrl\":\"https:\\\/\\\/treslineasnoticias.com.ar\\\/wp-content\\\/uploads\\\/2026\\\/09\\\/WhatsApp-Image-2026-09-03-at-16.25.36-3.jpeg\",\"datePublished\":\"2026-09-03T20:35:00+00:00\",\"dateModified\":\"2026-09-03T20:40:36+00:00\",\"author\":{\"@id\":\"https:\\\/\\\/treslineasnoticias.com.ar\\\/#\\\/schema\\\/person\\\/c5f7249e50517b84c2379b145ca14895\"},\"breadcrumb\":{\"@id\":\"https:\\\/\\\/treslineasnoticias.com.ar\\\/?p=29794#breadcrumb\"},\"inLanguage\":\"es\",\"potentialAction\":[{\"@type\":\"ReadAction\",\"target\":[\"https:\\\/\\\/treslineasnoticias.com.ar\\\/?p=29794\"]}]},{\"@type\":\"ImageObject\",\"inLanguage\":\"es\",\"@id\":\"https:\\\/\\\/treslineasnoticias.com.ar\\\/?p=29794#primaryimage\",\"url\":\"https:\\\/\\\/treslineasnoticias.com.ar\\\/wp-content\\\/uploads\\\/2026\\\/09\\\/WhatsApp-Image-2026-09-03-at-16.25.36-3.jpeg\",\"contentUrl\":\"https:\\\/\\\/treslineasnoticias.com.ar\\\/wp-content\\\/uploads\\\/2026\\\/09\\\/WhatsApp-Image-2026-09-03-at-16.25.36-3.jpeg\",\"width\":1280,\"height\":853},{\"@type\":\"BreadcrumbList\",\"@id\":\"https:\\\/\\\/treslineasnoticias.com.ar\\\/?p=29794#breadcrumb\",\"itemListElement\":[{\"@type\":\"ListItem\",\"position\":1,\"name\":\"Portada\",\"item\":\"https:\\\/\\\/treslineasnoticias.com.ar\\\/\"},{\"@type\":\"ListItem\",\"position\":2,\"name\":\"Se realiz\u00f3 la Ronda de Negocios 2026 en Avellaneda\"}]},{\"@type\":\"WebSite\",\"@id\":\"https:\\\/\\\/treslineasnoticias.com.ar\\\/#website\",\"url\":\"https:\\\/\\\/treslineasnoticias.com.ar\\\/\",\"name\":\"Tres Lineas Noticias\",\"description\":\"\",\"potentialAction\":[{\"@type\":\"SearchAction\",\"target\":{\"@type\":\"EntryPoint\",\"urlTemplate\":\"https:\\\/\\\/treslineasnoticias.com.ar\\\/?s={search_term_string}\"},\"query-input\":{\"@type\":\"PropertyValueSpecification\",\"valueRequired\":true,\"valueName\":\"search_term_string\"}}],\"inLanguage\":\"es\"},{\"@type\":\"Person\",\"@id\":\"https:\\\/\\\/treslineasnoticias.com.ar\\\/#\\\/schema\\\/person\\\/c5f7249e50517b84c2379b145ca14895\",\"name\":\"Horacio L\u00f3pez\",\"image\":{\"@type\":\"ImageObject\",\"inLanguage\":\"es\",\"@id\":\"https:\\\/\\\/treslineasnoticias.com.ar\\\/wp-content\\\/litespeed\\\/avatar\\\/f5a5e9d378b20cf999cb9a940a8324f3.jpg?ver=1788116984\",\"url\":\"https:\\\/\\\/treslineasnoticias.com.ar\\\/wp-content\\\/litespeed\\\/avatar\\\/f5a5e9d378b20cf999cb9a940a8324f3.jpg?ver=1788116984\",\"contentUrl\":\"https:\\\/\\\/treslineasnoticias.com.ar\\\/wp-content\\\/litespeed\\\/avatar\\\/f5a5e9d378b20cf999cb9a940a8324f3.jpg?ver=1788116984\",\"caption\":\"Horacio L\u00f3pez\"},\"sameAs\":[\"http:\\\/\\\/treslineasnoticias.com.ar\"],\"url\":\"https:\\\/\\\/treslineasnoticias.com.ar\\\/?author=3\"}]}<\/script>\n<!-- \/ Yoast SEO plugin. -->","yoast_head_json":{"title":"Se realiz\u00f3 la Ronda de Negocios 2026 en Avellaneda - Tres Lineas Noticias","robots":{"index":"index","follow":"follow","max-snippet":"max-snippet:-1","max-image-preview":"max-image-preview:large","max-video-preview":"max-video-preview:-1"},"canonical":"https:\/\/treslineasnoticias.com.ar\/?p=29794","og_locale":"es_ES","og_type":"article","og_title":"Se realiz\u00f3 la Ronda de Negocios 2026 en Avellaneda - Tres Lineas Noticias","og_description":"Cont\u00f3 con la participaci\u00f3n de empresas, misiones diplom\u00e1ticas, c\u00e1maras bilaterales, bancos y organismos. En el marco del D\u00eda de la Industria, se llev\u00f3 a cabo en Avellaneda una nueva edici\u00f3n de la Ronda de Negocios, una iniciativa articulada entre el Municipio, el Ministerio de Producci\u00f3n de la Provincia de Buenos Aires y el Consorcio de [&hellip;]","og_url":"https:\/\/treslineasnoticias.com.ar\/?p=29794","og_site_name":"Tres Lineas Noticias","article_published_time":"2026-09-03T20:35:00+00:00","article_modified_time":"2026-09-03T20:40:36+00:00","og_image":[{"width":1280,"height":853,"url":"http:\/\/treslineasnoticias.com.ar\/wp-content\/uploads\/2026\/09\/WhatsApp-Image-2026-09-03-at-16.25.36-3.jpeg","type":"image\/jpeg"}],"author":"Horacio L\u00f3pez","twitter_card":"summary_large_image","twitter_misc":{"Escrito por":"Horacio L\u00f3pez","Tiempo de lectura":"4 minutos"},"schema":{"@context":"https:\/\/schema.org","@graph":[{"@type":"Article","@id":"https:\/\/treslineasnoticias.com.ar\/?p=29794#article","isPartOf":{"@id":"https:\/\/treslineasnoticias.com.ar\/?p=29794"},"author":{"name":"Horacio L\u00f3pez","@id":"https:\/\/treslineasnoticias.com.ar\/#\/schema\/person\/c5f7249e50517b84c2379b145ca14895"},"headline":"Se realiz\u00f3 la Ronda de Negocios 2026 en Avellaneda","datePublished":"2026-09-03T20:35:00+00:00","dateModified":"2026-09-03T20:40:36+00:00","mainEntityOfPage":{"@id":"https:\/\/treslineasnoticias.com.ar\/?p=29794"},"wordCount":669,"commentCount":0,"image":{"@id":"https:\/\/treslineasnoticias.com.ar\/?p=29794#primaryimage"},"thumbnailUrl":"https:\/\/treslineasnoticias.com.ar\/wp-content\/uploads\/2026\/09\/WhatsApp-Image-2026-09-03-at-16.25.36-3.jpeg","articleSection":["Avellaneda"],"inLanguage":"es","potentialAction":[{"@type":"CommentAction","name":"Comment","target":["https:\/\/treslineasnoticias.com.ar\/?p=29794#respond"]}]},{"@type":"WebPage","@id":"https:\/\/treslineasnoticias.com.ar\/?p=29794","url":"https:\/\/treslineasnoticias.com.ar\/?p=29794","name":"Se realiz\u00f3 la Ronda de Negocios 2026 en Avellaneda - Tres Lineas Noticias","isPartOf":{"@id":"https:\/\/treslineasnoticias.com.ar\/#website"},"primaryImageOfPage":{"@id":"https:\/\/treslineasnoticias.com.ar\/?p=29794#primaryimage"},"image":{"@id":"https:\/\/treslineasnoticias.com.ar\/?p=29794#primaryimage"},"thumbnailUrl":"https:\/\/treslineasnoticias.com.ar\/wp-content\/uploads\/2026\/09\/WhatsApp-Image-2026-09-03-at-16.25.36-3.jpeg","datePublished":"2026-09-03T20:35:00+00:00","dateModified":"2026-09-03T20:40:36+00:00","author":{"@id":"https:\/\/treslineasnoticias.com.ar\/#\/schema\/person\/c5f7249e50517b84c2379b145ca14895"},"breadcrumb":{"@id":"https:\/\/treslineasnoticias.com.ar\/?p=29794#breadcrumb"},"inLanguage":"es","potentialAction":[{"@type":"ReadAction","target":["https:\/\/treslineasnoticias.com.ar\/?p=29794"]}]},{"@type":"ImageObject","inLanguage":"es","@id":"https:\/\/treslineasnoticias.com.ar\/?p=29794#primaryimage","url":"https:\/\/treslineasnoticias.com.ar\/wp-content\/uploads\/2026\/09\/WhatsApp-Image-2026-09-03-at-16.25.36-3.jpeg","contentUrl":"https:\/\/treslineasnoticias.com.ar\/wp-content\/uploads\/2026\/09\/WhatsApp-Image-2026-09-03-at-16.25.36-3.jpeg","width":1280,"height":853},{"@type":"BreadcrumbList","@id":"https:\/\/treslineasnoticias.com.ar\/?p=29794#breadcrumb","itemListElement":[{"@type":"ListItem","position":1,"name":"Portada","item":"https:\/\/treslineasnoticias.com.ar\/"},{"@type":"ListItem","position":2,"name":"Se realiz\u00f3 la Ronda de Negocios 2026 en Avellaneda"}]},{"@type":"WebSite","@id":"https:\/\/treslineasnoticias.com.ar\/#website","url":"https:\/\/treslineasnoticias.com.ar\/","name":"Tres Lineas Noticias","description":"","potentialAction":[{"@type":"SearchAction","target":{"@type":"EntryPoint","urlTemplate":"https:\/\/treslineasnoticias.com.ar\/?s={search_term_string}"},"query-input":{"@type":"PropertyValueSpecification","valueRequired":true,"valueName":"search_term_string"}}],"inLanguage":"es"},{"@type":"Person","@id":"https:\/\/treslineasnoticias.com.ar\/#\/schema\/person\/c5f7249e50517b84c2379b145ca14895","name":"Horacio L\u00f3pez","image":{"@type":"ImageObject","inLanguage":"es","@id":"https:\/\/treslineasnoticias.com.ar\/wp-content\/litespeed\/avatar\/f5a5e9d378b20cf999cb9a940a8324f3.jpg?ver=1788116984","url":"https:\/\/treslineasnoticias.com.ar\/wp-content\/litespeed\/avatar\/f5a5e9d378b20cf999cb9a940a8324f3.jpg?ver=1788116984","contentUrl":"https:\/\/treslineasnoticias.com.ar\/wp-content\/litespeed\/avatar\/f5a5e9d378b20cf999cb9a940a8324f3.jpg?ver=1788116984","caption":"Horacio L\u00f3pez"},"sameAs":["http:\/\/treslineasnoticias.com.ar"],"url":"https:\/\/treslineasnoticias.com.ar\/?author=3"}]}},"jetpack_featured_media_url":"https:\/\/treslineasnoticias.com.ar\/wp-content\/uploads\/2026\/09\/WhatsApp-Image-2026-09-03-at-16.25.36-3.jpeg","jetpack_sharing_enabled":true,"_links":{"self":[{"href":"https:\/\/treslineasnoticias.com.ar\/index.php?rest_route=\/wp\/v2\/posts\/29794","targetHints":{"allow":["GET"]}}],"collection":[{"href":"https:\/\/treslineasnoticias.com.ar\/index.php?rest_route=\/wp\/v2\/posts"}],"about":[{"href":"https:\/\/treslineasnoticias.com.ar\/index.php?rest_route=\/wp\/v2\/types\/post"}],"author":[{"embeddable":true,"href":"https:\/\/treslineasnoticias.com.ar\/index.php?rest_route=\/wp\/v2\/users\/3"}],"replies":[{"embeddable":true,"href":"https:\/\/treslineasnoticias.com.ar\/index.php?rest_route=%2Fwp%2Fv2%2Fcomments&post=29794"}],"version-history":[{"count":1,"href":"https:\/\/treslineasnoticias.com.ar\/index.php?rest_route=\/wp\/v2\/posts\/29794\/revisions"}],"predecessor-version":[{"id":29799,"href":"https:\/\/treslineasnoticias.com.ar\/index.php?rest_route=\/wp\/v2\/posts\/29794\/revisions\/29799"}],"wp:featuredmedia":[{"embeddable":true,"href":"https:\/\/treslineasnoticias.com.ar\/index.php?rest_route=\/wp\/v2\/media\/29798"}],"wp:attachment":[{"href":"https:\/\/treslineasnoticias.com.ar\/index.php?rest_route=%2Fwp%2Fv2%2Fmedia&parent=29794"}],"wp:term":[{"taxonomy":"category","embeddable":true,"href":"https:\/\/treslineasnoticias.com.ar\/index.php?rest_route=%2Fwp%2Fv2%2Fcategories&post=29794"},{"taxonomy":"post_tag","embeddable":true,"href":"https:\/\/treslineasnoticias.com.ar\/index.php?rest_route=%2Fwp%2Fv2%2Ftags&post=29794"}],"curies":[{"name":"wp","href":"https:\/\/api.w.org\/{rel}","templated":true}]}}