{"id":29800,"date":"2026-09-03T19:13:52","date_gmt":"2026-09-03T22:13:52","guid":{"rendered":"https:\/\/treslineasnoticias.com.ar\/?p=29800"},"modified":"2026-09-03T19:13:54","modified_gmt":"2026-09-03T22:13:54","slug":"hoy-se-realizo-la-novena-sesion-ordinaria-del-honorable-concejo-deliberante-de-florencio-varela","status":"publish","type":"post","link":"https:\/\/treslineasnoticias.com.ar\/?p=29800","title":{"rendered":"Hoy se realiz\u00f3 la novena sesi\u00f3n ordinaria del Honorable Concejo Deliberante de Florencio Varela"},"content":{"rendered":"\n<p><strong><em>El Honorable Concejo Deliberante de Florencio Varela celebr\u00f3 hoy su novena sesi\u00f3n ordinaria en el recinto \u00abIslas Malvinas Argentinas\u00bb del legislativo local, donde se trataron diversos expedientes que recibieron tratamiento y aprobaci\u00f3n.<\/em><\/strong><\/p>\n\n\n\n<p><strong>Proyectos de Ordenanza aprobados<\/strong><\/p>\n\n\n\n<p>Se aprob\u00f3 un proyecto de ordenanza que modifica el sentido de circulaci\u00f3n en calles de los barrios Zeballos, Pico de Oro y Ricardo Rojas. La norma establece nuevos sentidos \u00fanicos y dobles en las calles 924-Pablo Podest\u00e1, 939-Constancio Vigil, 629-Sicilia, 853-Eduardo Bulnes y calle 851, con disposiciones espec\u00edficas sobre estacionamiento en cada tramo.<\/p>\n\n\n\n<figure class=\"wp-block-image size-large\"><img loading=\"lazy\" decoding=\"async\" width=\"1024\" height=\"732\" src=\"http:\/\/treslineasnoticias.com.ar\/wp-content\/uploads\/2026\/09\/IMG-20260903-WA0008-1024x732.jpg\" alt=\"\" class=\"wp-image-29803\" srcset=\"https:\/\/treslineasnoticias.com.ar\/wp-content\/uploads\/2026\/09\/IMG-20260903-WA0008-1024x732.jpg 1024w, https:\/\/treslineasnoticias.com.ar\/wp-content\/uploads\/2026\/09\/IMG-20260903-WA0008-300x214.jpg 300w, https:\/\/treslineasnoticias.com.ar\/wp-content\/uploads\/2026\/09\/IMG-20260903-WA0008-768x549.jpg 768w, https:\/\/treslineasnoticias.com.ar\/wp-content\/uploads\/2026\/09\/IMG-20260903-WA0008-1536x1097.jpg 1536w, https:\/\/treslineasnoticias.com.ar\/wp-content\/uploads\/2026\/09\/IMG-20260903-WA0008.jpg 1600w\" sizes=\"auto, (max-width: 1024px) 100vw, 1024px\" \/><\/figure>\n\n\n\n<p>Tambi\u00e9n se dio aprobaci\u00f3n a la creaci\u00f3n del Programa Municipal de Responsabilidad Social Empresaria, destinado a promover y reconocer acciones de empresas, instituciones y organizaciones con impacto en el desarrollo social, ambiental y econ\u00f3mico del partido. El programa incluye la creaci\u00f3n de un Registro de Empresas Socialmente Responsables, de inscripci\u00f3n voluntaria, y establece una distinci\u00f3n para aquellas que acrediten cumplimiento efectivo. Quedan excluidas las empresas con deudas de Tasas Municipales.<\/p>\n\n\n\n<p>Adem\u00e1s, se aprob\u00f3 un nuevo R\u00e9gimen de Patrocinio de la Municipalidad, que regula los aportes voluntarios del sector privado para actividades culturales, educativas, deportivas, tur\u00edsticas y otras de inter\u00e9s municipal, a cambio de la difusi\u00f3n del nombre o marca del patrocinador. El r\u00e9gimen fija l\u00edmites y restricciones, como la imposibilidad de participar para partidos pol\u00edticos, funcionarios p\u00fablicos o empresas que promuevan bebidas alcoh\u00f3licas, apuestas o contenidos discriminatorios.<\/p>\n\n\n\n<p>Por \u00faltimo, se convalid\u00f3 el Decreto Municipal N\u00b0 1376\/26, por el cual se prorrog\u00f3 el Estado de Emergencia Clim\u00e1tica en el partido por seis meses a partir del vencimiento del decreto anterior.<\/p>\n\n\n\n<figure class=\"wp-block-image size-large\"><img loading=\"lazy\" decoding=\"async\" width=\"1024\" height=\"682\" src=\"http:\/\/treslineasnoticias.com.ar\/wp-content\/uploads\/2026\/09\/IMG-20260903-WA0009-1024x682.jpg\" alt=\"\" class=\"wp-image-29804\" srcset=\"https:\/\/treslineasnoticias.com.ar\/wp-content\/uploads\/2026\/09\/IMG-20260903-WA0009-1024x682.jpg 1024w, https:\/\/treslineasnoticias.com.ar\/wp-content\/uploads\/2026\/09\/IMG-20260903-WA0009-300x200.jpg 300w, https:\/\/treslineasnoticias.com.ar\/wp-content\/uploads\/2026\/09\/IMG-20260903-WA0009-768x512.jpg 768w, https:\/\/treslineasnoticias.com.ar\/wp-content\/uploads\/2026\/09\/IMG-20260903-WA0009-1536x1023.jpg 1536w, https:\/\/treslineasnoticias.com.ar\/wp-content\/uploads\/2026\/09\/IMG-20260903-WA0009.jpg 1600w\" sizes=\"auto, (max-width: 1024px) 100vw, 1024px\" \/><\/figure>\n\n\n\n<p><strong>Proyectos de Resoluci\u00f3n aprobados<\/strong><\/p>\n\n\n\n<p>El cuerpo aprob\u00f3 por unanimidad una resoluci\u00f3n mediante la cual se solicita a las compa\u00f1\u00edas de telefon\u00eda m\u00f3vil que garanticen la gratuidad de la conectividad y el tr\u00e1fico de datos para el funcionamiento del bot\u00f3n antip\u00e1tico \u00abAlerta Tel\u00bb y aplicaciones similares de emergencia por violencia de g\u00e9nero, incluso cuando las l\u00edneas de las usuarias no cuenten con cr\u00e9dito disponible. La iniciativa apela a los marcos de Responsabilidad Social Empresaria de las firmas y pide que estas herramientas sean consideradas servicios esenciales de emergencia. La resoluci\u00f3n autoriza al Departamento Ejecutivo a realizar las gestiones necesarias e invita a los dem\u00e1s municipios de la provincia de Buenos Aires a adherir a la iniciativa.<\/p>\n\n\n\n<p>Otra resoluci\u00f3n aprobada expresa el rechazo a cualquier intento de reforma previsional que implique p\u00e9rdida de derechos de los trabajadores docentes y estatales bonaerenses. El texto, aprobado por mayoria, declara de inter\u00e9s p\u00fablico la defensa del sistema previsional solidario administrado por el Instituto de Previsi\u00f3n Social de la provincia y solicita al gobierno nacional el cumplimiento de las obligaciones de financiamiento de las cajas provinciales no transferidas, as\u00ed como al gobierno provincial la continuidad de pol\u00edticas de fortalecimiento del IPS.<\/p>\n\n\n\n<figure class=\"wp-block-image size-large\"><img loading=\"lazy\" decoding=\"async\" width=\"1024\" height=\"682\" src=\"http:\/\/treslineasnoticias.com.ar\/wp-content\/uploads\/2026\/09\/IMG-20260903-WA0007-1024x682.jpg\" alt=\"\" class=\"wp-image-29802\" srcset=\"https:\/\/treslineasnoticias.com.ar\/wp-content\/uploads\/2026\/09\/IMG-20260903-WA0007-1024x682.jpg 1024w, https:\/\/treslineasnoticias.com.ar\/wp-content\/uploads\/2026\/09\/IMG-20260903-WA0007-300x200.jpg 300w, https:\/\/treslineasnoticias.com.ar\/wp-content\/uploads\/2026\/09\/IMG-20260903-WA0007-768x512.jpg 768w, https:\/\/treslineasnoticias.com.ar\/wp-content\/uploads\/2026\/09\/IMG-20260903-WA0007-1536x1023.jpg 1536w, https:\/\/treslineasnoticias.com.ar\/wp-content\/uploads\/2026\/09\/IMG-20260903-WA0007.jpg 1600w\" sizes=\"auto, (max-width: 1024px) 100vw, 1024px\" \/><\/figure>\n\n\n\n<p>Se declar\u00f3 por mayor\u00eda de inter\u00e9s legislativo el Und\u00e9cimo Encuentro Regional de Mujeres y Diversidades de Quilmes, Varela y Berazategui, que se llevar\u00e1 a cabo el 12 de septiembre en la Universidad Nacional de Quilmes. La resoluci\u00f3n destaca la trayectoria de estos encuentros regionales como espacios de articulaci\u00f3n entre mujeres y diversidades del territorio.<\/p>\n\n\n\n<p>Finalmente, se otorg\u00f3 un reconocimiento un\u00e1nime a la deportista varelense Ludmila Guisasola por su participaci\u00f3n en la Gira Asi\u00e1tica 2026, donde obtuvo tres medallas de oro y una de plata en taekwondo ITF. La resoluci\u00f3n menciona sus logros en lucha y formas, tanto en categor\u00edas individuales como por equipos.&nbsp;<\/p>\n\n\n\n<p><\/p>\n","protected":false},"excerpt":{"rendered":"<p>El Honorable Concejo Deliberante de Florencio Varela celebr\u00f3 hoy su novena sesi\u00f3n ordinaria en el recinto \u00abIslas Malvinas Argentinas\u00bb del legislativo local, donde se trataron diversos expedientes que recibieron tratamiento y aprobaci\u00f3n. Proyectos de Ordenanza aprobados Se aprob\u00f3 un proyecto de ordenanza que modifica el sentido de circulaci\u00f3n en calles de los barrios Zeballos, Pico [&hellip;]<\/p>\n","protected":false},"author":3,"featured_media":29801,"comment_status":"open","ping_status":"open","sticky":false,"template":"","format":"standard","meta":{"_jetpack_memberships_contains_paid_content":false,"footnotes":""},"categories":[6],"tags":[],"class_list":["post-29800","post","type-post","status-publish","format-standard","has-post-thumbnail","hentry","category-florencio-varela"],"yoast_head":"<!-- This site is optimized with the Yoast SEO plugin v27.5 - https:\/\/yoast.com\/product\/yoast-seo-wordpress\/ -->\n<title>Hoy se realiz\u00f3 la novena sesi\u00f3n ordinaria del Honorable Concejo Deliberante de Florencio Varela - Tres Lineas Noticias<\/title>\n<meta name=\"robots\" content=\"index, follow, max-snippet:-1, max-image-preview:large, max-video-preview:-1\" \/>\n<link rel=\"canonical\" href=\"https:\/\/treslineasnoticias.com.ar\/?p=29800\" \/>\n<meta property=\"og:locale\" content=\"es_ES\" \/>\n<meta property=\"og:type\" content=\"article\" \/>\n<meta property=\"og:title\" content=\"Hoy se realiz\u00f3 la novena sesi\u00f3n ordinaria del Honorable Concejo Deliberante de Florencio Varela - Tres Lineas Noticias\" \/>\n<meta property=\"og:description\" content=\"El Honorable Concejo Deliberante de Florencio Varela celebr\u00f3 hoy su novena sesi\u00f3n ordinaria en el recinto \u00abIslas Malvinas Argentinas\u00bb del legislativo local, donde se trataron diversos expedientes que recibieron tratamiento y aprobaci\u00f3n. Proyectos de Ordenanza aprobados Se aprob\u00f3 un proyecto de ordenanza que modifica el sentido de circulaci\u00f3n en calles de los barrios Zeballos, Pico [&hellip;]\" \/>\n<meta property=\"og:url\" content=\"https:\/\/treslineasnoticias.com.ar\/?p=29800\" \/>\n<meta property=\"og:site_name\" content=\"Tres Lineas Noticias\" \/>\n<meta property=\"article:published_time\" content=\"2026-09-03T22:13:52+00:00\" \/>\n<meta property=\"article:modified_time\" content=\"2026-09-03T22:13:54+00:00\" \/>\n<meta property=\"og:image\" content=\"http:\/\/treslineasnoticias.com.ar\/wp-content\/uploads\/2026\/09\/IMG-20260903-WA0006.jpg\" \/>\n\t<meta property=\"og:image:width\" content=\"1600\" \/>\n\t<meta property=\"og:image:height\" content=\"1066\" \/>\n\t<meta property=\"og:image:type\" content=\"image\/jpeg\" \/>\n<meta name=\"author\" content=\"Horacio L\u00f3pez\" \/>\n<meta name=\"twitter:card\" content=\"summary_large_image\" \/>\n<meta name=\"twitter:label1\" content=\"Escrito por\" \/>\n\t<meta name=\"twitter:data1\" content=\"Horacio L\u00f3pez\" \/>\n\t<meta name=\"twitter:label2\" content=\"Tiempo de lectura\" \/>\n\t<meta name=\"twitter:data2\" content=\"4 minutos\" \/>\n<script type=\"application\/ld+json\" class=\"yoast-schema-graph\">{\"@context\":\"https:\\\/\\\/schema.org\",\"@graph\":[{\"@type\":\"Article\",\"@id\":\"https:\\\/\\\/treslineasnoticias.com.ar\\\/?p=29800#article\",\"isPartOf\":{\"@id\":\"https:\\\/\\\/treslineasnoticias.com.ar\\\/?p=29800\"},\"author\":{\"name\":\"Horacio L\u00f3pez\",\"@id\":\"https:\\\/\\\/treslineasnoticias.com.ar\\\/#\\\/schema\\\/person\\\/c5f7249e50517b84c2379b145ca14895\"},\"headline\":\"Hoy se realiz\u00f3 la novena sesi\u00f3n ordinaria del Honorable Concejo Deliberante de Florencio Varela\",\"datePublished\":\"2026-09-03T22:13:52+00:00\",\"dateModified\":\"2026-09-03T22:13:54+00:00\",\"mainEntityOfPage\":{\"@id\":\"https:\\\/\\\/treslineasnoticias.com.ar\\\/?p=29800\"},\"wordCount\":619,\"commentCount\":0,\"image\":{\"@id\":\"https:\\\/\\\/treslineasnoticias.com.ar\\\/?p=29800#primaryimage\"},\"thumbnailUrl\":\"https:\\\/\\\/treslineasnoticias.com.ar\\\/wp-content\\\/uploads\\\/2026\\\/09\\\/IMG-20260903-WA0006.jpg\",\"articleSection\":[\"Florencio Varela\"],\"inLanguage\":\"es\",\"potentialAction\":[{\"@type\":\"CommentAction\",\"name\":\"Comment\",\"target\":[\"https:\\\/\\\/treslineasnoticias.com.ar\\\/?p=29800#respond\"]}]},{\"@type\":\"WebPage\",\"@id\":\"https:\\\/\\\/treslineasnoticias.com.ar\\\/?p=29800\",\"url\":\"https:\\\/\\\/treslineasnoticias.com.ar\\\/?p=29800\",\"name\":\"Hoy se realiz\u00f3 la novena sesi\u00f3n ordinaria del Honorable Concejo Deliberante de Florencio Varela - Tres Lineas Noticias\",\"isPartOf\":{\"@id\":\"https:\\\/\\\/treslineasnoticias.com.ar\\\/#website\"},\"primaryImageOfPage\":{\"@id\":\"https:\\\/\\\/treslineasnoticias.com.ar\\\/?p=29800#primaryimage\"},\"image\":{\"@id\":\"https:\\\/\\\/treslineasnoticias.com.ar\\\/?p=29800#primaryimage\"},\"thumbnailUrl\":\"https:\\\/\\\/treslineasnoticias.com.ar\\\/wp-content\\\/uploads\\\/2026\\\/09\\\/IMG-20260903-WA0006.jpg\",\"datePublished\":\"2026-09-03T22:13:52+00:00\",\"dateModified\":\"2026-09-03T22:13:54+00:00\",\"author\":{\"@id\":\"https:\\\/\\\/treslineasnoticias.com.ar\\\/#\\\/schema\\\/person\\\/c5f7249e50517b84c2379b145ca14895\"},\"breadcrumb\":{\"@id\":\"https:\\\/\\\/treslineasnoticias.com.ar\\\/?p=29800#breadcrumb\"},\"inLanguage\":\"es\",\"potentialAction\":[{\"@type\":\"ReadAction\",\"target\":[\"https:\\\/\\\/treslineasnoticias.com.ar\\\/?p=29800\"]}]},{\"@type\":\"ImageObject\",\"inLanguage\":\"es\",\"@id\":\"https:\\\/\\\/treslineasnoticias.com.ar\\\/?p=29800#primaryimage\",\"url\":\"https:\\\/\\\/treslineasnoticias.com.ar\\\/wp-content\\\/uploads\\\/2026\\\/09\\\/IMG-20260903-WA0006.jpg\",\"contentUrl\":\"https:\\\/\\\/treslineasnoticias.com.ar\\\/wp-content\\\/uploads\\\/2026\\\/09\\\/IMG-20260903-WA0006.jpg\",\"width\":1600,\"height\":1066},{\"@type\":\"BreadcrumbList\",\"@id\":\"https:\\\/\\\/treslineasnoticias.com.ar\\\/?p=29800#breadcrumb\",\"itemListElement\":[{\"@type\":\"ListItem\",\"position\":1,\"name\":\"Portada\",\"item\":\"https:\\\/\\\/treslineasnoticias.com.ar\\\/\"},{\"@type\":\"ListItem\",\"position\":2,\"name\":\"Hoy se realiz\u00f3 la novena sesi\u00f3n ordinaria del Honorable Concejo Deliberante de Florencio Varela\"}]},{\"@type\":\"WebSite\",\"@id\":\"https:\\\/\\\/treslineasnoticias.com.ar\\\/#website\",\"url\":\"https:\\\/\\\/treslineasnoticias.com.ar\\\/\",\"name\":\"Tres Lineas Noticias\",\"description\":\"\",\"potentialAction\":[{\"@type\":\"SearchAction\",\"target\":{\"@type\":\"EntryPoint\",\"urlTemplate\":\"https:\\\/\\\/treslineasnoticias.com.ar\\\/?s={search_term_string}\"},\"query-input\":{\"@type\":\"PropertyValueSpecification\",\"valueRequired\":true,\"valueName\":\"search_term_string\"}}],\"inLanguage\":\"es\"},{\"@type\":\"Person\",\"@id\":\"https:\\\/\\\/treslineasnoticias.com.ar\\\/#\\\/schema\\\/person\\\/c5f7249e50517b84c2379b145ca14895\",\"name\":\"Horacio L\u00f3pez\",\"image\":{\"@type\":\"ImageObject\",\"inLanguage\":\"es\",\"@id\":\"https:\\\/\\\/treslineasnoticias.com.ar\\\/wp-content\\\/litespeed\\\/avatar\\\/f5a5e9d378b20cf999cb9a940a8324f3.jpg?ver=1788116984\",\"url\":\"https:\\\/\\\/treslineasnoticias.com.ar\\\/wp-content\\\/litespeed\\\/avatar\\\/f5a5e9d378b20cf999cb9a940a8324f3.jpg?ver=1788116984\",\"contentUrl\":\"https:\\\/\\\/treslineasnoticias.com.ar\\\/wp-content\\\/litespeed\\\/avatar\\\/f5a5e9d378b20cf999cb9a940a8324f3.jpg?ver=1788116984\",\"caption\":\"Horacio L\u00f3pez\"},\"sameAs\":[\"http:\\\/\\\/treslineasnoticias.com.ar\"],\"url\":\"https:\\\/\\\/treslineasnoticias.com.ar\\\/?author=3\"}]}<\/script>\n<!-- \/ Yoast SEO plugin. -->","yoast_head_json":{"title":"Hoy se realiz\u00f3 la novena sesi\u00f3n ordinaria del Honorable Concejo Deliberante de Florencio Varela - Tres Lineas Noticias","robots":{"index":"index","follow":"follow","max-snippet":"max-snippet:-1","max-image-preview":"max-image-preview:large","max-video-preview":"max-video-preview:-1"},"canonical":"https:\/\/treslineasnoticias.com.ar\/?p=29800","og_locale":"es_ES","og_type":"article","og_title":"Hoy se realiz\u00f3 la novena sesi\u00f3n ordinaria del Honorable Concejo Deliberante de Florencio Varela - Tres Lineas Noticias","og_description":"El Honorable Concejo Deliberante de Florencio Varela celebr\u00f3 hoy su novena sesi\u00f3n ordinaria en el recinto \u00abIslas Malvinas Argentinas\u00bb del legislativo local, donde se trataron diversos expedientes que recibieron tratamiento y aprobaci\u00f3n. Proyectos de Ordenanza aprobados Se aprob\u00f3 un proyecto de ordenanza que modifica el sentido de circulaci\u00f3n en calles de los barrios Zeballos, Pico [&hellip;]","og_url":"https:\/\/treslineasnoticias.com.ar\/?p=29800","og_site_name":"Tres Lineas Noticias","article_published_time":"2026-09-03T22:13:52+00:00","article_modified_time":"2026-09-03T22:13:54+00:00","og_image":[{"width":1600,"height":1066,"url":"http:\/\/treslineasnoticias.com.ar\/wp-content\/uploads\/2026\/09\/IMG-20260903-WA0006.jpg","type":"image\/jpeg"}],"author":"Horacio L\u00f3pez","twitter_card":"summary_large_image","twitter_misc":{"Escrito por":"Horacio L\u00f3pez","Tiempo de lectura":"4 minutos"},"schema":{"@context":"https:\/\/schema.org","@graph":[{"@type":"Article","@id":"https:\/\/treslineasnoticias.com.ar\/?p=29800#article","isPartOf":{"@id":"https:\/\/treslineasnoticias.com.ar\/?p=29800"},"author":{"name":"Horacio L\u00f3pez","@id":"https:\/\/treslineasnoticias.com.ar\/#\/schema\/person\/c5f7249e50517b84c2379b145ca14895"},"headline":"Hoy se realiz\u00f3 la novena sesi\u00f3n ordinaria del Honorable Concejo Deliberante de Florencio Varela","datePublished":"2026-09-03T22:13:52+00:00","dateModified":"2026-09-03T22:13:54+00:00","mainEntityOfPage":{"@id":"https:\/\/treslineasnoticias.com.ar\/?p=29800"},"wordCount":619,"commentCount":0,"image":{"@id":"https:\/\/treslineasnoticias.com.ar\/?p=29800#primaryimage"},"thumbnailUrl":"https:\/\/treslineasnoticias.com.ar\/wp-content\/uploads\/2026\/09\/IMG-20260903-WA0006.jpg","articleSection":["Florencio Varela"],"inLanguage":"es","potentialAction":[{"@type":"CommentAction","name":"Comment","target":["https:\/\/treslineasnoticias.com.ar\/?p=29800#respond"]}]},{"@type":"WebPage","@id":"https:\/\/treslineasnoticias.com.ar\/?p=29800","url":"https:\/\/treslineasnoticias.com.ar\/?p=29800","name":"Hoy se realiz\u00f3 la novena sesi\u00f3n ordinaria del Honorable Concejo Deliberante de Florencio Varela - Tres Lineas Noticias","isPartOf":{"@id":"https:\/\/treslineasnoticias.com.ar\/#website"},"primaryImageOfPage":{"@id":"https:\/\/treslineasnoticias.com.ar\/?p=29800#primaryimage"},"image":{"@id":"https:\/\/treslineasnoticias.com.ar\/?p=29800#primaryimage"},"thumbnailUrl":"https:\/\/treslineasnoticias.com.ar\/wp-content\/uploads\/2026\/09\/IMG-20260903-WA0006.jpg","datePublished":"2026-09-03T22:13:52+00:00","dateModified":"2026-09-03T22:13:54+00:00","author":{"@id":"https:\/\/treslineasnoticias.com.ar\/#\/schema\/person\/c5f7249e50517b84c2379b145ca14895"},"breadcrumb":{"@id":"https:\/\/treslineasnoticias.com.ar\/?p=29800#breadcrumb"},"inLanguage":"es","potentialAction":[{"@type":"ReadAction","target":["https:\/\/treslineasnoticias.com.ar\/?p=29800"]}]},{"@type":"ImageObject","inLanguage":"es","@id":"https:\/\/treslineasnoticias.com.ar\/?p=29800#primaryimage","url":"https:\/\/treslineasnoticias.com.ar\/wp-content\/uploads\/2026\/09\/IMG-20260903-WA0006.jpg","contentUrl":"https:\/\/treslineasnoticias.com.ar\/wp-content\/uploads\/2026\/09\/IMG-20260903-WA0006.jpg","width":1600,"height":1066},{"@type":"BreadcrumbList","@id":"https:\/\/treslineasnoticias.com.ar\/?p=29800#breadcrumb","itemListElement":[{"@type":"ListItem","position":1,"name":"Portada","item":"https:\/\/treslineasnoticias.com.ar\/"},{"@type":"ListItem","position":2,"name":"Hoy se realiz\u00f3 la novena sesi\u00f3n ordinaria del Honorable Concejo Deliberante de Florencio Varela"}]},{"@type":"WebSite","@id":"https:\/\/treslineasnoticias.com.ar\/#website","url":"https:\/\/treslineasnoticias.com.ar\/","name":"Tres Lineas Noticias","description":"","potentialAction":[{"@type":"SearchAction","target":{"@type":"EntryPoint","urlTemplate":"https:\/\/treslineasnoticias.com.ar\/?s={search_term_string}"},"query-input":{"@type":"PropertyValueSpecification","valueRequired":true,"valueName":"search_term_string"}}],"inLanguage":"es"},{"@type":"Person","@id":"https:\/\/treslineasnoticias.com.ar\/#\/schema\/person\/c5f7249e50517b84c2379b145ca14895","name":"Horacio L\u00f3pez","image":{"@type":"ImageObject","inLanguage":"es","@id":"https:\/\/treslineasnoticias.com.ar\/wp-content\/litespeed\/avatar\/f5a5e9d378b20cf999cb9a940a8324f3.jpg?ver=1788116984","url":"https:\/\/treslineasnoticias.com.ar\/wp-content\/litespeed\/avatar\/f5a5e9d378b20cf999cb9a940a8324f3.jpg?ver=1788116984","contentUrl":"https:\/\/treslineasnoticias.com.ar\/wp-content\/litespeed\/avatar\/f5a5e9d378b20cf999cb9a940a8324f3.jpg?ver=1788116984","caption":"Horacio L\u00f3pez"},"sameAs":["http:\/\/treslineasnoticias.com.ar"],"url":"https:\/\/treslineasnoticias.com.ar\/?author=3"}]}},"jetpack_featured_media_url":"https:\/\/treslineasnoticias.com.ar\/wp-content\/uploads\/2026\/09\/IMG-20260903-WA0006.jpg","jetpack_sharing_enabled":true,"_links":{"self":[{"href":"https:\/\/treslineasnoticias.com.ar\/index.php?rest_route=\/wp\/v2\/posts\/29800","targetHints":{"allow":["GET"]}}],"collection":[{"href":"https:\/\/treslineasnoticias.com.ar\/index.php?rest_route=\/wp\/v2\/posts"}],"about":[{"href":"https:\/\/treslineasnoticias.com.ar\/index.php?rest_route=\/wp\/v2\/types\/post"}],"author":[{"embeddable":true,"href":"https:\/\/treslineasnoticias.com.ar\/index.php?rest_route=\/wp\/v2\/users\/3"}],"replies":[{"embeddable":true,"href":"https:\/\/treslineasnoticias.com.ar\/index.php?rest_route=%2Fwp%2Fv2%2Fcomments&post=29800"}],"version-history":[{"count":1,"href":"https:\/\/treslineasnoticias.com.ar\/index.php?rest_route=\/wp\/v2\/posts\/29800\/revisions"}],"predecessor-version":[{"id":29805,"href":"https:\/\/treslineasnoticias.com.ar\/index.php?rest_route=\/wp\/v2\/posts\/29800\/revisions\/29805"}],"wp:featuredmedia":[{"embeddable":true,"href":"https:\/\/treslineasnoticias.com.ar\/index.php?rest_route=\/wp\/v2\/media\/29801"}],"wp:attachment":[{"href":"https:\/\/treslineasnoticias.com.ar\/index.php?rest_route=%2Fwp%2Fv2%2Fmedia&parent=29800"}],"wp:term":[{"taxonomy":"category","embeddable":true,"href":"https:\/\/treslineasnoticias.com.ar\/index.php?rest_route=%2Fwp%2Fv2%2Fcategories&post=29800"},{"taxonomy":"post_tag","embeddable":true,"href":"https:\/\/treslineasnoticias.com.ar\/index.php?rest_route=%2Fwp%2Fv2%2Ftags&post=29800"}],"curies":[{"name":"wp","href":"https:\/\/api.w.org\/{rel}","templated":true}]}}