{"id":29806,"date":"2026-09-03T19:25:44","date_gmt":"2026-09-03T22:25:44","guid":{"rendered":"https:\/\/treslineasnoticias.com.ar\/?p=29806"},"modified":"2026-09-03T19:25:46","modified_gmt":"2026-09-03T22:25:46","slug":"el-centro-de-salud-de-presidente-peron-sumo-una-herramienta-innovadora-en-la-atencion-a-la-poblacion","status":"publish","type":"post","link":"https:\/\/treslineasnoticias.com.ar\/?p=29806","title":{"rendered":"El Centro de Salud de Presidente Per\u00f3n sum\u00f3 una herramienta innovadora en la atenci\u00f3n a la poblaci\u00f3n"},"content":{"rendered":"\n<p><strong><em>Con la meta de potenciar los servicios sanitarios en Florencio Varela, Andr\u00e9s Watson -intendente- formaliz\u00f3 la incorporaci\u00f3n de una estaci\u00f3n de Telemedicina en la instituci\u00f3n ubicada sobre la calle Brochero, esquina Lugones, el jueves por la ma\u00f1ana.<\/em><\/strong><\/p>\n\n\n\n<figure class=\"wp-block-image size-large\"><img loading=\"lazy\" decoding=\"async\" width=\"1024\" height=\"683\" src=\"http:\/\/treslineasnoticias.com.ar\/wp-content\/uploads\/2026\/09\/3806d03a-521b-6772-0c69-c6d0970604ce-1024x683.jpg\" alt=\"\" class=\"wp-image-29807\" srcset=\"https:\/\/treslineasnoticias.com.ar\/wp-content\/uploads\/2026\/09\/3806d03a-521b-6772-0c69-c6d0970604ce-1024x683.jpg 1024w, https:\/\/treslineasnoticias.com.ar\/wp-content\/uploads\/2026\/09\/3806d03a-521b-6772-0c69-c6d0970604ce-300x200.jpg 300w, https:\/\/treslineasnoticias.com.ar\/wp-content\/uploads\/2026\/09\/3806d03a-521b-6772-0c69-c6d0970604ce-768x512.jpg 768w, https:\/\/treslineasnoticias.com.ar\/wp-content\/uploads\/2026\/09\/3806d03a-521b-6772-0c69-c6d0970604ce-1536x1024.jpg 1536w, https:\/\/treslineasnoticias.com.ar\/wp-content\/uploads\/2026\/09\/3806d03a-521b-6772-0c69-c6d0970604ce-2048x1366.jpg 2048w\" sizes=\"auto, (max-width: 1024px) 100vw, 1024px\" \/><\/figure>\n\n\n\n<p>El Mandatario Comunal detall\u00f3: \u201cPresentamos oficialmente la segunda cabina. La plataforma inici\u00f3 con m\u00e9dicos cl\u00ednicos, luego pediatr\u00eda y finalmente, atenci\u00f3n en salud mental\u201d. \u201cA trav\u00e9s del t\u00f3tem, no solamente el vecino o la vecina accedi\u00f3 al contacto con especialistas, a una receta para alg\u00fan medicamento u \u00f3rdenes de estudios\u201d, a\u00f1adi\u00f3.<\/p>\n\n\n\n<p>A modo de conclusi\u00f3n, el Alcalde explic\u00f3 que \u201cla adquisici\u00f3n fue realizada con recursos municipales mediante el pago de las tasas, con un esfuerzo de la comunidad en un contexto no solo de p\u00e9rdida de empleo, sino de las obras sociales que ten\u00edan en esos trabajos\u201d.<\/p>\n\n\n\n<figure class=\"wp-block-image size-large\"><img loading=\"lazy\" decoding=\"async\" width=\"1024\" height=\"683\" src=\"http:\/\/treslineasnoticias.com.ar\/wp-content\/uploads\/2026\/09\/1f7f0d50-239d-1de9-6dd0-4d35499dbf19-1024x683.jpg\" alt=\"\" class=\"wp-image-29809\" srcset=\"https:\/\/treslineasnoticias.com.ar\/wp-content\/uploads\/2026\/09\/1f7f0d50-239d-1de9-6dd0-4d35499dbf19-1024x683.jpg 1024w, https:\/\/treslineasnoticias.com.ar\/wp-content\/uploads\/2026\/09\/1f7f0d50-239d-1de9-6dd0-4d35499dbf19-300x200.jpg 300w, https:\/\/treslineasnoticias.com.ar\/wp-content\/uploads\/2026\/09\/1f7f0d50-239d-1de9-6dd0-4d35499dbf19-768x512.jpg 768w, https:\/\/treslineasnoticias.com.ar\/wp-content\/uploads\/2026\/09\/1f7f0d50-239d-1de9-6dd0-4d35499dbf19-1536x1024.jpg 1536w, https:\/\/treslineasnoticias.com.ar\/wp-content\/uploads\/2026\/09\/1f7f0d50-239d-1de9-6dd0-4d35499dbf19-2048x1365.jpg 2048w\" sizes=\"auto, (max-width: 1024px) 100vw, 1024px\" \/><\/figure>\n\n\n\n<p>Agust\u00edn G\u00f3mez fue de los primeros pacientes en aprovechar el m\u00f3dulo y efectuar una consulta. \u201cFue innovador\u201d, afirm\u00f3 el frentista que lleg\u00f3 a la zona en 1983. Record\u00f3 la evoluci\u00f3n del establecimiento con refacciones edilicias el a\u00f1o pasado.<\/p>\n\n\n\n<p>\u201cMejor que nunca estuvieron las prestaciones\u201d, asever\u00f3. \u201cLas enfermeras, los doctores, jam\u00e1s tuve problemas\u201d, expres\u00f3 el hombre que celebr\u00f3 \u201cesta puesta en marcha con los inconvenientes que empezamos a tener con PAMI\u201d.<\/p>\n\n\n\n<p>Paola Machado fue la especialista que escolt\u00f3 al ciudadano en su control y fue testigo de la experiencia cuando instalaron el dispositivo. \u201cComenzamos a probarlo, pasamos un per\u00edodo de adaptaci\u00f3n, todas las personas que usaron el nuevo mecanismo quedaron encantadas\u201d, narr\u00f3. \u201cAdem\u00e1s, fue equipado para medir saturaci\u00f3n o tensi\u00f3n arterial\u201d, aclar\u00f3.<\/p>\n\n\n\n<figure class=\"wp-block-image size-large\"><img loading=\"lazy\" decoding=\"async\" width=\"1024\" height=\"683\" src=\"http:\/\/treslineasnoticias.com.ar\/wp-content\/uploads\/2026\/09\/d6e7b59d-046c-d3cd-9aac-ea913aefbed7-1024x683.jpg\" alt=\"\" class=\"wp-image-29808\" srcset=\"https:\/\/treslineasnoticias.com.ar\/wp-content\/uploads\/2026\/09\/d6e7b59d-046c-d3cd-9aac-ea913aefbed7-1024x683.jpg 1024w, https:\/\/treslineasnoticias.com.ar\/wp-content\/uploads\/2026\/09\/d6e7b59d-046c-d3cd-9aac-ea913aefbed7-300x200.jpg 300w, https:\/\/treslineasnoticias.com.ar\/wp-content\/uploads\/2026\/09\/d6e7b59d-046c-d3cd-9aac-ea913aefbed7-768x512.jpg 768w, https:\/\/treslineasnoticias.com.ar\/wp-content\/uploads\/2026\/09\/d6e7b59d-046c-d3cd-9aac-ea913aefbed7-1536x1024.jpg 1536w, https:\/\/treslineasnoticias.com.ar\/wp-content\/uploads\/2026\/09\/d6e7b59d-046c-d3cd-9aac-ea913aefbed7-2048x1365.jpg 2048w\" sizes=\"auto, (max-width: 1024px) 100vw, 1024px\" \/><\/figure>\n\n\n\n<p>En el monitoreo, estaba el joven Marcos Ben\u00edtez, un estudiante de la T\u00e9cnica N\u00ba2. El muchacho oriundo de Don Orione desarroll\u00f3 \u201ccuestiones administrativas en los diferentes centros. Me sum\u00f3 profesionalmente aprender de las din\u00e1micas o aspectos de Inform\u00e1tica\u201d.<\/p>\n\n\n\n<p>Estuvo Adriana Alonso, secretaria municipal de Salud.<\/p>\n","protected":false},"excerpt":{"rendered":"<p>Con la meta de potenciar los servicios sanitarios en Florencio Varela, Andr\u00e9s Watson -intendente- formaliz\u00f3 la incorporaci\u00f3n de una estaci\u00f3n de Telemedicina en la instituci\u00f3n ubicada sobre la calle Brochero, esquina Lugones, el jueves por la ma\u00f1ana. El Mandatario Comunal detall\u00f3: \u201cPresentamos oficialmente la segunda cabina. La plataforma inici\u00f3 con m\u00e9dicos cl\u00ednicos, luego pediatr\u00eda y [&hellip;]<\/p>\n","protected":false},"author":3,"featured_media":29810,"comment_status":"open","ping_status":"open","sticky":false,"template":"","format":"standard","meta":{"_jetpack_memberships_contains_paid_content":false,"footnotes":""},"categories":[6],"tags":[],"class_list":["post-29806","post","type-post","status-publish","format-standard","has-post-thumbnail","hentry","category-florencio-varela"],"yoast_head":"<!-- This site is optimized with the Yoast SEO plugin v27.5 - https:\/\/yoast.com\/product\/yoast-seo-wordpress\/ -->\n<title>El Centro de Salud de Presidente Per\u00f3n sum\u00f3 una herramienta innovadora en la atenci\u00f3n a la poblaci\u00f3n - Tres Lineas Noticias<\/title>\n<meta name=\"robots\" content=\"index, follow, max-snippet:-1, max-image-preview:large, max-video-preview:-1\" \/>\n<link rel=\"canonical\" href=\"https:\/\/treslineasnoticias.com.ar\/?p=29806\" \/>\n<meta property=\"og:locale\" content=\"es_ES\" \/>\n<meta property=\"og:type\" content=\"article\" \/>\n<meta property=\"og:title\" content=\"El Centro de Salud de Presidente Per\u00f3n sum\u00f3 una herramienta innovadora en la atenci\u00f3n a la poblaci\u00f3n - Tres Lineas Noticias\" \/>\n<meta property=\"og:description\" content=\"Con la meta de potenciar los servicios sanitarios en Florencio Varela, Andr\u00e9s Watson -intendente- formaliz\u00f3 la incorporaci\u00f3n de una estaci\u00f3n de Telemedicina en la instituci\u00f3n ubicada sobre la calle Brochero, esquina Lugones, el jueves por la ma\u00f1ana. El Mandatario Comunal detall\u00f3: \u201cPresentamos oficialmente la segunda cabina. La plataforma inici\u00f3 con m\u00e9dicos cl\u00ednicos, luego pediatr\u00eda y [&hellip;]\" \/>\n<meta property=\"og:url\" content=\"https:\/\/treslineasnoticias.com.ar\/?p=29806\" \/>\n<meta property=\"og:site_name\" content=\"Tres Lineas Noticias\" \/>\n<meta property=\"article:published_time\" content=\"2026-09-03T22:25:44+00:00\" \/>\n<meta property=\"article:modified_time\" content=\"2026-09-03T22:25:46+00:00\" \/>\n<meta property=\"og:image\" content=\"http:\/\/treslineasnoticias.com.ar\/wp-content\/uploads\/2026\/09\/7a313b9d-5146-5439-dc23-212ddf922f04-scaled.jpg\" \/>\n\t<meta property=\"og:image:width\" content=\"2560\" \/>\n\t<meta property=\"og:image:height\" content=\"1706\" \/>\n\t<meta property=\"og:image:type\" content=\"image\/jpeg\" \/>\n<meta name=\"author\" content=\"Horacio L\u00f3pez\" \/>\n<meta name=\"twitter:card\" content=\"summary_large_image\" \/>\n<meta name=\"twitter:label1\" content=\"Escrito por\" \/>\n\t<meta name=\"twitter:data1\" content=\"Horacio L\u00f3pez\" \/>\n\t<meta name=\"twitter:label2\" content=\"Tiempo de lectura\" \/>\n\t<meta name=\"twitter:data2\" content=\"3 minutos\" \/>\n<script type=\"application\/ld+json\" class=\"yoast-schema-graph\">{\"@context\":\"https:\\\/\\\/schema.org\",\"@graph\":[{\"@type\":\"Article\",\"@id\":\"https:\\\/\\\/treslineasnoticias.com.ar\\\/?p=29806#article\",\"isPartOf\":{\"@id\":\"https:\\\/\\\/treslineasnoticias.com.ar\\\/?p=29806\"},\"author\":{\"name\":\"Horacio L\u00f3pez\",\"@id\":\"https:\\\/\\\/treslineasnoticias.com.ar\\\/#\\\/schema\\\/person\\\/c5f7249e50517b84c2379b145ca14895\"},\"headline\":\"El Centro de Salud de Presidente Per\u00f3n sum\u00f3 una herramienta innovadora en la atenci\u00f3n a la poblaci\u00f3n\",\"datePublished\":\"2026-09-03T22:25:44+00:00\",\"dateModified\":\"2026-09-03T22:25:46+00:00\",\"mainEntityOfPage\":{\"@id\":\"https:\\\/\\\/treslineasnoticias.com.ar\\\/?p=29806\"},\"wordCount\":350,\"commentCount\":0,\"image\":{\"@id\":\"https:\\\/\\\/treslineasnoticias.com.ar\\\/?p=29806#primaryimage\"},\"thumbnailUrl\":\"https:\\\/\\\/treslineasnoticias.com.ar\\\/wp-content\\\/uploads\\\/2026\\\/09\\\/7a313b9d-5146-5439-dc23-212ddf922f04-scaled.jpg\",\"articleSection\":[\"Florencio Varela\"],\"inLanguage\":\"es\",\"potentialAction\":[{\"@type\":\"CommentAction\",\"name\":\"Comment\",\"target\":[\"https:\\\/\\\/treslineasnoticias.com.ar\\\/?p=29806#respond\"]}]},{\"@type\":\"WebPage\",\"@id\":\"https:\\\/\\\/treslineasnoticias.com.ar\\\/?p=29806\",\"url\":\"https:\\\/\\\/treslineasnoticias.com.ar\\\/?p=29806\",\"name\":\"El Centro de Salud de Presidente Per\u00f3n sum\u00f3 una herramienta innovadora en la atenci\u00f3n a la poblaci\u00f3n - Tres Lineas Noticias\",\"isPartOf\":{\"@id\":\"https:\\\/\\\/treslineasnoticias.com.ar\\\/#website\"},\"primaryImageOfPage\":{\"@id\":\"https:\\\/\\\/treslineasnoticias.com.ar\\\/?p=29806#primaryimage\"},\"image\":{\"@id\":\"https:\\\/\\\/treslineasnoticias.com.ar\\\/?p=29806#primaryimage\"},\"thumbnailUrl\":\"https:\\\/\\\/treslineasnoticias.com.ar\\\/wp-content\\\/uploads\\\/2026\\\/09\\\/7a313b9d-5146-5439-dc23-212ddf922f04-scaled.jpg\",\"datePublished\":\"2026-09-03T22:25:44+00:00\",\"dateModified\":\"2026-09-03T22:25:46+00:00\",\"author\":{\"@id\":\"https:\\\/\\\/treslineasnoticias.com.ar\\\/#\\\/schema\\\/person\\\/c5f7249e50517b84c2379b145ca14895\"},\"breadcrumb\":{\"@id\":\"https:\\\/\\\/treslineasnoticias.com.ar\\\/?p=29806#breadcrumb\"},\"inLanguage\":\"es\",\"potentialAction\":[{\"@type\":\"ReadAction\",\"target\":[\"https:\\\/\\\/treslineasnoticias.com.ar\\\/?p=29806\"]}]},{\"@type\":\"ImageObject\",\"inLanguage\":\"es\",\"@id\":\"https:\\\/\\\/treslineasnoticias.com.ar\\\/?p=29806#primaryimage\",\"url\":\"https:\\\/\\\/treslineasnoticias.com.ar\\\/wp-content\\\/uploads\\\/2026\\\/09\\\/7a313b9d-5146-5439-dc23-212ddf922f04-scaled.jpg\",\"contentUrl\":\"https:\\\/\\\/treslineasnoticias.com.ar\\\/wp-content\\\/uploads\\\/2026\\\/09\\\/7a313b9d-5146-5439-dc23-212ddf922f04-scaled.jpg\",\"width\":2560,\"height\":1706},{\"@type\":\"BreadcrumbList\",\"@id\":\"https:\\\/\\\/treslineasnoticias.com.ar\\\/?p=29806#breadcrumb\",\"itemListElement\":[{\"@type\":\"ListItem\",\"position\":1,\"name\":\"Portada\",\"item\":\"https:\\\/\\\/treslineasnoticias.com.ar\\\/\"},{\"@type\":\"ListItem\",\"position\":2,\"name\":\"El Centro de Salud de Presidente Per\u00f3n sum\u00f3 una herramienta innovadora en la atenci\u00f3n a la poblaci\u00f3n\"}]},{\"@type\":\"WebSite\",\"@id\":\"https:\\\/\\\/treslineasnoticias.com.ar\\\/#website\",\"url\":\"https:\\\/\\\/treslineasnoticias.com.ar\\\/\",\"name\":\"Tres Lineas Noticias\",\"description\":\"\",\"potentialAction\":[{\"@type\":\"SearchAction\",\"target\":{\"@type\":\"EntryPoint\",\"urlTemplate\":\"https:\\\/\\\/treslineasnoticias.com.ar\\\/?s={search_term_string}\"},\"query-input\":{\"@type\":\"PropertyValueSpecification\",\"valueRequired\":true,\"valueName\":\"search_term_string\"}}],\"inLanguage\":\"es\"},{\"@type\":\"Person\",\"@id\":\"https:\\\/\\\/treslineasnoticias.com.ar\\\/#\\\/schema\\\/person\\\/c5f7249e50517b84c2379b145ca14895\",\"name\":\"Horacio L\u00f3pez\",\"image\":{\"@type\":\"ImageObject\",\"inLanguage\":\"es\",\"@id\":\"https:\\\/\\\/treslineasnoticias.com.ar\\\/wp-content\\\/litespeed\\\/avatar\\\/f5a5e9d378b20cf999cb9a940a8324f3.jpg?ver=1788116984\",\"url\":\"https:\\\/\\\/treslineasnoticias.com.ar\\\/wp-content\\\/litespeed\\\/avatar\\\/f5a5e9d378b20cf999cb9a940a8324f3.jpg?ver=1788116984\",\"contentUrl\":\"https:\\\/\\\/treslineasnoticias.com.ar\\\/wp-content\\\/litespeed\\\/avatar\\\/f5a5e9d378b20cf999cb9a940a8324f3.jpg?ver=1788116984\",\"caption\":\"Horacio L\u00f3pez\"},\"sameAs\":[\"http:\\\/\\\/treslineasnoticias.com.ar\"],\"url\":\"https:\\\/\\\/treslineasnoticias.com.ar\\\/?author=3\"}]}<\/script>\n<!-- \/ Yoast SEO plugin. -->","yoast_head_json":{"title":"El Centro de Salud de Presidente Per\u00f3n sum\u00f3 una herramienta innovadora en la atenci\u00f3n a la poblaci\u00f3n - Tres Lineas Noticias","robots":{"index":"index","follow":"follow","max-snippet":"max-snippet:-1","max-image-preview":"max-image-preview:large","max-video-preview":"max-video-preview:-1"},"canonical":"https:\/\/treslineasnoticias.com.ar\/?p=29806","og_locale":"es_ES","og_type":"article","og_title":"El Centro de Salud de Presidente Per\u00f3n sum\u00f3 una herramienta innovadora en la atenci\u00f3n a la poblaci\u00f3n - Tres Lineas Noticias","og_description":"Con la meta de potenciar los servicios sanitarios en Florencio Varela, Andr\u00e9s Watson -intendente- formaliz\u00f3 la incorporaci\u00f3n de una estaci\u00f3n de Telemedicina en la instituci\u00f3n ubicada sobre la calle Brochero, esquina Lugones, el jueves por la ma\u00f1ana. El Mandatario Comunal detall\u00f3: \u201cPresentamos oficialmente la segunda cabina. La plataforma inici\u00f3 con m\u00e9dicos cl\u00ednicos, luego pediatr\u00eda y [&hellip;]","og_url":"https:\/\/treslineasnoticias.com.ar\/?p=29806","og_site_name":"Tres Lineas Noticias","article_published_time":"2026-09-03T22:25:44+00:00","article_modified_time":"2026-09-03T22:25:46+00:00","og_image":[{"width":2560,"height":1706,"url":"http:\/\/treslineasnoticias.com.ar\/wp-content\/uploads\/2026\/09\/7a313b9d-5146-5439-dc23-212ddf922f04-scaled.jpg","type":"image\/jpeg"}],"author":"Horacio L\u00f3pez","twitter_card":"summary_large_image","twitter_misc":{"Escrito por":"Horacio L\u00f3pez","Tiempo de lectura":"3 minutos"},"schema":{"@context":"https:\/\/schema.org","@graph":[{"@type":"Article","@id":"https:\/\/treslineasnoticias.com.ar\/?p=29806#article","isPartOf":{"@id":"https:\/\/treslineasnoticias.com.ar\/?p=29806"},"author":{"name":"Horacio L\u00f3pez","@id":"https:\/\/treslineasnoticias.com.ar\/#\/schema\/person\/c5f7249e50517b84c2379b145ca14895"},"headline":"El Centro de Salud de Presidente Per\u00f3n sum\u00f3 una herramienta innovadora en la atenci\u00f3n a la poblaci\u00f3n","datePublished":"2026-09-03T22:25:44+00:00","dateModified":"2026-09-03T22:25:46+00:00","mainEntityOfPage":{"@id":"https:\/\/treslineasnoticias.com.ar\/?p=29806"},"wordCount":350,"commentCount":0,"image":{"@id":"https:\/\/treslineasnoticias.com.ar\/?p=29806#primaryimage"},"thumbnailUrl":"https:\/\/treslineasnoticias.com.ar\/wp-content\/uploads\/2026\/09\/7a313b9d-5146-5439-dc23-212ddf922f04-scaled.jpg","articleSection":["Florencio Varela"],"inLanguage":"es","potentialAction":[{"@type":"CommentAction","name":"Comment","target":["https:\/\/treslineasnoticias.com.ar\/?p=29806#respond"]}]},{"@type":"WebPage","@id":"https:\/\/treslineasnoticias.com.ar\/?p=29806","url":"https:\/\/treslineasnoticias.com.ar\/?p=29806","name":"El Centro de Salud de Presidente Per\u00f3n sum\u00f3 una herramienta innovadora en la atenci\u00f3n a la poblaci\u00f3n - Tres Lineas Noticias","isPartOf":{"@id":"https:\/\/treslineasnoticias.com.ar\/#website"},"primaryImageOfPage":{"@id":"https:\/\/treslineasnoticias.com.ar\/?p=29806#primaryimage"},"image":{"@id":"https:\/\/treslineasnoticias.com.ar\/?p=29806#primaryimage"},"thumbnailUrl":"https:\/\/treslineasnoticias.com.ar\/wp-content\/uploads\/2026\/09\/7a313b9d-5146-5439-dc23-212ddf922f04-scaled.jpg","datePublished":"2026-09-03T22:25:44+00:00","dateModified":"2026-09-03T22:25:46+00:00","author":{"@id":"https:\/\/treslineasnoticias.com.ar\/#\/schema\/person\/c5f7249e50517b84c2379b145ca14895"},"breadcrumb":{"@id":"https:\/\/treslineasnoticias.com.ar\/?p=29806#breadcrumb"},"inLanguage":"es","potentialAction":[{"@type":"ReadAction","target":["https:\/\/treslineasnoticias.com.ar\/?p=29806"]}]},{"@type":"ImageObject","inLanguage":"es","@id":"https:\/\/treslineasnoticias.com.ar\/?p=29806#primaryimage","url":"https:\/\/treslineasnoticias.com.ar\/wp-content\/uploads\/2026\/09\/7a313b9d-5146-5439-dc23-212ddf922f04-scaled.jpg","contentUrl":"https:\/\/treslineasnoticias.com.ar\/wp-content\/uploads\/2026\/09\/7a313b9d-5146-5439-dc23-212ddf922f04-scaled.jpg","width":2560,"height":1706},{"@type":"BreadcrumbList","@id":"https:\/\/treslineasnoticias.com.ar\/?p=29806#breadcrumb","itemListElement":[{"@type":"ListItem","position":1,"name":"Portada","item":"https:\/\/treslineasnoticias.com.ar\/"},{"@type":"ListItem","position":2,"name":"El Centro de Salud de Presidente Per\u00f3n sum\u00f3 una herramienta innovadora en la atenci\u00f3n a la poblaci\u00f3n"}]},{"@type":"WebSite","@id":"https:\/\/treslineasnoticias.com.ar\/#website","url":"https:\/\/treslineasnoticias.com.ar\/","name":"Tres Lineas Noticias","description":"","potentialAction":[{"@type":"SearchAction","target":{"@type":"EntryPoint","urlTemplate":"https:\/\/treslineasnoticias.com.ar\/?s={search_term_string}"},"query-input":{"@type":"PropertyValueSpecification","valueRequired":true,"valueName":"search_term_string"}}],"inLanguage":"es"},{"@type":"Person","@id":"https:\/\/treslineasnoticias.com.ar\/#\/schema\/person\/c5f7249e50517b84c2379b145ca14895","name":"Horacio L\u00f3pez","image":{"@type":"ImageObject","inLanguage":"es","@id":"https:\/\/treslineasnoticias.com.ar\/wp-content\/litespeed\/avatar\/f5a5e9d378b20cf999cb9a940a8324f3.jpg?ver=1788116984","url":"https:\/\/treslineasnoticias.com.ar\/wp-content\/litespeed\/avatar\/f5a5e9d378b20cf999cb9a940a8324f3.jpg?ver=1788116984","contentUrl":"https:\/\/treslineasnoticias.com.ar\/wp-content\/litespeed\/avatar\/f5a5e9d378b20cf999cb9a940a8324f3.jpg?ver=1788116984","caption":"Horacio L\u00f3pez"},"sameAs":["http:\/\/treslineasnoticias.com.ar"],"url":"https:\/\/treslineasnoticias.com.ar\/?author=3"}]}},"jetpack_featured_media_url":"https:\/\/treslineasnoticias.com.ar\/wp-content\/uploads\/2026\/09\/7a313b9d-5146-5439-dc23-212ddf922f04-scaled.jpg","jetpack_sharing_enabled":true,"_links":{"self":[{"href":"https:\/\/treslineasnoticias.com.ar\/index.php?rest_route=\/wp\/v2\/posts\/29806","targetHints":{"allow":["GET"]}}],"collection":[{"href":"https:\/\/treslineasnoticias.com.ar\/index.php?rest_route=\/wp\/v2\/posts"}],"about":[{"href":"https:\/\/treslineasnoticias.com.ar\/index.php?rest_route=\/wp\/v2\/types\/post"}],"author":[{"embeddable":true,"href":"https:\/\/treslineasnoticias.com.ar\/index.php?rest_route=\/wp\/v2\/users\/3"}],"replies":[{"embeddable":true,"href":"https:\/\/treslineasnoticias.com.ar\/index.php?rest_route=%2Fwp%2Fv2%2Fcomments&post=29806"}],"version-history":[{"count":1,"href":"https:\/\/treslineasnoticias.com.ar\/index.php?rest_route=\/wp\/v2\/posts\/29806\/revisions"}],"predecessor-version":[{"id":29811,"href":"https:\/\/treslineasnoticias.com.ar\/index.php?rest_route=\/wp\/v2\/posts\/29806\/revisions\/29811"}],"wp:featuredmedia":[{"embeddable":true,"href":"https:\/\/treslineasnoticias.com.ar\/index.php?rest_route=\/wp\/v2\/media\/29810"}],"wp:attachment":[{"href":"https:\/\/treslineasnoticias.com.ar\/index.php?rest_route=%2Fwp%2Fv2%2Fmedia&parent=29806"}],"wp:term":[{"taxonomy":"category","embeddable":true,"href":"https:\/\/treslineasnoticias.com.ar\/index.php?rest_route=%2Fwp%2Fv2%2Fcategories&post=29806"},{"taxonomy":"post_tag","embeddable":true,"href":"https:\/\/treslineasnoticias.com.ar\/index.php?rest_route=%2Fwp%2Fv2%2Ftags&post=29806"}],"curies":[{"name":"wp","href":"https:\/\/api.w.org\/{rel}","templated":true}]}}