{"id":29823,"date":"2026-09-04T19:03:00","date_gmt":"2026-09-04T22:03:00","guid":{"rendered":"https:\/\/treslineasnoticias.com.ar\/?p=29823"},"modified":"2026-09-04T19:03:01","modified_gmt":"2026-09-04T22:03:01","slug":"balor-acompano-a-kicillof-en-la-presentacion-del-plan-de-prevencion-y-mitigacion-del-fenomeno-del-super-nino","status":"publish","type":"post","link":"https:\/\/treslineasnoticias.com.ar\/?p=29823","title":{"rendered":"Balor acompa\u00f1\u00f3 a Kicillof en la presentaci\u00f3n del Plan de prevenci\u00f3n y mitigaci\u00f3n del fen\u00f3meno del \u00abS\u00faper Ni\u00f1o\u00bb"},"content":{"rendered":"\n<p><strong><em>El intendente de Berazategui, Carlos Balor, estuvo junto al gobernador Axel Kicillof durante la presentaci\u00f3n del Plan provincial de pol\u00edticas de prevenci\u00f3n y mitigaci\u00f3n del fen\u00f3meno del \u00abS\u00faper Ni\u00f1o\u00bb, que totaliza una inversi\u00f3n provincial de m\u00e1s de $2,3 billones. El lanzamiento se realiz\u00f3 en la ciudad de La Plata y participaron ministros bonaerenses, adem\u00e1s de 40 jefes y jefas comunales. Adem\u00e1s, se anunci\u00f3 la creaci\u00f3n de una Mesa Interministerial para fortalecer la coordinaci\u00f3n con los 135 municipios.<\/em><\/strong><\/p>\n\n\n\n<p>En el Sal\u00f3n Dorado de la Casa de Gobierno, Kicillof afirm\u00f3: \u201cHace tiempo que venimos trabajando para reforzar la prevenci\u00f3n ante la posibilidad de un fen\u00f3meno de &#8216;El Ni\u00f1o&#8217; muy fuerte. Por eso, resolvimos crear una Mesa Interministerial que permita coordinar todas las \u00e1reas de la Provincia y mantener un v\u00ednculo directo con los 135 municipios\u00bb. Y agreg\u00f3: \u00abTenemos que prepararnos para un escenario que puede ser muy dif\u00edcil; dise\u00f1ar planes de contingencia y comunicar con claridad para que los y las bonaerenses sepan que pueden producirse precipitaciones mucho m\u00e1s intensas que las habituales\u201d.<br>\u00a0<br>La Mesa Interministerial est\u00e1 integrada por los Ministerios de Gobierno, Ambiente, Infraestructura y Servicios P\u00fablicos, Seguridad, Desarrollo de la Comunidad, Desarrollo Agrario, H\u00e1bitat y Desarrollo Urbano, Salud y Econom\u00eda; y \u00e1reas como el OPISU, la Autoridad del Agua (ADA), la Direcci\u00f3n de Vialidad y ABSA.<\/p>\n\n\n\n<figure class=\"wp-block-image size-large\"><img loading=\"lazy\" decoding=\"async\" width=\"1024\" height=\"683\" src=\"http:\/\/treslineasnoticias.com.ar\/wp-content\/uploads\/2026\/09\/Balor-acompano-a-Kicillof-en-la-presentacion-del-Plan-de-prevencion-y-mitigacion-del-fenomeno-del-Super-Nino-1-1024x683.jpg\" alt=\"\" class=\"wp-image-29824\" srcset=\"https:\/\/treslineasnoticias.com.ar\/wp-content\/uploads\/2026\/09\/Balor-acompano-a-Kicillof-en-la-presentacion-del-Plan-de-prevencion-y-mitigacion-del-fenomeno-del-Super-Nino-1-1024x683.jpg 1024w, https:\/\/treslineasnoticias.com.ar\/wp-content\/uploads\/2026\/09\/Balor-acompano-a-Kicillof-en-la-presentacion-del-Plan-de-prevencion-y-mitigacion-del-fenomeno-del-Super-Nino-1-300x200.jpg 300w, https:\/\/treslineasnoticias.com.ar\/wp-content\/uploads\/2026\/09\/Balor-acompano-a-Kicillof-en-la-presentacion-del-Plan-de-prevencion-y-mitigacion-del-fenomeno-del-Super-Nino-1-768x512.jpg 768w, https:\/\/treslineasnoticias.com.ar\/wp-content\/uploads\/2026\/09\/Balor-acompano-a-Kicillof-en-la-presentacion-del-Plan-de-prevencion-y-mitigacion-del-fenomeno-del-Super-Nino-1-1536x1024.jpg 1536w, https:\/\/treslineasnoticias.com.ar\/wp-content\/uploads\/2026\/09\/Balor-acompano-a-Kicillof-en-la-presentacion-del-Plan-de-prevencion-y-mitigacion-del-fenomeno-del-Super-Nino-1.jpg 1920w\" sizes=\"auto, (max-width: 1024px) 100vw, 1024px\" \/><\/figure>\n\n\n\n<p>\u201cLamentablemente tenemos un Presidente que niega el cambio clim\u00e1tico y, al mismo tiempo, paraliza la obra p\u00fablica y elimina herramientas fundamentales para mitigar sus consecuencias\u201d, afirm\u00f3 el Gobernador. Y a\u00f1adi\u00f3: \u201cNo podemos aceptar que la Naci\u00f3n abandone sus responsabilidades: necesitamos coordinaci\u00f3n, inversiones y los recursos que aportan las provincias para prevenir y dar respuestas\u201d.<br>\u00a0<br>Adem\u00e1s, Kicillof remarc\u00f3: \u201cNo solo no recibimos ning\u00fan tipo de acompa\u00f1amiento, sino que el Gobierno nacional retiene $293 mil millones del Fondo H\u00eddrico y $2,1 billones correspondientes a los Aportes del Tesoro Nacional (ATN). Mientras coordinamos con todos los municipios y otras provincias, vamos a seguir reclamando que nos devuelvan esos fondos, que tienen que ser utilizados para realizar las obras necesarias y afrontar situaciones de emergencia\u201d.<br>\u00a0<br>El intendente Carlos Balor acompa\u00f1\u00f3 a Axel Kicillof en la presentaci\u00f3n de este Plan de prevenci\u00f3n y mitigaci\u00f3n de fen\u00f3menos clim\u00e1ticos fuertes. Luego del encuentro, confirm\u00f3: \u201cEl Gobernador present\u00f3 las pol\u00edticas p\u00fablicas que la Provincia llevar\u00e1 adelante para hacer frente a los eventos meteorol\u00f3gicos vinculados al fen\u00f3meno del \u201cS\u00faper Ni\u00f1o\u201d.<br>\u00a0<br>Entre las medidas proyectadas, se encuentran un seguimiento semanal de las lluvias y de los niveles de las cuencas; y seguir sumando estaciones meteorol\u00f3gicas y entregando pluvi\u00f3metros para fortalecer la capacidad de anticipaci\u00f3n y respuesta en los distritos. Asimismo, crear un visor provincial de estaciones meteorol\u00f3gicas para que todos los jefes comunales sepan en tiempo real lo que ocurre en cada zona; llevar adelante un trabajo de alertas tempranas, monitoreos constantes con guardias de servicios y asesoramiento a cada distrito; disponer de un comando unificado del sistema de bomberos y de las fuerzas provinciales; y realizar una inversi\u00f3n hist\u00f3rica para la ampliaci\u00f3n de equipamiento (11 helic\u00f3pteros, 427 embarcaciones de rescate acu\u00e1tico, 543 m\u00f3viles de emergencia y una flota propia de drones para relevamiento rural).<\/p>\n","protected":false},"excerpt":{"rendered":"<p>El intendente de Berazategui, Carlos Balor, estuvo junto al gobernador Axel Kicillof durante la presentaci\u00f3n del Plan provincial de pol\u00edticas de prevenci\u00f3n y mitigaci\u00f3n del fen\u00f3meno del \u00abS\u00faper Ni\u00f1o\u00bb, que totaliza una inversi\u00f3n provincial de m\u00e1s de $2,3 billones. El lanzamiento se realiz\u00f3 en la ciudad de La Plata y participaron ministros bonaerenses, adem\u00e1s de [&hellip;]<\/p>\n","protected":false},"author":3,"featured_media":29825,"comment_status":"open","ping_status":"open","sticky":false,"template":"","format":"standard","meta":{"_jetpack_memberships_contains_paid_content":false,"footnotes":""},"categories":[4,8],"tags":[],"class_list":["post-29823","post","type-post","status-publish","format-standard","has-post-thumbnail","hentry","category-berazategui","category-provincia"],"yoast_head":"<!-- This site is optimized with the Yoast SEO plugin v27.5 - https:\/\/yoast.com\/product\/yoast-seo-wordpress\/ -->\n<title>Balor acompa\u00f1\u00f3 a Kicillof en la presentaci\u00f3n del Plan de prevenci\u00f3n y mitigaci\u00f3n del fen\u00f3meno del &quot;S\u00faper Ni\u00f1o&quot; - Tres Lineas Noticias<\/title>\n<meta name=\"robots\" content=\"index, follow, max-snippet:-1, max-image-preview:large, max-video-preview:-1\" \/>\n<link rel=\"canonical\" href=\"https:\/\/treslineasnoticias.com.ar\/?p=29823\" \/>\n<meta property=\"og:locale\" content=\"es_ES\" \/>\n<meta property=\"og:type\" content=\"article\" \/>\n<meta property=\"og:title\" content=\"Balor acompa\u00f1\u00f3 a Kicillof en la presentaci\u00f3n del Plan de prevenci\u00f3n y mitigaci\u00f3n del fen\u00f3meno del &quot;S\u00faper Ni\u00f1o&quot; - Tres Lineas Noticias\" \/>\n<meta property=\"og:description\" content=\"El intendente de Berazategui, Carlos Balor, estuvo junto al gobernador Axel Kicillof durante la presentaci\u00f3n del Plan provincial de pol\u00edticas de prevenci\u00f3n y mitigaci\u00f3n del fen\u00f3meno del \u00abS\u00faper Ni\u00f1o\u00bb, que totaliza una inversi\u00f3n provincial de m\u00e1s de $2,3 billones. El lanzamiento se realiz\u00f3 en la ciudad de La Plata y participaron ministros bonaerenses, adem\u00e1s de [&hellip;]\" \/>\n<meta property=\"og:url\" content=\"https:\/\/treslineasnoticias.com.ar\/?p=29823\" \/>\n<meta property=\"og:site_name\" content=\"Tres Lineas Noticias\" \/>\n<meta property=\"article:published_time\" content=\"2026-09-04T22:03:00+00:00\" \/>\n<meta property=\"article:modified_time\" content=\"2026-09-04T22:03:01+00:00\" \/>\n<meta property=\"og:image\" content=\"http:\/\/treslineasnoticias.com.ar\/wp-content\/uploads\/2026\/09\/Balor-acompano-a-Kicillof-en-la-presentacion-del-Plan-de-prevencion-y-mitigacion-del-fenomeno-del-Super-Nino-2.jpg\" \/>\n\t<meta property=\"og:image:width\" content=\"1920\" \/>\n\t<meta property=\"og:image:height\" content=\"1280\" \/>\n\t<meta property=\"og:image:type\" content=\"image\/jpeg\" \/>\n<meta name=\"author\" content=\"Horacio L\u00f3pez\" \/>\n<meta name=\"twitter:card\" content=\"summary_large_image\" \/>\n<meta name=\"twitter:label1\" content=\"Escrito por\" \/>\n\t<meta name=\"twitter:data1\" content=\"Horacio L\u00f3pez\" \/>\n\t<meta name=\"twitter:label2\" content=\"Tiempo de lectura\" \/>\n\t<meta name=\"twitter:data2\" content=\"3 minutos\" \/>\n<script type=\"application\/ld+json\" class=\"yoast-schema-graph\">{\"@context\":\"https:\\\/\\\/schema.org\",\"@graph\":[{\"@type\":\"Article\",\"@id\":\"https:\\\/\\\/treslineasnoticias.com.ar\\\/?p=29823#article\",\"isPartOf\":{\"@id\":\"https:\\\/\\\/treslineasnoticias.com.ar\\\/?p=29823\"},\"author\":{\"name\":\"Horacio L\u00f3pez\",\"@id\":\"https:\\\/\\\/treslineasnoticias.com.ar\\\/#\\\/schema\\\/person\\\/c5f7249e50517b84c2379b145ca14895\"},\"headline\":\"Balor acompa\u00f1\u00f3 a Kicillof en la presentaci\u00f3n del Plan de prevenci\u00f3n y mitigaci\u00f3n del fen\u00f3meno del \u00abS\u00faper Ni\u00f1o\u00bb\",\"datePublished\":\"2026-09-04T22:03:00+00:00\",\"dateModified\":\"2026-09-04T22:03:01+00:00\",\"mainEntityOfPage\":{\"@id\":\"https:\\\/\\\/treslineasnoticias.com.ar\\\/?p=29823\"},\"wordCount\":581,\"commentCount\":0,\"image\":{\"@id\":\"https:\\\/\\\/treslineasnoticias.com.ar\\\/?p=29823#primaryimage\"},\"thumbnailUrl\":\"https:\\\/\\\/treslineasnoticias.com.ar\\\/wp-content\\\/uploads\\\/2026\\\/09\\\/Balor-acompano-a-Kicillof-en-la-presentacion-del-Plan-de-prevencion-y-mitigacion-del-fenomeno-del-Super-Nino-2.jpg\",\"articleSection\":[\"Berazategui\",\"Provincia\"],\"inLanguage\":\"es\",\"potentialAction\":[{\"@type\":\"CommentAction\",\"name\":\"Comment\",\"target\":[\"https:\\\/\\\/treslineasnoticias.com.ar\\\/?p=29823#respond\"]}]},{\"@type\":\"WebPage\",\"@id\":\"https:\\\/\\\/treslineasnoticias.com.ar\\\/?p=29823\",\"url\":\"https:\\\/\\\/treslineasnoticias.com.ar\\\/?p=29823\",\"name\":\"Balor acompa\u00f1\u00f3 a Kicillof en la presentaci\u00f3n del Plan de prevenci\u00f3n y mitigaci\u00f3n del fen\u00f3meno del \\\"S\u00faper Ni\u00f1o\\\" - Tres Lineas Noticias\",\"isPartOf\":{\"@id\":\"https:\\\/\\\/treslineasnoticias.com.ar\\\/#website\"},\"primaryImageOfPage\":{\"@id\":\"https:\\\/\\\/treslineasnoticias.com.ar\\\/?p=29823#primaryimage\"},\"image\":{\"@id\":\"https:\\\/\\\/treslineasnoticias.com.ar\\\/?p=29823#primaryimage\"},\"thumbnailUrl\":\"https:\\\/\\\/treslineasnoticias.com.ar\\\/wp-content\\\/uploads\\\/2026\\\/09\\\/Balor-acompano-a-Kicillof-en-la-presentacion-del-Plan-de-prevencion-y-mitigacion-del-fenomeno-del-Super-Nino-2.jpg\",\"datePublished\":\"2026-09-04T22:03:00+00:00\",\"dateModified\":\"2026-09-04T22:03:01+00:00\",\"author\":{\"@id\":\"https:\\\/\\\/treslineasnoticias.com.ar\\\/#\\\/schema\\\/person\\\/c5f7249e50517b84c2379b145ca14895\"},\"breadcrumb\":{\"@id\":\"https:\\\/\\\/treslineasnoticias.com.ar\\\/?p=29823#breadcrumb\"},\"inLanguage\":\"es\",\"potentialAction\":[{\"@type\":\"ReadAction\",\"target\":[\"https:\\\/\\\/treslineasnoticias.com.ar\\\/?p=29823\"]}]},{\"@type\":\"ImageObject\",\"inLanguage\":\"es\",\"@id\":\"https:\\\/\\\/treslineasnoticias.com.ar\\\/?p=29823#primaryimage\",\"url\":\"https:\\\/\\\/treslineasnoticias.com.ar\\\/wp-content\\\/uploads\\\/2026\\\/09\\\/Balor-acompano-a-Kicillof-en-la-presentacion-del-Plan-de-prevencion-y-mitigacion-del-fenomeno-del-Super-Nino-2.jpg\",\"contentUrl\":\"https:\\\/\\\/treslineasnoticias.com.ar\\\/wp-content\\\/uploads\\\/2026\\\/09\\\/Balor-acompano-a-Kicillof-en-la-presentacion-del-Plan-de-prevencion-y-mitigacion-del-fenomeno-del-Super-Nino-2.jpg\",\"width\":1920,\"height\":1280},{\"@type\":\"BreadcrumbList\",\"@id\":\"https:\\\/\\\/treslineasnoticias.com.ar\\\/?p=29823#breadcrumb\",\"itemListElement\":[{\"@type\":\"ListItem\",\"position\":1,\"name\":\"Portada\",\"item\":\"https:\\\/\\\/treslineasnoticias.com.ar\\\/\"},{\"@type\":\"ListItem\",\"position\":2,\"name\":\"Balor acompa\u00f1\u00f3 a Kicillof en la presentaci\u00f3n del Plan de prevenci\u00f3n y mitigaci\u00f3n del fen\u00f3meno del \u00abS\u00faper Ni\u00f1o\u00bb\"}]},{\"@type\":\"WebSite\",\"@id\":\"https:\\\/\\\/treslineasnoticias.com.ar\\\/#website\",\"url\":\"https:\\\/\\\/treslineasnoticias.com.ar\\\/\",\"name\":\"Tres Lineas Noticias\",\"description\":\"\",\"potentialAction\":[{\"@type\":\"SearchAction\",\"target\":{\"@type\":\"EntryPoint\",\"urlTemplate\":\"https:\\\/\\\/treslineasnoticias.com.ar\\\/?s={search_term_string}\"},\"query-input\":{\"@type\":\"PropertyValueSpecification\",\"valueRequired\":true,\"valueName\":\"search_term_string\"}}],\"inLanguage\":\"es\"},{\"@type\":\"Person\",\"@id\":\"https:\\\/\\\/treslineasnoticias.com.ar\\\/#\\\/schema\\\/person\\\/c5f7249e50517b84c2379b145ca14895\",\"name\":\"Horacio L\u00f3pez\",\"image\":{\"@type\":\"ImageObject\",\"inLanguage\":\"es\",\"@id\":\"https:\\\/\\\/treslineasnoticias.com.ar\\\/wp-content\\\/litespeed\\\/avatar\\\/f5a5e9d378b20cf999cb9a940a8324f3.jpg?ver=1788116984\",\"url\":\"https:\\\/\\\/treslineasnoticias.com.ar\\\/wp-content\\\/litespeed\\\/avatar\\\/f5a5e9d378b20cf999cb9a940a8324f3.jpg?ver=1788116984\",\"contentUrl\":\"https:\\\/\\\/treslineasnoticias.com.ar\\\/wp-content\\\/litespeed\\\/avatar\\\/f5a5e9d378b20cf999cb9a940a8324f3.jpg?ver=1788116984\",\"caption\":\"Horacio L\u00f3pez\"},\"sameAs\":[\"http:\\\/\\\/treslineasnoticias.com.ar\"],\"url\":\"https:\\\/\\\/treslineasnoticias.com.ar\\\/?author=3\"}]}<\/script>\n<!-- \/ Yoast SEO plugin. -->","yoast_head_json":{"title":"Balor acompa\u00f1\u00f3 a Kicillof en la presentaci\u00f3n del Plan de prevenci\u00f3n y mitigaci\u00f3n del fen\u00f3meno del \"S\u00faper Ni\u00f1o\" - Tres Lineas Noticias","robots":{"index":"index","follow":"follow","max-snippet":"max-snippet:-1","max-image-preview":"max-image-preview:large","max-video-preview":"max-video-preview:-1"},"canonical":"https:\/\/treslineasnoticias.com.ar\/?p=29823","og_locale":"es_ES","og_type":"article","og_title":"Balor acompa\u00f1\u00f3 a Kicillof en la presentaci\u00f3n del Plan de prevenci\u00f3n y mitigaci\u00f3n del fen\u00f3meno del \"S\u00faper Ni\u00f1o\" - Tres Lineas Noticias","og_description":"El intendente de Berazategui, Carlos Balor, estuvo junto al gobernador Axel Kicillof durante la presentaci\u00f3n del Plan provincial de pol\u00edticas de prevenci\u00f3n y mitigaci\u00f3n del fen\u00f3meno del \u00abS\u00faper Ni\u00f1o\u00bb, que totaliza una inversi\u00f3n provincial de m\u00e1s de $2,3 billones. El lanzamiento se realiz\u00f3 en la ciudad de La Plata y participaron ministros bonaerenses, adem\u00e1s de [&hellip;]","og_url":"https:\/\/treslineasnoticias.com.ar\/?p=29823","og_site_name":"Tres Lineas Noticias","article_published_time":"2026-09-04T22:03:00+00:00","article_modified_time":"2026-09-04T22:03:01+00:00","og_image":[{"width":1920,"height":1280,"url":"http:\/\/treslineasnoticias.com.ar\/wp-content\/uploads\/2026\/09\/Balor-acompano-a-Kicillof-en-la-presentacion-del-Plan-de-prevencion-y-mitigacion-del-fenomeno-del-Super-Nino-2.jpg","type":"image\/jpeg"}],"author":"Horacio L\u00f3pez","twitter_card":"summary_large_image","twitter_misc":{"Escrito por":"Horacio L\u00f3pez","Tiempo de lectura":"3 minutos"},"schema":{"@context":"https:\/\/schema.org","@graph":[{"@type":"Article","@id":"https:\/\/treslineasnoticias.com.ar\/?p=29823#article","isPartOf":{"@id":"https:\/\/treslineasnoticias.com.ar\/?p=29823"},"author":{"name":"Horacio L\u00f3pez","@id":"https:\/\/treslineasnoticias.com.ar\/#\/schema\/person\/c5f7249e50517b84c2379b145ca14895"},"headline":"Balor acompa\u00f1\u00f3 a Kicillof en la presentaci\u00f3n del Plan de prevenci\u00f3n y mitigaci\u00f3n del fen\u00f3meno del \u00abS\u00faper Ni\u00f1o\u00bb","datePublished":"2026-09-04T22:03:00+00:00","dateModified":"2026-09-04T22:03:01+00:00","mainEntityOfPage":{"@id":"https:\/\/treslineasnoticias.com.ar\/?p=29823"},"wordCount":581,"commentCount":0,"image":{"@id":"https:\/\/treslineasnoticias.com.ar\/?p=29823#primaryimage"},"thumbnailUrl":"https:\/\/treslineasnoticias.com.ar\/wp-content\/uploads\/2026\/09\/Balor-acompano-a-Kicillof-en-la-presentacion-del-Plan-de-prevencion-y-mitigacion-del-fenomeno-del-Super-Nino-2.jpg","articleSection":["Berazategui","Provincia"],"inLanguage":"es","potentialAction":[{"@type":"CommentAction","name":"Comment","target":["https:\/\/treslineasnoticias.com.ar\/?p=29823#respond"]}]},{"@type":"WebPage","@id":"https:\/\/treslineasnoticias.com.ar\/?p=29823","url":"https:\/\/treslineasnoticias.com.ar\/?p=29823","name":"Balor acompa\u00f1\u00f3 a Kicillof en la presentaci\u00f3n del Plan de prevenci\u00f3n y mitigaci\u00f3n del fen\u00f3meno del \"S\u00faper Ni\u00f1o\" - Tres Lineas Noticias","isPartOf":{"@id":"https:\/\/treslineasnoticias.com.ar\/#website"},"primaryImageOfPage":{"@id":"https:\/\/treslineasnoticias.com.ar\/?p=29823#primaryimage"},"image":{"@id":"https:\/\/treslineasnoticias.com.ar\/?p=29823#primaryimage"},"thumbnailUrl":"https:\/\/treslineasnoticias.com.ar\/wp-content\/uploads\/2026\/09\/Balor-acompano-a-Kicillof-en-la-presentacion-del-Plan-de-prevencion-y-mitigacion-del-fenomeno-del-Super-Nino-2.jpg","datePublished":"2026-09-04T22:03:00+00:00","dateModified":"2026-09-04T22:03:01+00:00","author":{"@id":"https:\/\/treslineasnoticias.com.ar\/#\/schema\/person\/c5f7249e50517b84c2379b145ca14895"},"breadcrumb":{"@id":"https:\/\/treslineasnoticias.com.ar\/?p=29823#breadcrumb"},"inLanguage":"es","potentialAction":[{"@type":"ReadAction","target":["https:\/\/treslineasnoticias.com.ar\/?p=29823"]}]},{"@type":"ImageObject","inLanguage":"es","@id":"https:\/\/treslineasnoticias.com.ar\/?p=29823#primaryimage","url":"https:\/\/treslineasnoticias.com.ar\/wp-content\/uploads\/2026\/09\/Balor-acompano-a-Kicillof-en-la-presentacion-del-Plan-de-prevencion-y-mitigacion-del-fenomeno-del-Super-Nino-2.jpg","contentUrl":"https:\/\/treslineasnoticias.com.ar\/wp-content\/uploads\/2026\/09\/Balor-acompano-a-Kicillof-en-la-presentacion-del-Plan-de-prevencion-y-mitigacion-del-fenomeno-del-Super-Nino-2.jpg","width":1920,"height":1280},{"@type":"BreadcrumbList","@id":"https:\/\/treslineasnoticias.com.ar\/?p=29823#breadcrumb","itemListElement":[{"@type":"ListItem","position":1,"name":"Portada","item":"https:\/\/treslineasnoticias.com.ar\/"},{"@type":"ListItem","position":2,"name":"Balor acompa\u00f1\u00f3 a Kicillof en la presentaci\u00f3n del Plan de prevenci\u00f3n y mitigaci\u00f3n del fen\u00f3meno del \u00abS\u00faper Ni\u00f1o\u00bb"}]},{"@type":"WebSite","@id":"https:\/\/treslineasnoticias.com.ar\/#website","url":"https:\/\/treslineasnoticias.com.ar\/","name":"Tres Lineas Noticias","description":"","potentialAction":[{"@type":"SearchAction","target":{"@type":"EntryPoint","urlTemplate":"https:\/\/treslineasnoticias.com.ar\/?s={search_term_string}"},"query-input":{"@type":"PropertyValueSpecification","valueRequired":true,"valueName":"search_term_string"}}],"inLanguage":"es"},{"@type":"Person","@id":"https:\/\/treslineasnoticias.com.ar\/#\/schema\/person\/c5f7249e50517b84c2379b145ca14895","name":"Horacio L\u00f3pez","image":{"@type":"ImageObject","inLanguage":"es","@id":"https:\/\/treslineasnoticias.com.ar\/wp-content\/litespeed\/avatar\/f5a5e9d378b20cf999cb9a940a8324f3.jpg?ver=1788116984","url":"https:\/\/treslineasnoticias.com.ar\/wp-content\/litespeed\/avatar\/f5a5e9d378b20cf999cb9a940a8324f3.jpg?ver=1788116984","contentUrl":"https:\/\/treslineasnoticias.com.ar\/wp-content\/litespeed\/avatar\/f5a5e9d378b20cf999cb9a940a8324f3.jpg?ver=1788116984","caption":"Horacio L\u00f3pez"},"sameAs":["http:\/\/treslineasnoticias.com.ar"],"url":"https:\/\/treslineasnoticias.com.ar\/?author=3"}]}},"jetpack_featured_media_url":"https:\/\/treslineasnoticias.com.ar\/wp-content\/uploads\/2026\/09\/Balor-acompano-a-Kicillof-en-la-presentacion-del-Plan-de-prevencion-y-mitigacion-del-fenomeno-del-Super-Nino-2.jpg","jetpack_sharing_enabled":true,"_links":{"self":[{"href":"https:\/\/treslineasnoticias.com.ar\/index.php?rest_route=\/wp\/v2\/posts\/29823","targetHints":{"allow":["GET"]}}],"collection":[{"href":"https:\/\/treslineasnoticias.com.ar\/index.php?rest_route=\/wp\/v2\/posts"}],"about":[{"href":"https:\/\/treslineasnoticias.com.ar\/index.php?rest_route=\/wp\/v2\/types\/post"}],"author":[{"embeddable":true,"href":"https:\/\/treslineasnoticias.com.ar\/index.php?rest_route=\/wp\/v2\/users\/3"}],"replies":[{"embeddable":true,"href":"https:\/\/treslineasnoticias.com.ar\/index.php?rest_route=%2Fwp%2Fv2%2Fcomments&post=29823"}],"version-history":[{"count":1,"href":"https:\/\/treslineasnoticias.com.ar\/index.php?rest_route=\/wp\/v2\/posts\/29823\/revisions"}],"predecessor-version":[{"id":29826,"href":"https:\/\/treslineasnoticias.com.ar\/index.php?rest_route=\/wp\/v2\/posts\/29823\/revisions\/29826"}],"wp:featuredmedia":[{"embeddable":true,"href":"https:\/\/treslineasnoticias.com.ar\/index.php?rest_route=\/wp\/v2\/media\/29825"}],"wp:attachment":[{"href":"https:\/\/treslineasnoticias.com.ar\/index.php?rest_route=%2Fwp%2Fv2%2Fmedia&parent=29823"}],"wp:term":[{"taxonomy":"category","embeddable":true,"href":"https:\/\/treslineasnoticias.com.ar\/index.php?rest_route=%2Fwp%2Fv2%2Fcategories&post=29823"},{"taxonomy":"post_tag","embeddable":true,"href":"https:\/\/treslineasnoticias.com.ar\/index.php?rest_route=%2Fwp%2Fv2%2Ftags&post=29823"}],"curies":[{"name":"wp","href":"https:\/\/api.w.org\/{rel}","templated":true}]}}