{"id":29827,"date":"2026-09-04T19:06:05","date_gmt":"2026-09-04T22:06:05","guid":{"rendered":"https:\/\/treslineasnoticias.com.ar\/?p=29827"},"modified":"2026-09-04T19:06:07","modified_gmt":"2026-09-04T22:06:07","slug":"avellaneda-formo-parte-de-una-reunion-con-defensa-civil-de-la-provincia-por-el-fenomeno-climatico-super-nino","status":"publish","type":"post","link":"https:\/\/treslineasnoticias.com.ar\/?p=29827","title":{"rendered":"Avellaneda form\u00f3 parte de una reuni\u00f3n con Defensa Civil de la Provincia por el fen\u00f3meno clim\u00e1tico \u201cS\u00faper Ni\u00f1o\u201d"},"content":{"rendered":"\n<p><strong><em>El encuentro estuvo destinado a reforzar tareas de prevenci\u00f3n y planificaci\u00f3n ante la previsi\u00f3n de lluvias mucho m\u00e1s intensas que las habituales.<\/em><\/strong><\/p>\n\n\n\n<figure class=\"wp-block-image size-large\"><img loading=\"lazy\" decoding=\"async\" width=\"1024\" height=\"683\" src=\"http:\/\/treslineasnoticias.com.ar\/wp-content\/uploads\/2026\/09\/WhatsApp-Image-2026-09-04-at-18.35.35-3-1024x683.jpeg\" alt=\"\" class=\"wp-image-29829\" srcset=\"https:\/\/treslineasnoticias.com.ar\/wp-content\/uploads\/2026\/09\/WhatsApp-Image-2026-09-04-at-18.35.35-3-1024x683.jpeg 1024w, https:\/\/treslineasnoticias.com.ar\/wp-content\/uploads\/2026\/09\/WhatsApp-Image-2026-09-04-at-18.35.35-3-300x200.jpeg 300w, https:\/\/treslineasnoticias.com.ar\/wp-content\/uploads\/2026\/09\/WhatsApp-Image-2026-09-04-at-18.35.35-3-768x512.jpeg 768w, https:\/\/treslineasnoticias.com.ar\/wp-content\/uploads\/2026\/09\/WhatsApp-Image-2026-09-04-at-18.35.35-3-1536x1024.jpeg 1536w, https:\/\/treslineasnoticias.com.ar\/wp-content\/uploads\/2026\/09\/WhatsApp-Image-2026-09-04-at-18.35.35-3.jpeg 1600w\" sizes=\"auto, (max-width: 1024px) 100vw, 1024px\" \/><\/figure>\n\n\n\n<p>En el marco del Plan Provincial de Prevenci\u00f3n y Mitigaci\u00f3n del S\u00faper Ni\u00f1o, el Municipio de Avellaneda particip\u00f3 de la reuni\u00f3n de Zona I de Defensa Civil que se desarroll\u00f3 en el Centro de Operaciones Municipal de Almirante Brown.<\/p>\n\n\n\n<p>El encuentro cont\u00f3 con la presencia de referentes de Seguridad y de Defensa Civil, y busc\u00f3 fortalecer protocolos, acciones de prevenci\u00f3n y planes de contingencia, ante las lluvias intensas que se esperan para los pr\u00f3ximos meses.<\/p>\n\n\n\n<figure class=\"wp-block-image size-large\"><img loading=\"lazy\" decoding=\"async\" width=\"1024\" height=\"683\" src=\"http:\/\/treslineasnoticias.com.ar\/wp-content\/uploads\/2026\/09\/WhatsApp-Image-2026-09-04-at-18.35.35-1024x683.jpeg\" alt=\"\" class=\"wp-image-29828\" srcset=\"https:\/\/treslineasnoticias.com.ar\/wp-content\/uploads\/2026\/09\/WhatsApp-Image-2026-09-04-at-18.35.35-1024x683.jpeg 1024w, https:\/\/treslineasnoticias.com.ar\/wp-content\/uploads\/2026\/09\/WhatsApp-Image-2026-09-04-at-18.35.35-300x200.jpeg 300w, https:\/\/treslineasnoticias.com.ar\/wp-content\/uploads\/2026\/09\/WhatsApp-Image-2026-09-04-at-18.35.35-768x512.jpeg 768w, https:\/\/treslineasnoticias.com.ar\/wp-content\/uploads\/2026\/09\/WhatsApp-Image-2026-09-04-at-18.35.35-1536x1024.jpeg 1536w, https:\/\/treslineasnoticias.com.ar\/wp-content\/uploads\/2026\/09\/WhatsApp-Image-2026-09-04-at-18.35.35.jpeg 1600w\" sizes=\"auto, (max-width: 1024px) 100vw, 1024px\" \/><\/figure>\n\n\n\n<p>Durante la reuni\u00f3n se intercambiaron experiencias y se acordaron acciones coordinadas entre la Provincia y los municipios.<\/p>\n\n\n\n<p>De la actividad participaron la directora General de Seguridad Ciudadana, Flavia G\u00f3mez, y el director de Defensa Civil, Marcelo Barriento, adem\u00e1s de los representantes de la Zona I de Defensa Civil, que comprende adem\u00e1s a los municipios de Berazategui, Esteban Echeverr\u00eda, Ezeiza, Florencio Varela, Lan\u00fas, La Matanza, Lomas de Zamora y Quilmes, con cabecera operativa en la ciudad de La Plata.<\/p>\n","protected":false},"excerpt":{"rendered":"<p>El encuentro estuvo destinado a reforzar tareas de prevenci\u00f3n y planificaci\u00f3n ante la previsi\u00f3n de lluvias mucho m\u00e1s intensas que las habituales. En el marco del Plan Provincial de Prevenci\u00f3n y Mitigaci\u00f3n del S\u00faper Ni\u00f1o, el Municipio de Avellaneda particip\u00f3 de la reuni\u00f3n de Zona I de Defensa Civil que se desarroll\u00f3 en el Centro [&hellip;]<\/p>\n","protected":false},"author":3,"featured_media":29830,"comment_status":"open","ping_status":"open","sticky":false,"template":"","format":"standard","meta":{"_jetpack_memberships_contains_paid_content":false,"footnotes":""},"categories":[7,8],"tags":[],"class_list":["post-29827","post","type-post","status-publish","format-standard","has-post-thumbnail","hentry","category-avellaneda","category-provincia"],"yoast_head":"<!-- This site is optimized with the Yoast SEO plugin v27.5 - https:\/\/yoast.com\/product\/yoast-seo-wordpress\/ -->\n<title>Avellaneda form\u00f3 parte de una reuni\u00f3n con Defensa Civil de la Provincia por el fen\u00f3meno clim\u00e1tico \u201cS\u00faper Ni\u00f1o\u201d - Tres Lineas Noticias<\/title>\n<meta name=\"robots\" content=\"index, follow, max-snippet:-1, max-image-preview:large, max-video-preview:-1\" \/>\n<link rel=\"canonical\" href=\"https:\/\/treslineasnoticias.com.ar\/?p=29827\" \/>\n<meta property=\"og:locale\" content=\"es_ES\" \/>\n<meta property=\"og:type\" content=\"article\" \/>\n<meta property=\"og:title\" content=\"Avellaneda form\u00f3 parte de una reuni\u00f3n con Defensa Civil de la Provincia por el fen\u00f3meno clim\u00e1tico \u201cS\u00faper Ni\u00f1o\u201d - Tres Lineas Noticias\" \/>\n<meta property=\"og:description\" content=\"El encuentro estuvo destinado a reforzar tareas de prevenci\u00f3n y planificaci\u00f3n ante la previsi\u00f3n de lluvias mucho m\u00e1s intensas que las habituales. En el marco del Plan Provincial de Prevenci\u00f3n y Mitigaci\u00f3n del S\u00faper Ni\u00f1o, el Municipio de Avellaneda particip\u00f3 de la reuni\u00f3n de Zona I de Defensa Civil que se desarroll\u00f3 en el Centro [&hellip;]\" \/>\n<meta property=\"og:url\" content=\"https:\/\/treslineasnoticias.com.ar\/?p=29827\" \/>\n<meta property=\"og:site_name\" content=\"Tres Lineas Noticias\" \/>\n<meta property=\"article:published_time\" content=\"2026-09-04T22:06:05+00:00\" \/>\n<meta property=\"article:modified_time\" content=\"2026-09-04T22:06:07+00:00\" \/>\n<meta property=\"og:image\" content=\"http:\/\/treslineasnoticias.com.ar\/wp-content\/uploads\/2026\/09\/WhatsApp-Image-2026-09-04-at-18.34.34-1.jpeg\" \/>\n\t<meta property=\"og:image:width\" content=\"1600\" \/>\n\t<meta property=\"og:image:height\" content=\"1067\" \/>\n\t<meta property=\"og:image:type\" content=\"image\/jpeg\" \/>\n<meta name=\"author\" content=\"Horacio L\u00f3pez\" \/>\n<meta name=\"twitter:card\" content=\"summary_large_image\" \/>\n<meta name=\"twitter:label1\" content=\"Escrito por\" \/>\n\t<meta name=\"twitter:data1\" content=\"Horacio L\u00f3pez\" \/>\n\t<meta name=\"twitter:label2\" content=\"Tiempo de lectura\" \/>\n\t<meta name=\"twitter:data2\" content=\"2 minutos\" \/>\n<script type=\"application\/ld+json\" class=\"yoast-schema-graph\">{\"@context\":\"https:\\\/\\\/schema.org\",\"@graph\":[{\"@type\":\"Article\",\"@id\":\"https:\\\/\\\/treslineasnoticias.com.ar\\\/?p=29827#article\",\"isPartOf\":{\"@id\":\"https:\\\/\\\/treslineasnoticias.com.ar\\\/?p=29827\"},\"author\":{\"name\":\"Horacio L\u00f3pez\",\"@id\":\"https:\\\/\\\/treslineasnoticias.com.ar\\\/#\\\/schema\\\/person\\\/c5f7249e50517b84c2379b145ca14895\"},\"headline\":\"Avellaneda form\u00f3 parte de una reuni\u00f3n con Defensa Civil de la Provincia por el fen\u00f3meno clim\u00e1tico \u201cS\u00faper Ni\u00f1o\u201d\",\"datePublished\":\"2026-09-04T22:06:05+00:00\",\"dateModified\":\"2026-09-04T22:06:07+00:00\",\"mainEntityOfPage\":{\"@id\":\"https:\\\/\\\/treslineasnoticias.com.ar\\\/?p=29827\"},\"wordCount\":215,\"commentCount\":0,\"image\":{\"@id\":\"https:\\\/\\\/treslineasnoticias.com.ar\\\/?p=29827#primaryimage\"},\"thumbnailUrl\":\"https:\\\/\\\/treslineasnoticias.com.ar\\\/wp-content\\\/uploads\\\/2026\\\/09\\\/WhatsApp-Image-2026-09-04-at-18.34.34-1.jpeg\",\"articleSection\":[\"Avellaneda\",\"Provincia\"],\"inLanguage\":\"es\",\"potentialAction\":[{\"@type\":\"CommentAction\",\"name\":\"Comment\",\"target\":[\"https:\\\/\\\/treslineasnoticias.com.ar\\\/?p=29827#respond\"]}]},{\"@type\":\"WebPage\",\"@id\":\"https:\\\/\\\/treslineasnoticias.com.ar\\\/?p=29827\",\"url\":\"https:\\\/\\\/treslineasnoticias.com.ar\\\/?p=29827\",\"name\":\"Avellaneda form\u00f3 parte de una reuni\u00f3n con Defensa Civil de la Provincia por el fen\u00f3meno clim\u00e1tico \u201cS\u00faper Ni\u00f1o\u201d - Tres Lineas Noticias\",\"isPartOf\":{\"@id\":\"https:\\\/\\\/treslineasnoticias.com.ar\\\/#website\"},\"primaryImageOfPage\":{\"@id\":\"https:\\\/\\\/treslineasnoticias.com.ar\\\/?p=29827#primaryimage\"},\"image\":{\"@id\":\"https:\\\/\\\/treslineasnoticias.com.ar\\\/?p=29827#primaryimage\"},\"thumbnailUrl\":\"https:\\\/\\\/treslineasnoticias.com.ar\\\/wp-content\\\/uploads\\\/2026\\\/09\\\/WhatsApp-Image-2026-09-04-at-18.34.34-1.jpeg\",\"datePublished\":\"2026-09-04T22:06:05+00:00\",\"dateModified\":\"2026-09-04T22:06:07+00:00\",\"author\":{\"@id\":\"https:\\\/\\\/treslineasnoticias.com.ar\\\/#\\\/schema\\\/person\\\/c5f7249e50517b84c2379b145ca14895\"},\"breadcrumb\":{\"@id\":\"https:\\\/\\\/treslineasnoticias.com.ar\\\/?p=29827#breadcrumb\"},\"inLanguage\":\"es\",\"potentialAction\":[{\"@type\":\"ReadAction\",\"target\":[\"https:\\\/\\\/treslineasnoticias.com.ar\\\/?p=29827\"]}]},{\"@type\":\"ImageObject\",\"inLanguage\":\"es\",\"@id\":\"https:\\\/\\\/treslineasnoticias.com.ar\\\/?p=29827#primaryimage\",\"url\":\"https:\\\/\\\/treslineasnoticias.com.ar\\\/wp-content\\\/uploads\\\/2026\\\/09\\\/WhatsApp-Image-2026-09-04-at-18.34.34-1.jpeg\",\"contentUrl\":\"https:\\\/\\\/treslineasnoticias.com.ar\\\/wp-content\\\/uploads\\\/2026\\\/09\\\/WhatsApp-Image-2026-09-04-at-18.34.34-1.jpeg\",\"width\":1600,\"height\":1067},{\"@type\":\"BreadcrumbList\",\"@id\":\"https:\\\/\\\/treslineasnoticias.com.ar\\\/?p=29827#breadcrumb\",\"itemListElement\":[{\"@type\":\"ListItem\",\"position\":1,\"name\":\"Portada\",\"item\":\"https:\\\/\\\/treslineasnoticias.com.ar\\\/\"},{\"@type\":\"ListItem\",\"position\":2,\"name\":\"Avellaneda form\u00f3 parte de una reuni\u00f3n con Defensa Civil de la Provincia por el fen\u00f3meno clim\u00e1tico \u201cS\u00faper Ni\u00f1o\u201d\"}]},{\"@type\":\"WebSite\",\"@id\":\"https:\\\/\\\/treslineasnoticias.com.ar\\\/#website\",\"url\":\"https:\\\/\\\/treslineasnoticias.com.ar\\\/\",\"name\":\"Tres Lineas Noticias\",\"description\":\"\",\"potentialAction\":[{\"@type\":\"SearchAction\",\"target\":{\"@type\":\"EntryPoint\",\"urlTemplate\":\"https:\\\/\\\/treslineasnoticias.com.ar\\\/?s={search_term_string}\"},\"query-input\":{\"@type\":\"PropertyValueSpecification\",\"valueRequired\":true,\"valueName\":\"search_term_string\"}}],\"inLanguage\":\"es\"},{\"@type\":\"Person\",\"@id\":\"https:\\\/\\\/treslineasnoticias.com.ar\\\/#\\\/schema\\\/person\\\/c5f7249e50517b84c2379b145ca14895\",\"name\":\"Horacio L\u00f3pez\",\"image\":{\"@type\":\"ImageObject\",\"inLanguage\":\"es\",\"@id\":\"https:\\\/\\\/treslineasnoticias.com.ar\\\/wp-content\\\/litespeed\\\/avatar\\\/f5a5e9d378b20cf999cb9a940a8324f3.jpg?ver=1788116984\",\"url\":\"https:\\\/\\\/treslineasnoticias.com.ar\\\/wp-content\\\/litespeed\\\/avatar\\\/f5a5e9d378b20cf999cb9a940a8324f3.jpg?ver=1788116984\",\"contentUrl\":\"https:\\\/\\\/treslineasnoticias.com.ar\\\/wp-content\\\/litespeed\\\/avatar\\\/f5a5e9d378b20cf999cb9a940a8324f3.jpg?ver=1788116984\",\"caption\":\"Horacio L\u00f3pez\"},\"sameAs\":[\"http:\\\/\\\/treslineasnoticias.com.ar\"],\"url\":\"https:\\\/\\\/treslineasnoticias.com.ar\\\/?author=3\"}]}<\/script>\n<!-- \/ Yoast SEO plugin. -->","yoast_head_json":{"title":"Avellaneda form\u00f3 parte de una reuni\u00f3n con Defensa Civil de la Provincia por el fen\u00f3meno clim\u00e1tico \u201cS\u00faper Ni\u00f1o\u201d - Tres Lineas Noticias","robots":{"index":"index","follow":"follow","max-snippet":"max-snippet:-1","max-image-preview":"max-image-preview:large","max-video-preview":"max-video-preview:-1"},"canonical":"https:\/\/treslineasnoticias.com.ar\/?p=29827","og_locale":"es_ES","og_type":"article","og_title":"Avellaneda form\u00f3 parte de una reuni\u00f3n con Defensa Civil de la Provincia por el fen\u00f3meno clim\u00e1tico \u201cS\u00faper Ni\u00f1o\u201d - Tres Lineas Noticias","og_description":"El encuentro estuvo destinado a reforzar tareas de prevenci\u00f3n y planificaci\u00f3n ante la previsi\u00f3n de lluvias mucho m\u00e1s intensas que las habituales. En el marco del Plan Provincial de Prevenci\u00f3n y Mitigaci\u00f3n del S\u00faper Ni\u00f1o, el Municipio de Avellaneda particip\u00f3 de la reuni\u00f3n de Zona I de Defensa Civil que se desarroll\u00f3 en el Centro [&hellip;]","og_url":"https:\/\/treslineasnoticias.com.ar\/?p=29827","og_site_name":"Tres Lineas Noticias","article_published_time":"2026-09-04T22:06:05+00:00","article_modified_time":"2026-09-04T22:06:07+00:00","og_image":[{"width":1600,"height":1067,"url":"http:\/\/treslineasnoticias.com.ar\/wp-content\/uploads\/2026\/09\/WhatsApp-Image-2026-09-04-at-18.34.34-1.jpeg","type":"image\/jpeg"}],"author":"Horacio L\u00f3pez","twitter_card":"summary_large_image","twitter_misc":{"Escrito por":"Horacio L\u00f3pez","Tiempo de lectura":"2 minutos"},"schema":{"@context":"https:\/\/schema.org","@graph":[{"@type":"Article","@id":"https:\/\/treslineasnoticias.com.ar\/?p=29827#article","isPartOf":{"@id":"https:\/\/treslineasnoticias.com.ar\/?p=29827"},"author":{"name":"Horacio L\u00f3pez","@id":"https:\/\/treslineasnoticias.com.ar\/#\/schema\/person\/c5f7249e50517b84c2379b145ca14895"},"headline":"Avellaneda form\u00f3 parte de una reuni\u00f3n con Defensa Civil de la Provincia por el fen\u00f3meno clim\u00e1tico \u201cS\u00faper Ni\u00f1o\u201d","datePublished":"2026-09-04T22:06:05+00:00","dateModified":"2026-09-04T22:06:07+00:00","mainEntityOfPage":{"@id":"https:\/\/treslineasnoticias.com.ar\/?p=29827"},"wordCount":215,"commentCount":0,"image":{"@id":"https:\/\/treslineasnoticias.com.ar\/?p=29827#primaryimage"},"thumbnailUrl":"https:\/\/treslineasnoticias.com.ar\/wp-content\/uploads\/2026\/09\/WhatsApp-Image-2026-09-04-at-18.34.34-1.jpeg","articleSection":["Avellaneda","Provincia"],"inLanguage":"es","potentialAction":[{"@type":"CommentAction","name":"Comment","target":["https:\/\/treslineasnoticias.com.ar\/?p=29827#respond"]}]},{"@type":"WebPage","@id":"https:\/\/treslineasnoticias.com.ar\/?p=29827","url":"https:\/\/treslineasnoticias.com.ar\/?p=29827","name":"Avellaneda form\u00f3 parte de una reuni\u00f3n con Defensa Civil de la Provincia por el fen\u00f3meno clim\u00e1tico \u201cS\u00faper Ni\u00f1o\u201d - Tres Lineas Noticias","isPartOf":{"@id":"https:\/\/treslineasnoticias.com.ar\/#website"},"primaryImageOfPage":{"@id":"https:\/\/treslineasnoticias.com.ar\/?p=29827#primaryimage"},"image":{"@id":"https:\/\/treslineasnoticias.com.ar\/?p=29827#primaryimage"},"thumbnailUrl":"https:\/\/treslineasnoticias.com.ar\/wp-content\/uploads\/2026\/09\/WhatsApp-Image-2026-09-04-at-18.34.34-1.jpeg","datePublished":"2026-09-04T22:06:05+00:00","dateModified":"2026-09-04T22:06:07+00:00","author":{"@id":"https:\/\/treslineasnoticias.com.ar\/#\/schema\/person\/c5f7249e50517b84c2379b145ca14895"},"breadcrumb":{"@id":"https:\/\/treslineasnoticias.com.ar\/?p=29827#breadcrumb"},"inLanguage":"es","potentialAction":[{"@type":"ReadAction","target":["https:\/\/treslineasnoticias.com.ar\/?p=29827"]}]},{"@type":"ImageObject","inLanguage":"es","@id":"https:\/\/treslineasnoticias.com.ar\/?p=29827#primaryimage","url":"https:\/\/treslineasnoticias.com.ar\/wp-content\/uploads\/2026\/09\/WhatsApp-Image-2026-09-04-at-18.34.34-1.jpeg","contentUrl":"https:\/\/treslineasnoticias.com.ar\/wp-content\/uploads\/2026\/09\/WhatsApp-Image-2026-09-04-at-18.34.34-1.jpeg","width":1600,"height":1067},{"@type":"BreadcrumbList","@id":"https:\/\/treslineasnoticias.com.ar\/?p=29827#breadcrumb","itemListElement":[{"@type":"ListItem","position":1,"name":"Portada","item":"https:\/\/treslineasnoticias.com.ar\/"},{"@type":"ListItem","position":2,"name":"Avellaneda form\u00f3 parte de una reuni\u00f3n con Defensa Civil de la Provincia por el fen\u00f3meno clim\u00e1tico \u201cS\u00faper Ni\u00f1o\u201d"}]},{"@type":"WebSite","@id":"https:\/\/treslineasnoticias.com.ar\/#website","url":"https:\/\/treslineasnoticias.com.ar\/","name":"Tres Lineas Noticias","description":"","potentialAction":[{"@type":"SearchAction","target":{"@type":"EntryPoint","urlTemplate":"https:\/\/treslineasnoticias.com.ar\/?s={search_term_string}"},"query-input":{"@type":"PropertyValueSpecification","valueRequired":true,"valueName":"search_term_string"}}],"inLanguage":"es"},{"@type":"Person","@id":"https:\/\/treslineasnoticias.com.ar\/#\/schema\/person\/c5f7249e50517b84c2379b145ca14895","name":"Horacio L\u00f3pez","image":{"@type":"ImageObject","inLanguage":"es","@id":"https:\/\/treslineasnoticias.com.ar\/wp-content\/litespeed\/avatar\/f5a5e9d378b20cf999cb9a940a8324f3.jpg?ver=1788116984","url":"https:\/\/treslineasnoticias.com.ar\/wp-content\/litespeed\/avatar\/f5a5e9d378b20cf999cb9a940a8324f3.jpg?ver=1788116984","contentUrl":"https:\/\/treslineasnoticias.com.ar\/wp-content\/litespeed\/avatar\/f5a5e9d378b20cf999cb9a940a8324f3.jpg?ver=1788116984","caption":"Horacio L\u00f3pez"},"sameAs":["http:\/\/treslineasnoticias.com.ar"],"url":"https:\/\/treslineasnoticias.com.ar\/?author=3"}]}},"jetpack_featured_media_url":"https:\/\/treslineasnoticias.com.ar\/wp-content\/uploads\/2026\/09\/WhatsApp-Image-2026-09-04-at-18.34.34-1.jpeg","jetpack_sharing_enabled":true,"_links":{"self":[{"href":"https:\/\/treslineasnoticias.com.ar\/index.php?rest_route=\/wp\/v2\/posts\/29827","targetHints":{"allow":["GET"]}}],"collection":[{"href":"https:\/\/treslineasnoticias.com.ar\/index.php?rest_route=\/wp\/v2\/posts"}],"about":[{"href":"https:\/\/treslineasnoticias.com.ar\/index.php?rest_route=\/wp\/v2\/types\/post"}],"author":[{"embeddable":true,"href":"https:\/\/treslineasnoticias.com.ar\/index.php?rest_route=\/wp\/v2\/users\/3"}],"replies":[{"embeddable":true,"href":"https:\/\/treslineasnoticias.com.ar\/index.php?rest_route=%2Fwp%2Fv2%2Fcomments&post=29827"}],"version-history":[{"count":1,"href":"https:\/\/treslineasnoticias.com.ar\/index.php?rest_route=\/wp\/v2\/posts\/29827\/revisions"}],"predecessor-version":[{"id":29831,"href":"https:\/\/treslineasnoticias.com.ar\/index.php?rest_route=\/wp\/v2\/posts\/29827\/revisions\/29831"}],"wp:featuredmedia":[{"embeddable":true,"href":"https:\/\/treslineasnoticias.com.ar\/index.php?rest_route=\/wp\/v2\/media\/29830"}],"wp:attachment":[{"href":"https:\/\/treslineasnoticias.com.ar\/index.php?rest_route=%2Fwp%2Fv2%2Fmedia&parent=29827"}],"wp:term":[{"taxonomy":"category","embeddable":true,"href":"https:\/\/treslineasnoticias.com.ar\/index.php?rest_route=%2Fwp%2Fv2%2Fcategories&post=29827"},{"taxonomy":"post_tag","embeddable":true,"href":"https:\/\/treslineasnoticias.com.ar\/index.php?rest_route=%2Fwp%2Fv2%2Ftags&post=29827"}],"curies":[{"name":"wp","href":"https:\/\/api.w.org\/{rel}","templated":true}]}}