{"id":29832,"date":"2026-09-04T19:08:22","date_gmt":"2026-09-04T22:08:22","guid":{"rendered":"https:\/\/treslineasnoticias.com.ar\/?p=29832"},"modified":"2026-09-04T19:08:24","modified_gmt":"2026-09-04T22:08:24","slug":"la-casa-del-arte-celebro-34-anos-de-historia-en-berazategui","status":"publish","type":"post","link":"https:\/\/treslineasnoticias.com.ar\/?p=29832","title":{"rendered":"La Casa del Arte celebr\u00f3 34 a\u00f1os de historia en Berazategui"},"content":{"rendered":"\n<p><strong><em>La Asociaci\u00f3n Casa del Arte festej\u00f3 su 34\u00b0 aniversario. Estuvo presente el intendente Carlos Balor, quien recorri\u00f3 las instalaciones y destac\u00f3 el trabajo que realiza la instituci\u00f3n.<\/em><\/strong><\/p>\n\n\n\n<p>\u201cUstedes son parte de la cultura de Berazategui. Quiero felicitarlos y agradecerles por lo que hacen por la comunidad. Las instituciones tambi\u00e9n son parte del legado de Juan Jos\u00e9 Mussi. Por eso cuentan con el apoyo de la Municipalidad\u201d, subray\u00f3 Carlos Balor.<\/p>\n\n\n\n<figure class=\"wp-block-image size-large\"><img loading=\"lazy\" decoding=\"async\" width=\"1024\" height=\"682\" src=\"http:\/\/treslineasnoticias.com.ar\/wp-content\/uploads\/2026\/09\/La-Casa-del-Arte-celebro-34-anos-de-historia-en-Berazategui-1-1024x682.jpg\" alt=\"\" class=\"wp-image-29834\" srcset=\"https:\/\/treslineasnoticias.com.ar\/wp-content\/uploads\/2026\/09\/La-Casa-del-Arte-celebro-34-anos-de-historia-en-Berazategui-1-1024x682.jpg 1024w, https:\/\/treslineasnoticias.com.ar\/wp-content\/uploads\/2026\/09\/La-Casa-del-Arte-celebro-34-anos-de-historia-en-Berazategui-1-300x200.jpg 300w, https:\/\/treslineasnoticias.com.ar\/wp-content\/uploads\/2026\/09\/La-Casa-del-Arte-celebro-34-anos-de-historia-en-Berazategui-1-768x512.jpg 768w, https:\/\/treslineasnoticias.com.ar\/wp-content\/uploads\/2026\/09\/La-Casa-del-Arte-celebro-34-anos-de-historia-en-Berazategui-1-1536x1023.jpg 1536w, https:\/\/treslineasnoticias.com.ar\/wp-content\/uploads\/2026\/09\/La-Casa-del-Arte-celebro-34-anos-de-historia-en-Berazategui-1.jpg 1600w\" sizes=\"auto, (max-width: 1024px) 100vw, 1024px\" \/><\/figure>\n\n\n\n<p>En tanto, el presidente de Casa del Arte, Oscar P\u00e9rez, expres\u00f3: \u201cRecibimos mucho apoyo de la Municipalidad gracias al intendente Carlos Balor. Estamos felices de poder continuar con esta instituci\u00f3n que tanto amamos\u201d.<\/p>\n\n\n\n<p>Como parte de los festejos, hubo distintas presentaciones folcl\u00f3ricas y de tango.<\/p>\n\n\n\n<p>Estuvieron presentes, adem\u00e1s, integrantes del Gabinete municipal.<\/p>\n","protected":false},"excerpt":{"rendered":"<p>La Asociaci\u00f3n Casa del Arte festej\u00f3 su 34\u00b0 aniversario. Estuvo presente el intendente Carlos Balor, quien recorri\u00f3 las instalaciones y destac\u00f3 el trabajo que realiza la instituci\u00f3n. \u201cUstedes son parte de la cultura de Berazategui. Quiero felicitarlos y agradecerles por lo que hacen por la comunidad. Las instituciones tambi\u00e9n son parte del legado de Juan [&hellip;]<\/p>\n","protected":false},"author":3,"featured_media":29833,"comment_status":"open","ping_status":"open","sticky":false,"template":"","format":"standard","meta":{"_jetpack_memberships_contains_paid_content":false,"footnotes":""},"categories":[4],"tags":[],"class_list":["post-29832","post","type-post","status-publish","format-standard","has-post-thumbnail","hentry","category-berazategui"],"yoast_head":"<!-- This site is optimized with the Yoast SEO plugin v27.5 - https:\/\/yoast.com\/product\/yoast-seo-wordpress\/ -->\n<title>La Casa del Arte celebr\u00f3 34 a\u00f1os de historia en Berazategui - Tres Lineas Noticias<\/title>\n<meta name=\"robots\" content=\"index, follow, max-snippet:-1, max-image-preview:large, max-video-preview:-1\" \/>\n<link rel=\"canonical\" href=\"https:\/\/treslineasnoticias.com.ar\/?p=29832\" \/>\n<meta property=\"og:locale\" content=\"es_ES\" \/>\n<meta property=\"og:type\" content=\"article\" \/>\n<meta property=\"og:title\" content=\"La Casa del Arte celebr\u00f3 34 a\u00f1os de historia en Berazategui - Tres Lineas Noticias\" \/>\n<meta property=\"og:description\" content=\"La Asociaci\u00f3n Casa del Arte festej\u00f3 su 34\u00b0 aniversario. Estuvo presente el intendente Carlos Balor, quien recorri\u00f3 las instalaciones y destac\u00f3 el trabajo que realiza la instituci\u00f3n. \u201cUstedes son parte de la cultura de Berazategui. Quiero felicitarlos y agradecerles por lo que hacen por la comunidad. Las instituciones tambi\u00e9n son parte del legado de Juan [&hellip;]\" \/>\n<meta property=\"og:url\" content=\"https:\/\/treslineasnoticias.com.ar\/?p=29832\" \/>\n<meta property=\"og:site_name\" content=\"Tres Lineas Noticias\" \/>\n<meta property=\"article:published_time\" content=\"2026-09-04T22:08:22+00:00\" \/>\n<meta property=\"article:modified_time\" content=\"2026-09-04T22:08:24+00:00\" \/>\n<meta property=\"og:image\" content=\"http:\/\/treslineasnoticias.com.ar\/wp-content\/uploads\/2026\/09\/La-Casa-del-Arte-celebro-34-anos-de-historia-en-Berazategui.jpg\" \/>\n\t<meta property=\"og:image:width\" content=\"1600\" \/>\n\t<meta property=\"og:image:height\" content=\"1066\" \/>\n\t<meta property=\"og:image:type\" content=\"image\/jpeg\" \/>\n<meta name=\"author\" content=\"Horacio L\u00f3pez\" \/>\n<meta name=\"twitter:card\" content=\"summary_large_image\" \/>\n<meta name=\"twitter:label1\" content=\"Escrito por\" \/>\n\t<meta name=\"twitter:data1\" content=\"Horacio L\u00f3pez\" \/>\n\t<meta name=\"twitter:label2\" content=\"Tiempo de lectura\" \/>\n\t<meta name=\"twitter:data2\" content=\"1 minuto\" \/>\n<script type=\"application\/ld+json\" class=\"yoast-schema-graph\">{\"@context\":\"https:\\\/\\\/schema.org\",\"@graph\":[{\"@type\":\"Article\",\"@id\":\"https:\\\/\\\/treslineasnoticias.com.ar\\\/?p=29832#article\",\"isPartOf\":{\"@id\":\"https:\\\/\\\/treslineasnoticias.com.ar\\\/?p=29832\"},\"author\":{\"name\":\"Horacio L\u00f3pez\",\"@id\":\"https:\\\/\\\/treslineasnoticias.com.ar\\\/#\\\/schema\\\/person\\\/c5f7249e50517b84c2379b145ca14895\"},\"headline\":\"La Casa del Arte celebr\u00f3 34 a\u00f1os de historia en Berazategui\",\"datePublished\":\"2026-09-04T22:08:22+00:00\",\"dateModified\":\"2026-09-04T22:08:24+00:00\",\"mainEntityOfPage\":{\"@id\":\"https:\\\/\\\/treslineasnoticias.com.ar\\\/?p=29832\"},\"wordCount\":138,\"commentCount\":0,\"image\":{\"@id\":\"https:\\\/\\\/treslineasnoticias.com.ar\\\/?p=29832#primaryimage\"},\"thumbnailUrl\":\"https:\\\/\\\/treslineasnoticias.com.ar\\\/wp-content\\\/uploads\\\/2026\\\/09\\\/La-Casa-del-Arte-celebro-34-anos-de-historia-en-Berazategui.jpg\",\"articleSection\":[\"Berazategui\"],\"inLanguage\":\"es\",\"potentialAction\":[{\"@type\":\"CommentAction\",\"name\":\"Comment\",\"target\":[\"https:\\\/\\\/treslineasnoticias.com.ar\\\/?p=29832#respond\"]}]},{\"@type\":\"WebPage\",\"@id\":\"https:\\\/\\\/treslineasnoticias.com.ar\\\/?p=29832\",\"url\":\"https:\\\/\\\/treslineasnoticias.com.ar\\\/?p=29832\",\"name\":\"La Casa del Arte celebr\u00f3 34 a\u00f1os de historia en Berazategui - Tres Lineas Noticias\",\"isPartOf\":{\"@id\":\"https:\\\/\\\/treslineasnoticias.com.ar\\\/#website\"},\"primaryImageOfPage\":{\"@id\":\"https:\\\/\\\/treslineasnoticias.com.ar\\\/?p=29832#primaryimage\"},\"image\":{\"@id\":\"https:\\\/\\\/treslineasnoticias.com.ar\\\/?p=29832#primaryimage\"},\"thumbnailUrl\":\"https:\\\/\\\/treslineasnoticias.com.ar\\\/wp-content\\\/uploads\\\/2026\\\/09\\\/La-Casa-del-Arte-celebro-34-anos-de-historia-en-Berazategui.jpg\",\"datePublished\":\"2026-09-04T22:08:22+00:00\",\"dateModified\":\"2026-09-04T22:08:24+00:00\",\"author\":{\"@id\":\"https:\\\/\\\/treslineasnoticias.com.ar\\\/#\\\/schema\\\/person\\\/c5f7249e50517b84c2379b145ca14895\"},\"breadcrumb\":{\"@id\":\"https:\\\/\\\/treslineasnoticias.com.ar\\\/?p=29832#breadcrumb\"},\"inLanguage\":\"es\",\"potentialAction\":[{\"@type\":\"ReadAction\",\"target\":[\"https:\\\/\\\/treslineasnoticias.com.ar\\\/?p=29832\"]}]},{\"@type\":\"ImageObject\",\"inLanguage\":\"es\",\"@id\":\"https:\\\/\\\/treslineasnoticias.com.ar\\\/?p=29832#primaryimage\",\"url\":\"https:\\\/\\\/treslineasnoticias.com.ar\\\/wp-content\\\/uploads\\\/2026\\\/09\\\/La-Casa-del-Arte-celebro-34-anos-de-historia-en-Berazategui.jpg\",\"contentUrl\":\"https:\\\/\\\/treslineasnoticias.com.ar\\\/wp-content\\\/uploads\\\/2026\\\/09\\\/La-Casa-del-Arte-celebro-34-anos-de-historia-en-Berazategui.jpg\",\"width\":1600,\"height\":1066},{\"@type\":\"BreadcrumbList\",\"@id\":\"https:\\\/\\\/treslineasnoticias.com.ar\\\/?p=29832#breadcrumb\",\"itemListElement\":[{\"@type\":\"ListItem\",\"position\":1,\"name\":\"Portada\",\"item\":\"https:\\\/\\\/treslineasnoticias.com.ar\\\/\"},{\"@type\":\"ListItem\",\"position\":2,\"name\":\"La Casa del Arte celebr\u00f3 34 a\u00f1os de historia en Berazategui\"}]},{\"@type\":\"WebSite\",\"@id\":\"https:\\\/\\\/treslineasnoticias.com.ar\\\/#website\",\"url\":\"https:\\\/\\\/treslineasnoticias.com.ar\\\/\",\"name\":\"Tres Lineas Noticias\",\"description\":\"\",\"potentialAction\":[{\"@type\":\"SearchAction\",\"target\":{\"@type\":\"EntryPoint\",\"urlTemplate\":\"https:\\\/\\\/treslineasnoticias.com.ar\\\/?s={search_term_string}\"},\"query-input\":{\"@type\":\"PropertyValueSpecification\",\"valueRequired\":true,\"valueName\":\"search_term_string\"}}],\"inLanguage\":\"es\"},{\"@type\":\"Person\",\"@id\":\"https:\\\/\\\/treslineasnoticias.com.ar\\\/#\\\/schema\\\/person\\\/c5f7249e50517b84c2379b145ca14895\",\"name\":\"Horacio L\u00f3pez\",\"image\":{\"@type\":\"ImageObject\",\"inLanguage\":\"es\",\"@id\":\"https:\\\/\\\/treslineasnoticias.com.ar\\\/wp-content\\\/litespeed\\\/avatar\\\/f5a5e9d378b20cf999cb9a940a8324f3.jpg?ver=1788116984\",\"url\":\"https:\\\/\\\/treslineasnoticias.com.ar\\\/wp-content\\\/litespeed\\\/avatar\\\/f5a5e9d378b20cf999cb9a940a8324f3.jpg?ver=1788116984\",\"contentUrl\":\"https:\\\/\\\/treslineasnoticias.com.ar\\\/wp-content\\\/litespeed\\\/avatar\\\/f5a5e9d378b20cf999cb9a940a8324f3.jpg?ver=1788116984\",\"caption\":\"Horacio L\u00f3pez\"},\"sameAs\":[\"http:\\\/\\\/treslineasnoticias.com.ar\"],\"url\":\"https:\\\/\\\/treslineasnoticias.com.ar\\\/?author=3\"}]}<\/script>\n<!-- \/ Yoast SEO plugin. -->","yoast_head_json":{"title":"La Casa del Arte celebr\u00f3 34 a\u00f1os de historia en Berazategui - Tres Lineas Noticias","robots":{"index":"index","follow":"follow","max-snippet":"max-snippet:-1","max-image-preview":"max-image-preview:large","max-video-preview":"max-video-preview:-1"},"canonical":"https:\/\/treslineasnoticias.com.ar\/?p=29832","og_locale":"es_ES","og_type":"article","og_title":"La Casa del Arte celebr\u00f3 34 a\u00f1os de historia en Berazategui - Tres Lineas Noticias","og_description":"La Asociaci\u00f3n Casa del Arte festej\u00f3 su 34\u00b0 aniversario. Estuvo presente el intendente Carlos Balor, quien recorri\u00f3 las instalaciones y destac\u00f3 el trabajo que realiza la instituci\u00f3n. \u201cUstedes son parte de la cultura de Berazategui. Quiero felicitarlos y agradecerles por lo que hacen por la comunidad. Las instituciones tambi\u00e9n son parte del legado de Juan [&hellip;]","og_url":"https:\/\/treslineasnoticias.com.ar\/?p=29832","og_site_name":"Tres Lineas Noticias","article_published_time":"2026-09-04T22:08:22+00:00","article_modified_time":"2026-09-04T22:08:24+00:00","og_image":[{"width":1600,"height":1066,"url":"http:\/\/treslineasnoticias.com.ar\/wp-content\/uploads\/2026\/09\/La-Casa-del-Arte-celebro-34-anos-de-historia-en-Berazategui.jpg","type":"image\/jpeg"}],"author":"Horacio L\u00f3pez","twitter_card":"summary_large_image","twitter_misc":{"Escrito por":"Horacio L\u00f3pez","Tiempo de lectura":"1 minuto"},"schema":{"@context":"https:\/\/schema.org","@graph":[{"@type":"Article","@id":"https:\/\/treslineasnoticias.com.ar\/?p=29832#article","isPartOf":{"@id":"https:\/\/treslineasnoticias.com.ar\/?p=29832"},"author":{"name":"Horacio L\u00f3pez","@id":"https:\/\/treslineasnoticias.com.ar\/#\/schema\/person\/c5f7249e50517b84c2379b145ca14895"},"headline":"La Casa del Arte celebr\u00f3 34 a\u00f1os de historia en Berazategui","datePublished":"2026-09-04T22:08:22+00:00","dateModified":"2026-09-04T22:08:24+00:00","mainEntityOfPage":{"@id":"https:\/\/treslineasnoticias.com.ar\/?p=29832"},"wordCount":138,"commentCount":0,"image":{"@id":"https:\/\/treslineasnoticias.com.ar\/?p=29832#primaryimage"},"thumbnailUrl":"https:\/\/treslineasnoticias.com.ar\/wp-content\/uploads\/2026\/09\/La-Casa-del-Arte-celebro-34-anos-de-historia-en-Berazategui.jpg","articleSection":["Berazategui"],"inLanguage":"es","potentialAction":[{"@type":"CommentAction","name":"Comment","target":["https:\/\/treslineasnoticias.com.ar\/?p=29832#respond"]}]},{"@type":"WebPage","@id":"https:\/\/treslineasnoticias.com.ar\/?p=29832","url":"https:\/\/treslineasnoticias.com.ar\/?p=29832","name":"La Casa del Arte celebr\u00f3 34 a\u00f1os de historia en Berazategui - Tres Lineas Noticias","isPartOf":{"@id":"https:\/\/treslineasnoticias.com.ar\/#website"},"primaryImageOfPage":{"@id":"https:\/\/treslineasnoticias.com.ar\/?p=29832#primaryimage"},"image":{"@id":"https:\/\/treslineasnoticias.com.ar\/?p=29832#primaryimage"},"thumbnailUrl":"https:\/\/treslineasnoticias.com.ar\/wp-content\/uploads\/2026\/09\/La-Casa-del-Arte-celebro-34-anos-de-historia-en-Berazategui.jpg","datePublished":"2026-09-04T22:08:22+00:00","dateModified":"2026-09-04T22:08:24+00:00","author":{"@id":"https:\/\/treslineasnoticias.com.ar\/#\/schema\/person\/c5f7249e50517b84c2379b145ca14895"},"breadcrumb":{"@id":"https:\/\/treslineasnoticias.com.ar\/?p=29832#breadcrumb"},"inLanguage":"es","potentialAction":[{"@type":"ReadAction","target":["https:\/\/treslineasnoticias.com.ar\/?p=29832"]}]},{"@type":"ImageObject","inLanguage":"es","@id":"https:\/\/treslineasnoticias.com.ar\/?p=29832#primaryimage","url":"https:\/\/treslineasnoticias.com.ar\/wp-content\/uploads\/2026\/09\/La-Casa-del-Arte-celebro-34-anos-de-historia-en-Berazategui.jpg","contentUrl":"https:\/\/treslineasnoticias.com.ar\/wp-content\/uploads\/2026\/09\/La-Casa-del-Arte-celebro-34-anos-de-historia-en-Berazategui.jpg","width":1600,"height":1066},{"@type":"BreadcrumbList","@id":"https:\/\/treslineasnoticias.com.ar\/?p=29832#breadcrumb","itemListElement":[{"@type":"ListItem","position":1,"name":"Portada","item":"https:\/\/treslineasnoticias.com.ar\/"},{"@type":"ListItem","position":2,"name":"La Casa del Arte celebr\u00f3 34 a\u00f1os de historia en Berazategui"}]},{"@type":"WebSite","@id":"https:\/\/treslineasnoticias.com.ar\/#website","url":"https:\/\/treslineasnoticias.com.ar\/","name":"Tres Lineas Noticias","description":"","potentialAction":[{"@type":"SearchAction","target":{"@type":"EntryPoint","urlTemplate":"https:\/\/treslineasnoticias.com.ar\/?s={search_term_string}"},"query-input":{"@type":"PropertyValueSpecification","valueRequired":true,"valueName":"search_term_string"}}],"inLanguage":"es"},{"@type":"Person","@id":"https:\/\/treslineasnoticias.com.ar\/#\/schema\/person\/c5f7249e50517b84c2379b145ca14895","name":"Horacio L\u00f3pez","image":{"@type":"ImageObject","inLanguage":"es","@id":"https:\/\/treslineasnoticias.com.ar\/wp-content\/litespeed\/avatar\/f5a5e9d378b20cf999cb9a940a8324f3.jpg?ver=1788116984","url":"https:\/\/treslineasnoticias.com.ar\/wp-content\/litespeed\/avatar\/f5a5e9d378b20cf999cb9a940a8324f3.jpg?ver=1788116984","contentUrl":"https:\/\/treslineasnoticias.com.ar\/wp-content\/litespeed\/avatar\/f5a5e9d378b20cf999cb9a940a8324f3.jpg?ver=1788116984","caption":"Horacio L\u00f3pez"},"sameAs":["http:\/\/treslineasnoticias.com.ar"],"url":"https:\/\/treslineasnoticias.com.ar\/?author=3"}]}},"jetpack_featured_media_url":"https:\/\/treslineasnoticias.com.ar\/wp-content\/uploads\/2026\/09\/La-Casa-del-Arte-celebro-34-anos-de-historia-en-Berazategui.jpg","jetpack_sharing_enabled":true,"_links":{"self":[{"href":"https:\/\/treslineasnoticias.com.ar\/index.php?rest_route=\/wp\/v2\/posts\/29832","targetHints":{"allow":["GET"]}}],"collection":[{"href":"https:\/\/treslineasnoticias.com.ar\/index.php?rest_route=\/wp\/v2\/posts"}],"about":[{"href":"https:\/\/treslineasnoticias.com.ar\/index.php?rest_route=\/wp\/v2\/types\/post"}],"author":[{"embeddable":true,"href":"https:\/\/treslineasnoticias.com.ar\/index.php?rest_route=\/wp\/v2\/users\/3"}],"replies":[{"embeddable":true,"href":"https:\/\/treslineasnoticias.com.ar\/index.php?rest_route=%2Fwp%2Fv2%2Fcomments&post=29832"}],"version-history":[{"count":1,"href":"https:\/\/treslineasnoticias.com.ar\/index.php?rest_route=\/wp\/v2\/posts\/29832\/revisions"}],"predecessor-version":[{"id":29835,"href":"https:\/\/treslineasnoticias.com.ar\/index.php?rest_route=\/wp\/v2\/posts\/29832\/revisions\/29835"}],"wp:featuredmedia":[{"embeddable":true,"href":"https:\/\/treslineasnoticias.com.ar\/index.php?rest_route=\/wp\/v2\/media\/29833"}],"wp:attachment":[{"href":"https:\/\/treslineasnoticias.com.ar\/index.php?rest_route=%2Fwp%2Fv2%2Fmedia&parent=29832"}],"wp:term":[{"taxonomy":"category","embeddable":true,"href":"https:\/\/treslineasnoticias.com.ar\/index.php?rest_route=%2Fwp%2Fv2%2Fcategories&post=29832"},{"taxonomy":"post_tag","embeddable":true,"href":"https:\/\/treslineasnoticias.com.ar\/index.php?rest_route=%2Fwp%2Fv2%2Ftags&post=29832"}],"curies":[{"name":"wp","href":"https:\/\/api.w.org\/{rel}","templated":true}]}}