{"id":29841,"date":"2026-09-04T19:14:34","date_gmt":"2026-09-04T22:14:34","guid":{"rendered":"https:\/\/treslineasnoticias.com.ar\/?p=29841"},"modified":"2026-09-04T19:14:36","modified_gmt":"2026-09-04T22:14:36","slug":"carlos-balor-acompano-a-los-abogados-y-abogadas-en-su-dia","status":"publish","type":"post","link":"https:\/\/treslineasnoticias.com.ar\/?p=29841","title":{"rendered":"Carlos Balor acompa\u00f1\u00f3 a los abogados y abogadas en su d\u00eda"},"content":{"rendered":"\n<p><em><strong>Por primera vez, Berazategui fue sede del festejo por el D\u00eda de la Abogac\u00eda, organizado por el Colegio de Abogados del Departamento Judicial de Quilmes. El encuentro se realiz\u00f3 en el Centro Municipal de Actividades Roberto De Vicenzo y cont\u00f3 con la presencia del intendente de Berazategui, Carlos Balor.<\/strong><br><\/em><br>\u201cQuiero saludar a todos los y las que ejercen esta profesi\u00f3n. Es la primera vez que esto se realiza en Berazategui; muchas gracias a todos por estar ac\u00e1. Vamos a seguir trabajando juntos\u201d, expres\u00f3 Carlos Balor durante el encuentro, donde tambi\u00e9n particip\u00f3 de la entrega de reconocimientos a profesionales con 50 a\u00f1os de trayectoria.<\/p>\n\n\n\n<figure class=\"wp-block-image size-large\"><img loading=\"lazy\" decoding=\"async\" width=\"1024\" height=\"683\" src=\"http:\/\/treslineasnoticias.com.ar\/wp-content\/uploads\/2026\/09\/Carlos-Balor-acompano-a-los-abogados-y-abogadas-en-su-dia-2-1024x683.jpg\" alt=\"\" class=\"wp-image-29844\" srcset=\"https:\/\/treslineasnoticias.com.ar\/wp-content\/uploads\/2026\/09\/Carlos-Balor-acompano-a-los-abogados-y-abogadas-en-su-dia-2-1024x683.jpg 1024w, https:\/\/treslineasnoticias.com.ar\/wp-content\/uploads\/2026\/09\/Carlos-Balor-acompano-a-los-abogados-y-abogadas-en-su-dia-2-300x200.jpg 300w, https:\/\/treslineasnoticias.com.ar\/wp-content\/uploads\/2026\/09\/Carlos-Balor-acompano-a-los-abogados-y-abogadas-en-su-dia-2-768x512.jpg 768w, https:\/\/treslineasnoticias.com.ar\/wp-content\/uploads\/2026\/09\/Carlos-Balor-acompano-a-los-abogados-y-abogadas-en-su-dia-2-1536x1024.jpg 1536w, https:\/\/treslineasnoticias.com.ar\/wp-content\/uploads\/2026\/09\/Carlos-Balor-acompano-a-los-abogados-y-abogadas-en-su-dia-2.jpg 1920w\" sizes=\"auto, (max-width: 1024px) 100vw, 1024px\" \/><\/figure>\n\n\n\n<p>Seguidamente, el presidente del Colegio de Abogados del Departamento Judicial de Quilmes, Dr. Bienvenido Rodr\u00edguez Basalo, destac\u00f3: \u201cHoy celebramos el D\u00eda de la Abogac\u00eda. Y lo hacemos por primera vez en la ciudad de Berazategui, algo que tiene un significado muy especial, porque el Colegio de Abogados de Quilmes es el Colegio de todos los abogados y abogadas de nuestro Departamento Judicial: de Berazategui, Florencio Varela y Quilmes\u201d.<\/p>\n\n\n\n<p>Y subray\u00f3: \u201cAgradezco, especialmente, al intendente Carlos Balor por acompa\u00f1arnos. Su presencia honra este acto y expresa la continuidad de una relaci\u00f3n institucional del Municipio de Berazategui y nuestro Colegio, que hemos construido durante a\u00f1os y que queremos seguir profundizando. No dejo de recordar al querido Dr. Juan Jos\u00e9 Mussi, un enorme amigo de los abogados y abogadas. Siempre nos escuch\u00f3 e impuls\u00f3 nuestras luchas profesionales; estaba cuando lo necesit\u00e1bamos. Nuestro agradecimiento a su memoria\u201d.<\/p>\n\n\n\n<figure class=\"wp-block-image size-large\"><img loading=\"lazy\" decoding=\"async\" width=\"1024\" height=\"683\" src=\"http:\/\/treslineasnoticias.com.ar\/wp-content\/uploads\/2026\/09\/Carlos-Balor-acompano-a-los-abogados-y-abogadas-en-su-dia-1-1024x683.jpg\" alt=\"\" class=\"wp-image-29842\" srcset=\"https:\/\/treslineasnoticias.com.ar\/wp-content\/uploads\/2026\/09\/Carlos-Balor-acompano-a-los-abogados-y-abogadas-en-su-dia-1-1024x683.jpg 1024w, https:\/\/treslineasnoticias.com.ar\/wp-content\/uploads\/2026\/09\/Carlos-Balor-acompano-a-los-abogados-y-abogadas-en-su-dia-1-300x200.jpg 300w, https:\/\/treslineasnoticias.com.ar\/wp-content\/uploads\/2026\/09\/Carlos-Balor-acompano-a-los-abogados-y-abogadas-en-su-dia-1-768x512.jpg 768w, https:\/\/treslineasnoticias.com.ar\/wp-content\/uploads\/2026\/09\/Carlos-Balor-acompano-a-los-abogados-y-abogadas-en-su-dia-1-1536x1024.jpg 1536w, https:\/\/treslineasnoticias.com.ar\/wp-content\/uploads\/2026\/09\/Carlos-Balor-acompano-a-los-abogados-y-abogadas-en-su-dia-1.jpg 1920w\" sizes=\"auto, (max-width: 1024px) 100vw, 1024px\" \/><\/figure>\n\n\n\n<p>Asistieron a la jornada, adem\u00e1s, el vicepresidente del Colegio de Abogados, Dr. Osvaldo Mayer; el titular de la Asesor\u00eda Letrada municipal de Berazategui, Gustavo Campos; y el subsecretario del \u00e1rea, a cargo de la Coordinaci\u00f3n de Cuestiones Jur\u00eddicas de Familia, Dr. Esteban Ayala. Tambi\u00e9n estuvieron presentes Magistrados del Departamento Judicial y representantes de la Asociaci\u00f3n de Abogados de Berazategui y de Abogac\u00eda Organizada de Berazategui Asociaci\u00f3n Civil.<\/p>\n","protected":false},"excerpt":{"rendered":"<p>Por primera vez, Berazategui fue sede del festejo por el D\u00eda de la Abogac\u00eda, organizado por el Colegio de Abogados del Departamento Judicial de Quilmes. El encuentro se realiz\u00f3 en el Centro Municipal de Actividades Roberto De Vicenzo y cont\u00f3 con la presencia del intendente de Berazategui, Carlos Balor.\u201cQuiero saludar a todos los y las [&hellip;]<\/p>\n","protected":false},"author":3,"featured_media":29843,"comment_status":"open","ping_status":"open","sticky":false,"template":"","format":"standard","meta":{"_jetpack_memberships_contains_paid_content":false,"footnotes":""},"categories":[4],"tags":[],"class_list":["post-29841","post","type-post","status-publish","format-standard","has-post-thumbnail","hentry","category-berazategui"],"yoast_head":"<!-- This site is optimized with the Yoast SEO plugin v27.5 - https:\/\/yoast.com\/product\/yoast-seo-wordpress\/ -->\n<title>Carlos Balor acompa\u00f1\u00f3 a los abogados y abogadas en su d\u00eda - Tres Lineas Noticias<\/title>\n<meta name=\"robots\" content=\"index, follow, max-snippet:-1, max-image-preview:large, max-video-preview:-1\" \/>\n<link rel=\"canonical\" href=\"https:\/\/treslineasnoticias.com.ar\/?p=29841\" \/>\n<meta property=\"og:locale\" content=\"es_ES\" \/>\n<meta property=\"og:type\" content=\"article\" \/>\n<meta property=\"og:title\" content=\"Carlos Balor acompa\u00f1\u00f3 a los abogados y abogadas en su d\u00eda - Tres Lineas Noticias\" \/>\n<meta property=\"og:description\" content=\"Por primera vez, Berazategui fue sede del festejo por el D\u00eda de la Abogac\u00eda, organizado por el Colegio de Abogados del Departamento Judicial de Quilmes. El encuentro se realiz\u00f3 en el Centro Municipal de Actividades Roberto De Vicenzo y cont\u00f3 con la presencia del intendente de Berazategui, Carlos Balor.\u201cQuiero saludar a todos los y las [&hellip;]\" \/>\n<meta property=\"og:url\" content=\"https:\/\/treslineasnoticias.com.ar\/?p=29841\" \/>\n<meta property=\"og:site_name\" content=\"Tres Lineas Noticias\" \/>\n<meta property=\"article:published_time\" content=\"2026-09-04T22:14:34+00:00\" \/>\n<meta property=\"article:modified_time\" content=\"2026-09-04T22:14:36+00:00\" \/>\n<meta property=\"og:image\" content=\"http:\/\/treslineasnoticias.com.ar\/wp-content\/uploads\/2026\/09\/Carlos-Balor-acompano-a-los-abogados-y-abogadas-en-su-dia-3.jpg\" \/>\n\t<meta property=\"og:image:width\" content=\"1920\" \/>\n\t<meta property=\"og:image:height\" content=\"1280\" \/>\n\t<meta property=\"og:image:type\" content=\"image\/jpeg\" \/>\n<meta name=\"author\" content=\"Horacio L\u00f3pez\" \/>\n<meta name=\"twitter:card\" content=\"summary_large_image\" \/>\n<meta name=\"twitter:label1\" content=\"Escrito por\" \/>\n\t<meta name=\"twitter:data1\" content=\"Horacio L\u00f3pez\" \/>\n\t<meta name=\"twitter:label2\" content=\"Tiempo de lectura\" \/>\n\t<meta name=\"twitter:data2\" content=\"3 minutos\" \/>\n<script type=\"application\/ld+json\" class=\"yoast-schema-graph\">{\"@context\":\"https:\\\/\\\/schema.org\",\"@graph\":[{\"@type\":\"Article\",\"@id\":\"https:\\\/\\\/treslineasnoticias.com.ar\\\/?p=29841#article\",\"isPartOf\":{\"@id\":\"https:\\\/\\\/treslineasnoticias.com.ar\\\/?p=29841\"},\"author\":{\"name\":\"Horacio L\u00f3pez\",\"@id\":\"https:\\\/\\\/treslineasnoticias.com.ar\\\/#\\\/schema\\\/person\\\/c5f7249e50517b84c2379b145ca14895\"},\"headline\":\"Carlos Balor acompa\u00f1\u00f3 a los abogados y abogadas en su d\u00eda\",\"datePublished\":\"2026-09-04T22:14:34+00:00\",\"dateModified\":\"2026-09-04T22:14:36+00:00\",\"mainEntityOfPage\":{\"@id\":\"https:\\\/\\\/treslineasnoticias.com.ar\\\/?p=29841\"},\"wordCount\":344,\"commentCount\":0,\"image\":{\"@id\":\"https:\\\/\\\/treslineasnoticias.com.ar\\\/?p=29841#primaryimage\"},\"thumbnailUrl\":\"https:\\\/\\\/treslineasnoticias.com.ar\\\/wp-content\\\/uploads\\\/2026\\\/09\\\/Carlos-Balor-acompano-a-los-abogados-y-abogadas-en-su-dia-3.jpg\",\"articleSection\":[\"Berazategui\"],\"inLanguage\":\"es\",\"potentialAction\":[{\"@type\":\"CommentAction\",\"name\":\"Comment\",\"target\":[\"https:\\\/\\\/treslineasnoticias.com.ar\\\/?p=29841#respond\"]}]},{\"@type\":\"WebPage\",\"@id\":\"https:\\\/\\\/treslineasnoticias.com.ar\\\/?p=29841\",\"url\":\"https:\\\/\\\/treslineasnoticias.com.ar\\\/?p=29841\",\"name\":\"Carlos Balor acompa\u00f1\u00f3 a los abogados y abogadas en su d\u00eda - Tres Lineas Noticias\",\"isPartOf\":{\"@id\":\"https:\\\/\\\/treslineasnoticias.com.ar\\\/#website\"},\"primaryImageOfPage\":{\"@id\":\"https:\\\/\\\/treslineasnoticias.com.ar\\\/?p=29841#primaryimage\"},\"image\":{\"@id\":\"https:\\\/\\\/treslineasnoticias.com.ar\\\/?p=29841#primaryimage\"},\"thumbnailUrl\":\"https:\\\/\\\/treslineasnoticias.com.ar\\\/wp-content\\\/uploads\\\/2026\\\/09\\\/Carlos-Balor-acompano-a-los-abogados-y-abogadas-en-su-dia-3.jpg\",\"datePublished\":\"2026-09-04T22:14:34+00:00\",\"dateModified\":\"2026-09-04T22:14:36+00:00\",\"author\":{\"@id\":\"https:\\\/\\\/treslineasnoticias.com.ar\\\/#\\\/schema\\\/person\\\/c5f7249e50517b84c2379b145ca14895\"},\"breadcrumb\":{\"@id\":\"https:\\\/\\\/treslineasnoticias.com.ar\\\/?p=29841#breadcrumb\"},\"inLanguage\":\"es\",\"potentialAction\":[{\"@type\":\"ReadAction\",\"target\":[\"https:\\\/\\\/treslineasnoticias.com.ar\\\/?p=29841\"]}]},{\"@type\":\"ImageObject\",\"inLanguage\":\"es\",\"@id\":\"https:\\\/\\\/treslineasnoticias.com.ar\\\/?p=29841#primaryimage\",\"url\":\"https:\\\/\\\/treslineasnoticias.com.ar\\\/wp-content\\\/uploads\\\/2026\\\/09\\\/Carlos-Balor-acompano-a-los-abogados-y-abogadas-en-su-dia-3.jpg\",\"contentUrl\":\"https:\\\/\\\/treslineasnoticias.com.ar\\\/wp-content\\\/uploads\\\/2026\\\/09\\\/Carlos-Balor-acompano-a-los-abogados-y-abogadas-en-su-dia-3.jpg\",\"width\":1920,\"height\":1280},{\"@type\":\"BreadcrumbList\",\"@id\":\"https:\\\/\\\/treslineasnoticias.com.ar\\\/?p=29841#breadcrumb\",\"itemListElement\":[{\"@type\":\"ListItem\",\"position\":1,\"name\":\"Portada\",\"item\":\"https:\\\/\\\/treslineasnoticias.com.ar\\\/\"},{\"@type\":\"ListItem\",\"position\":2,\"name\":\"Carlos Balor acompa\u00f1\u00f3 a los abogados y abogadas en su d\u00eda\"}]},{\"@type\":\"WebSite\",\"@id\":\"https:\\\/\\\/treslineasnoticias.com.ar\\\/#website\",\"url\":\"https:\\\/\\\/treslineasnoticias.com.ar\\\/\",\"name\":\"Tres Lineas Noticias\",\"description\":\"\",\"potentialAction\":[{\"@type\":\"SearchAction\",\"target\":{\"@type\":\"EntryPoint\",\"urlTemplate\":\"https:\\\/\\\/treslineasnoticias.com.ar\\\/?s={search_term_string}\"},\"query-input\":{\"@type\":\"PropertyValueSpecification\",\"valueRequired\":true,\"valueName\":\"search_term_string\"}}],\"inLanguage\":\"es\"},{\"@type\":\"Person\",\"@id\":\"https:\\\/\\\/treslineasnoticias.com.ar\\\/#\\\/schema\\\/person\\\/c5f7249e50517b84c2379b145ca14895\",\"name\":\"Horacio L\u00f3pez\",\"image\":{\"@type\":\"ImageObject\",\"inLanguage\":\"es\",\"@id\":\"https:\\\/\\\/treslineasnoticias.com.ar\\\/wp-content\\\/litespeed\\\/avatar\\\/f5a5e9d378b20cf999cb9a940a8324f3.jpg?ver=1788116984\",\"url\":\"https:\\\/\\\/treslineasnoticias.com.ar\\\/wp-content\\\/litespeed\\\/avatar\\\/f5a5e9d378b20cf999cb9a940a8324f3.jpg?ver=1788116984\",\"contentUrl\":\"https:\\\/\\\/treslineasnoticias.com.ar\\\/wp-content\\\/litespeed\\\/avatar\\\/f5a5e9d378b20cf999cb9a940a8324f3.jpg?ver=1788116984\",\"caption\":\"Horacio L\u00f3pez\"},\"sameAs\":[\"http:\\\/\\\/treslineasnoticias.com.ar\"],\"url\":\"https:\\\/\\\/treslineasnoticias.com.ar\\\/?author=3\"}]}<\/script>\n<!-- \/ Yoast SEO plugin. -->","yoast_head_json":{"title":"Carlos Balor acompa\u00f1\u00f3 a los abogados y abogadas en su d\u00eda - Tres Lineas Noticias","robots":{"index":"index","follow":"follow","max-snippet":"max-snippet:-1","max-image-preview":"max-image-preview:large","max-video-preview":"max-video-preview:-1"},"canonical":"https:\/\/treslineasnoticias.com.ar\/?p=29841","og_locale":"es_ES","og_type":"article","og_title":"Carlos Balor acompa\u00f1\u00f3 a los abogados y abogadas en su d\u00eda - Tres Lineas Noticias","og_description":"Por primera vez, Berazategui fue sede del festejo por el D\u00eda de la Abogac\u00eda, organizado por el Colegio de Abogados del Departamento Judicial de Quilmes. El encuentro se realiz\u00f3 en el Centro Municipal de Actividades Roberto De Vicenzo y cont\u00f3 con la presencia del intendente de Berazategui, Carlos Balor.\u201cQuiero saludar a todos los y las [&hellip;]","og_url":"https:\/\/treslineasnoticias.com.ar\/?p=29841","og_site_name":"Tres Lineas Noticias","article_published_time":"2026-09-04T22:14:34+00:00","article_modified_time":"2026-09-04T22:14:36+00:00","og_image":[{"width":1920,"height":1280,"url":"http:\/\/treslineasnoticias.com.ar\/wp-content\/uploads\/2026\/09\/Carlos-Balor-acompano-a-los-abogados-y-abogadas-en-su-dia-3.jpg","type":"image\/jpeg"}],"author":"Horacio L\u00f3pez","twitter_card":"summary_large_image","twitter_misc":{"Escrito por":"Horacio L\u00f3pez","Tiempo de lectura":"3 minutos"},"schema":{"@context":"https:\/\/schema.org","@graph":[{"@type":"Article","@id":"https:\/\/treslineasnoticias.com.ar\/?p=29841#article","isPartOf":{"@id":"https:\/\/treslineasnoticias.com.ar\/?p=29841"},"author":{"name":"Horacio L\u00f3pez","@id":"https:\/\/treslineasnoticias.com.ar\/#\/schema\/person\/c5f7249e50517b84c2379b145ca14895"},"headline":"Carlos Balor acompa\u00f1\u00f3 a los abogados y abogadas en su d\u00eda","datePublished":"2026-09-04T22:14:34+00:00","dateModified":"2026-09-04T22:14:36+00:00","mainEntityOfPage":{"@id":"https:\/\/treslineasnoticias.com.ar\/?p=29841"},"wordCount":344,"commentCount":0,"image":{"@id":"https:\/\/treslineasnoticias.com.ar\/?p=29841#primaryimage"},"thumbnailUrl":"https:\/\/treslineasnoticias.com.ar\/wp-content\/uploads\/2026\/09\/Carlos-Balor-acompano-a-los-abogados-y-abogadas-en-su-dia-3.jpg","articleSection":["Berazategui"],"inLanguage":"es","potentialAction":[{"@type":"CommentAction","name":"Comment","target":["https:\/\/treslineasnoticias.com.ar\/?p=29841#respond"]}]},{"@type":"WebPage","@id":"https:\/\/treslineasnoticias.com.ar\/?p=29841","url":"https:\/\/treslineasnoticias.com.ar\/?p=29841","name":"Carlos Balor acompa\u00f1\u00f3 a los abogados y abogadas en su d\u00eda - Tres Lineas Noticias","isPartOf":{"@id":"https:\/\/treslineasnoticias.com.ar\/#website"},"primaryImageOfPage":{"@id":"https:\/\/treslineasnoticias.com.ar\/?p=29841#primaryimage"},"image":{"@id":"https:\/\/treslineasnoticias.com.ar\/?p=29841#primaryimage"},"thumbnailUrl":"https:\/\/treslineasnoticias.com.ar\/wp-content\/uploads\/2026\/09\/Carlos-Balor-acompano-a-los-abogados-y-abogadas-en-su-dia-3.jpg","datePublished":"2026-09-04T22:14:34+00:00","dateModified":"2026-09-04T22:14:36+00:00","author":{"@id":"https:\/\/treslineasnoticias.com.ar\/#\/schema\/person\/c5f7249e50517b84c2379b145ca14895"},"breadcrumb":{"@id":"https:\/\/treslineasnoticias.com.ar\/?p=29841#breadcrumb"},"inLanguage":"es","potentialAction":[{"@type":"ReadAction","target":["https:\/\/treslineasnoticias.com.ar\/?p=29841"]}]},{"@type":"ImageObject","inLanguage":"es","@id":"https:\/\/treslineasnoticias.com.ar\/?p=29841#primaryimage","url":"https:\/\/treslineasnoticias.com.ar\/wp-content\/uploads\/2026\/09\/Carlos-Balor-acompano-a-los-abogados-y-abogadas-en-su-dia-3.jpg","contentUrl":"https:\/\/treslineasnoticias.com.ar\/wp-content\/uploads\/2026\/09\/Carlos-Balor-acompano-a-los-abogados-y-abogadas-en-su-dia-3.jpg","width":1920,"height":1280},{"@type":"BreadcrumbList","@id":"https:\/\/treslineasnoticias.com.ar\/?p=29841#breadcrumb","itemListElement":[{"@type":"ListItem","position":1,"name":"Portada","item":"https:\/\/treslineasnoticias.com.ar\/"},{"@type":"ListItem","position":2,"name":"Carlos Balor acompa\u00f1\u00f3 a los abogados y abogadas en su d\u00eda"}]},{"@type":"WebSite","@id":"https:\/\/treslineasnoticias.com.ar\/#website","url":"https:\/\/treslineasnoticias.com.ar\/","name":"Tres Lineas Noticias","description":"","potentialAction":[{"@type":"SearchAction","target":{"@type":"EntryPoint","urlTemplate":"https:\/\/treslineasnoticias.com.ar\/?s={search_term_string}"},"query-input":{"@type":"PropertyValueSpecification","valueRequired":true,"valueName":"search_term_string"}}],"inLanguage":"es"},{"@type":"Person","@id":"https:\/\/treslineasnoticias.com.ar\/#\/schema\/person\/c5f7249e50517b84c2379b145ca14895","name":"Horacio L\u00f3pez","image":{"@type":"ImageObject","inLanguage":"es","@id":"https:\/\/treslineasnoticias.com.ar\/wp-content\/litespeed\/avatar\/f5a5e9d378b20cf999cb9a940a8324f3.jpg?ver=1788116984","url":"https:\/\/treslineasnoticias.com.ar\/wp-content\/litespeed\/avatar\/f5a5e9d378b20cf999cb9a940a8324f3.jpg?ver=1788116984","contentUrl":"https:\/\/treslineasnoticias.com.ar\/wp-content\/litespeed\/avatar\/f5a5e9d378b20cf999cb9a940a8324f3.jpg?ver=1788116984","caption":"Horacio L\u00f3pez"},"sameAs":["http:\/\/treslineasnoticias.com.ar"],"url":"https:\/\/treslineasnoticias.com.ar\/?author=3"}]}},"jetpack_featured_media_url":"https:\/\/treslineasnoticias.com.ar\/wp-content\/uploads\/2026\/09\/Carlos-Balor-acompano-a-los-abogados-y-abogadas-en-su-dia-3.jpg","jetpack_sharing_enabled":true,"_links":{"self":[{"href":"https:\/\/treslineasnoticias.com.ar\/index.php?rest_route=\/wp\/v2\/posts\/29841","targetHints":{"allow":["GET"]}}],"collection":[{"href":"https:\/\/treslineasnoticias.com.ar\/index.php?rest_route=\/wp\/v2\/posts"}],"about":[{"href":"https:\/\/treslineasnoticias.com.ar\/index.php?rest_route=\/wp\/v2\/types\/post"}],"author":[{"embeddable":true,"href":"https:\/\/treslineasnoticias.com.ar\/index.php?rest_route=\/wp\/v2\/users\/3"}],"replies":[{"embeddable":true,"href":"https:\/\/treslineasnoticias.com.ar\/index.php?rest_route=%2Fwp%2Fv2%2Fcomments&post=29841"}],"version-history":[{"count":1,"href":"https:\/\/treslineasnoticias.com.ar\/index.php?rest_route=\/wp\/v2\/posts\/29841\/revisions"}],"predecessor-version":[{"id":29845,"href":"https:\/\/treslineasnoticias.com.ar\/index.php?rest_route=\/wp\/v2\/posts\/29841\/revisions\/29845"}],"wp:featuredmedia":[{"embeddable":true,"href":"https:\/\/treslineasnoticias.com.ar\/index.php?rest_route=\/wp\/v2\/media\/29843"}],"wp:attachment":[{"href":"https:\/\/treslineasnoticias.com.ar\/index.php?rest_route=%2Fwp%2Fv2%2Fmedia&parent=29841"}],"wp:term":[{"taxonomy":"category","embeddable":true,"href":"https:\/\/treslineasnoticias.com.ar\/index.php?rest_route=%2Fwp%2Fv2%2Fcategories&post=29841"},{"taxonomy":"post_tag","embeddable":true,"href":"https:\/\/treslineasnoticias.com.ar\/index.php?rest_route=%2Fwp%2Fv2%2Ftags&post=29841"}],"curies":[{"name":"wp","href":"https:\/\/api.w.org\/{rel}","templated":true}]}}