{"id":29861,"date":"2026-09-03T23:23:00","date_gmt":"2026-09-04T02:23:00","guid":{"rendered":"https:\/\/treslineasnoticias.com.ar\/?p=29861"},"modified":"2026-09-04T19:27:57","modified_gmt":"2026-09-04T22:27:57","slug":"andres-watson-abrio-las-sesiones-del-8vo-parlamento-bonaerense-de-jovenes-adultos-y-adultos-mayores","status":"publish","type":"post","link":"https:\/\/treslineasnoticias.com.ar\/?p=29861","title":{"rendered":"Andr\u00e9s Watson abri\u00f3 las sesiones del 8vo Parlamento Bonaerense de J\u00f3venes Adultos y Adultos Mayores"},"content":{"rendered":"\n<p><strong><em>El mandatario comunal, Andr\u00e9s Watson, ofici\u00f3 la apertura de la estrategia pedag\u00f3gica destinada a debatir propuestas de inter\u00e9s com\u00fan, elaboradas por el alumnado en proceso de terminalidad educativa, durante la tarde del jueves en el Honorable Concejo Deliberante -Av. Calchaqu\u00ed N\u00ba6269, Altamira-.<\/em><\/strong><\/p>\n\n\n\n<figure class=\"wp-block-image size-large\"><img loading=\"lazy\" decoding=\"async\" width=\"1024\" height=\"683\" src=\"http:\/\/treslineasnoticias.com.ar\/wp-content\/uploads\/2026\/09\/f2c1ffb4-a3df-4240-6a3e-949d3b99d2b0-1024x683.jpg\" alt=\"\" class=\"wp-image-29864\" srcset=\"https:\/\/treslineasnoticias.com.ar\/wp-content\/uploads\/2026\/09\/f2c1ffb4-a3df-4240-6a3e-949d3b99d2b0-1024x683.jpg 1024w, https:\/\/treslineasnoticias.com.ar\/wp-content\/uploads\/2026\/09\/f2c1ffb4-a3df-4240-6a3e-949d3b99d2b0-300x200.jpg 300w, https:\/\/treslineasnoticias.com.ar\/wp-content\/uploads\/2026\/09\/f2c1ffb4-a3df-4240-6a3e-949d3b99d2b0-768x512.jpg 768w, https:\/\/treslineasnoticias.com.ar\/wp-content\/uploads\/2026\/09\/f2c1ffb4-a3df-4240-6a3e-949d3b99d2b0-1536x1024.jpg 1536w, https:\/\/treslineasnoticias.com.ar\/wp-content\/uploads\/2026\/09\/f2c1ffb4-a3df-4240-6a3e-949d3b99d2b0-2048x1365.jpg 2048w\" sizes=\"auto, (max-width: 1024px) 100vw, 1024px\" \/><\/figure>\n\n\n\n<p>En este contexto, el Intendente destac\u00f3 \u201cla oportunidad de conocer la labor legislativa en primera persona a trav\u00e9s de la participaci\u00f3n comunitaria\u201d. Respecto a los proyectos presentados, subray\u00f3 \u201cno solo la posibilidad de detectar los problemas, sino tambi\u00e9n planificar soluciones\u201d.<\/p>\n\n\n\n<p>Ocuparon las 24 bancas del auditorio integrantes de Centros Educativos de Nivel Secundario (CENS), los Centros Especializados de Bachilleratos para Adultos con orientaci\u00f3n en Salud P\u00fablica (CEBAS) y del Plan de Finalizaci\u00f3n de Estudios (FinEs), en la fase distrital del programa bonaerense.<\/p>\n\n\n\n<p>El Alcalde valor\u00f3 \u201cel aporte del estudiantado en la construcci\u00f3n colectiva que implic\u00f3 un compromiso ciudadano\u201d.<\/p>\n\n\n\n<p>Por su parte, el presidente del HCD -Gustavo Rearte- apreci\u00f3 \u201cen la elecci\u00f3n del recinto el lugar id\u00f3neo en la realizaci\u00f3n de esta pr\u00e1ctica: la casa del pueblo, de la democracia\u201d.<\/p>\n\n\n\n<figure class=\"wp-block-image size-large\"><img loading=\"lazy\" decoding=\"async\" width=\"1024\" height=\"683\" src=\"http:\/\/treslineasnoticias.com.ar\/wp-content\/uploads\/2026\/09\/39c7518e-c61b-5b7e-a1b0-a184013859bf-1024x683.jpg\" alt=\"\" class=\"wp-image-29862\" srcset=\"https:\/\/treslineasnoticias.com.ar\/wp-content\/uploads\/2026\/09\/39c7518e-c61b-5b7e-a1b0-a184013859bf-1024x683.jpg 1024w, https:\/\/treslineasnoticias.com.ar\/wp-content\/uploads\/2026\/09\/39c7518e-c61b-5b7e-a1b0-a184013859bf-300x200.jpg 300w, https:\/\/treslineasnoticias.com.ar\/wp-content\/uploads\/2026\/09\/39c7518e-c61b-5b7e-a1b0-a184013859bf-768x512.jpg 768w, https:\/\/treslineasnoticias.com.ar\/wp-content\/uploads\/2026\/09\/39c7518e-c61b-5b7e-a1b0-a184013859bf-1536x1024.jpg 1536w, https:\/\/treslineasnoticias.com.ar\/wp-content\/uploads\/2026\/09\/39c7518e-c61b-5b7e-a1b0-a184013859bf-2048x1365.jpg 2048w\" sizes=\"auto, (max-width: 1024px) 100vw, 1024px\" \/><\/figure>\n\n\n\n<p>El jefe de Regi\u00f3n Cuarta de Educaci\u00f3n -Pablo Vinuesa- anhel\u00f3 \u201cuna asamblea llena de contenido\u201d. \u201cLa actividad contempl\u00f3 una votaci\u00f3n para elegir representantes de Florencio Varela en la instancia provincial\u201d, explic\u00f3.&nbsp;<\/p>\n\n\n\n<p>Como parlamentario de la edici\u00f3n 2025, Rolando Fern\u00e1ndez -del CENS N\u00ba456- brind\u00f3 su testimonio tras la entrega anterior. \u201cFue una experiencia inolvidable\u201d, defini\u00f3 y alent\u00f3 a sus pares a \u201cir con tranquilidad\u201d. Por \u00faltimo, resalt\u00f3 \u201cla chance otorgada a la gente adulta de recuperar una etapa perdida\u201d.<\/p>\n\n\n\n<p>Algo nerviosa, Lidia Fuentes estaba sentada en el esca\u00f1o junto a su docente. La asistente de FinEs en el establecimiento \u201cLuz del Alma\u201d -Zeballos- expuso la iniciativa \u201cEscuelas Sustentables\u201d de la comisi\u00f3n 10.060. La mujer detall\u00f3 la idea de \u201ctener contenedores de residuos en las instituciones educativas del partido con el objetivo de concientizar sobre los desechos a reciclarse\u201d.<\/p>\n\n\n\n<figure class=\"wp-block-image size-large\"><img loading=\"lazy\" decoding=\"async\" width=\"1024\" height=\"683\" src=\"http:\/\/treslineasnoticias.com.ar\/wp-content\/uploads\/2026\/09\/39c7518e-c61b-5b7e-a1b0-a184013859bf-1024x683.jpg\" alt=\"\" class=\"wp-image-29862\" srcset=\"https:\/\/treslineasnoticias.com.ar\/wp-content\/uploads\/2026\/09\/39c7518e-c61b-5b7e-a1b0-a184013859bf-1024x683.jpg 1024w, https:\/\/treslineasnoticias.com.ar\/wp-content\/uploads\/2026\/09\/39c7518e-c61b-5b7e-a1b0-a184013859bf-300x200.jpg 300w, https:\/\/treslineasnoticias.com.ar\/wp-content\/uploads\/2026\/09\/39c7518e-c61b-5b7e-a1b0-a184013859bf-768x512.jpg 768w, https:\/\/treslineasnoticias.com.ar\/wp-content\/uploads\/2026\/09\/39c7518e-c61b-5b7e-a1b0-a184013859bf-1536x1024.jpg 1536w, https:\/\/treslineasnoticias.com.ar\/wp-content\/uploads\/2026\/09\/39c7518e-c61b-5b7e-a1b0-a184013859bf-2048x1365.jpg 2048w\" sizes=\"auto, (max-width: 1024px) 100vw, 1024px\" \/><\/figure>\n\n\n\n<p>A lo largo de la jornada deliberativa, fueron tratadas planificaciones vinculadas a primeros auxilios, conexi\u00f3n digital, reinserci\u00f3n social, bibliotecas de la memoria, murales de la identidad, circuitos culturales, relaciones saludables, entre otras tem\u00e1ticas.<\/p>\n\n\n\n<p>Estuvieron el jefe distrital de Educaci\u00f3n, Alfredo Schveizer; la coordinadora distrital del Plan FinEs, Adriana Ferrari; miembros del gabinete municipal, ediles.<\/p>\n","protected":false},"excerpt":{"rendered":"<p>El mandatario comunal, Andr\u00e9s Watson, ofici\u00f3 la apertura de la estrategia pedag\u00f3gica destinada a debatir propuestas de inter\u00e9s com\u00fan, elaboradas por el alumnado en proceso de terminalidad educativa, durante la tarde del jueves en el Honorable Concejo Deliberante -Av. Calchaqu\u00ed N\u00ba6269, Altamira-. En este contexto, el Intendente destac\u00f3 \u201cla oportunidad de conocer la labor legislativa [&hellip;]<\/p>\n","protected":false},"author":3,"featured_media":29865,"comment_status":"open","ping_status":"open","sticky":false,"template":"","format":"standard","meta":{"_jetpack_memberships_contains_paid_content":false,"footnotes":""},"categories":[6],"tags":[],"class_list":["post-29861","post","type-post","status-publish","format-standard","has-post-thumbnail","hentry","category-florencio-varela"],"yoast_head":"<!-- This site is optimized with the Yoast SEO plugin v27.5 - https:\/\/yoast.com\/product\/yoast-seo-wordpress\/ -->\n<title>Andr\u00e9s Watson abri\u00f3 las sesiones del 8vo Parlamento Bonaerense de J\u00f3venes Adultos y Adultos Mayores - Tres Lineas Noticias<\/title>\n<meta name=\"robots\" content=\"index, follow, max-snippet:-1, max-image-preview:large, max-video-preview:-1\" \/>\n<link rel=\"canonical\" href=\"https:\/\/treslineasnoticias.com.ar\/?p=29861\" \/>\n<meta property=\"og:locale\" content=\"es_ES\" \/>\n<meta property=\"og:type\" content=\"article\" \/>\n<meta property=\"og:title\" content=\"Andr\u00e9s Watson abri\u00f3 las sesiones del 8vo Parlamento Bonaerense de J\u00f3venes Adultos y Adultos Mayores - Tres Lineas Noticias\" \/>\n<meta property=\"og:description\" content=\"El mandatario comunal, Andr\u00e9s Watson, ofici\u00f3 la apertura de la estrategia pedag\u00f3gica destinada a debatir propuestas de inter\u00e9s com\u00fan, elaboradas por el alumnado en proceso de terminalidad educativa, durante la tarde del jueves en el Honorable Concejo Deliberante -Av. Calchaqu\u00ed N\u00ba6269, Altamira-. En este contexto, el Intendente destac\u00f3 \u201cla oportunidad de conocer la labor legislativa [&hellip;]\" \/>\n<meta property=\"og:url\" content=\"https:\/\/treslineasnoticias.com.ar\/?p=29861\" \/>\n<meta property=\"og:site_name\" content=\"Tres Lineas Noticias\" \/>\n<meta property=\"article:published_time\" content=\"2026-09-04T02:23:00+00:00\" \/>\n<meta property=\"article:modified_time\" content=\"2026-09-04T22:27:57+00:00\" \/>\n<meta property=\"og:image\" content=\"http:\/\/treslineasnoticias.com.ar\/wp-content\/uploads\/2026\/09\/578ebc3b-65b9-9c11-2fc0-600c2a64ec42-scaled.jpg\" \/>\n\t<meta property=\"og:image:width\" content=\"2560\" \/>\n\t<meta property=\"og:image:height\" content=\"1706\" \/>\n\t<meta property=\"og:image:type\" content=\"image\/jpeg\" \/>\n<meta name=\"author\" content=\"Horacio L\u00f3pez\" \/>\n<meta name=\"twitter:card\" content=\"summary_large_image\" \/>\n<meta name=\"twitter:label1\" content=\"Escrito por\" \/>\n\t<meta name=\"twitter:data1\" content=\"Horacio L\u00f3pez\" \/>\n\t<meta name=\"twitter:label2\" content=\"Tiempo de lectura\" \/>\n\t<meta name=\"twitter:data2\" content=\"3 minutos\" \/>\n<script type=\"application\/ld+json\" class=\"yoast-schema-graph\">{\"@context\":\"https:\\\/\\\/schema.org\",\"@graph\":[{\"@type\":\"Article\",\"@id\":\"https:\\\/\\\/treslineasnoticias.com.ar\\\/?p=29861#article\",\"isPartOf\":{\"@id\":\"https:\\\/\\\/treslineasnoticias.com.ar\\\/?p=29861\"},\"author\":{\"name\":\"Horacio L\u00f3pez\",\"@id\":\"https:\\\/\\\/treslineasnoticias.com.ar\\\/#\\\/schema\\\/person\\\/c5f7249e50517b84c2379b145ca14895\"},\"headline\":\"Andr\u00e9s Watson abri\u00f3 las sesiones del 8vo Parlamento Bonaerense de J\u00f3venes Adultos y Adultos Mayores\",\"datePublished\":\"2026-09-04T02:23:00+00:00\",\"dateModified\":\"2026-09-04T22:27:57+00:00\",\"mainEntityOfPage\":{\"@id\":\"https:\\\/\\\/treslineasnoticias.com.ar\\\/?p=29861\"},\"wordCount\":404,\"commentCount\":0,\"image\":{\"@id\":\"https:\\\/\\\/treslineasnoticias.com.ar\\\/?p=29861#primaryimage\"},\"thumbnailUrl\":\"https:\\\/\\\/treslineasnoticias.com.ar\\\/wp-content\\\/uploads\\\/2026\\\/09\\\/578ebc3b-65b9-9c11-2fc0-600c2a64ec42-scaled.jpg\",\"articleSection\":[\"Florencio Varela\"],\"inLanguage\":\"es\",\"potentialAction\":[{\"@type\":\"CommentAction\",\"name\":\"Comment\",\"target\":[\"https:\\\/\\\/treslineasnoticias.com.ar\\\/?p=29861#respond\"]}]},{\"@type\":\"WebPage\",\"@id\":\"https:\\\/\\\/treslineasnoticias.com.ar\\\/?p=29861\",\"url\":\"https:\\\/\\\/treslineasnoticias.com.ar\\\/?p=29861\",\"name\":\"Andr\u00e9s Watson abri\u00f3 las sesiones del 8vo Parlamento Bonaerense de J\u00f3venes Adultos y Adultos Mayores - Tres Lineas Noticias\",\"isPartOf\":{\"@id\":\"https:\\\/\\\/treslineasnoticias.com.ar\\\/#website\"},\"primaryImageOfPage\":{\"@id\":\"https:\\\/\\\/treslineasnoticias.com.ar\\\/?p=29861#primaryimage\"},\"image\":{\"@id\":\"https:\\\/\\\/treslineasnoticias.com.ar\\\/?p=29861#primaryimage\"},\"thumbnailUrl\":\"https:\\\/\\\/treslineasnoticias.com.ar\\\/wp-content\\\/uploads\\\/2026\\\/09\\\/578ebc3b-65b9-9c11-2fc0-600c2a64ec42-scaled.jpg\",\"datePublished\":\"2026-09-04T02:23:00+00:00\",\"dateModified\":\"2026-09-04T22:27:57+00:00\",\"author\":{\"@id\":\"https:\\\/\\\/treslineasnoticias.com.ar\\\/#\\\/schema\\\/person\\\/c5f7249e50517b84c2379b145ca14895\"},\"breadcrumb\":{\"@id\":\"https:\\\/\\\/treslineasnoticias.com.ar\\\/?p=29861#breadcrumb\"},\"inLanguage\":\"es\",\"potentialAction\":[{\"@type\":\"ReadAction\",\"target\":[\"https:\\\/\\\/treslineasnoticias.com.ar\\\/?p=29861\"]}]},{\"@type\":\"ImageObject\",\"inLanguage\":\"es\",\"@id\":\"https:\\\/\\\/treslineasnoticias.com.ar\\\/?p=29861#primaryimage\",\"url\":\"https:\\\/\\\/treslineasnoticias.com.ar\\\/wp-content\\\/uploads\\\/2026\\\/09\\\/578ebc3b-65b9-9c11-2fc0-600c2a64ec42-scaled.jpg\",\"contentUrl\":\"https:\\\/\\\/treslineasnoticias.com.ar\\\/wp-content\\\/uploads\\\/2026\\\/09\\\/578ebc3b-65b9-9c11-2fc0-600c2a64ec42-scaled.jpg\",\"width\":2560,\"height\":1706},{\"@type\":\"BreadcrumbList\",\"@id\":\"https:\\\/\\\/treslineasnoticias.com.ar\\\/?p=29861#breadcrumb\",\"itemListElement\":[{\"@type\":\"ListItem\",\"position\":1,\"name\":\"Portada\",\"item\":\"https:\\\/\\\/treslineasnoticias.com.ar\\\/\"},{\"@type\":\"ListItem\",\"position\":2,\"name\":\"Andr\u00e9s Watson abri\u00f3 las sesiones del 8vo Parlamento Bonaerense de J\u00f3venes Adultos y Adultos Mayores\"}]},{\"@type\":\"WebSite\",\"@id\":\"https:\\\/\\\/treslineasnoticias.com.ar\\\/#website\",\"url\":\"https:\\\/\\\/treslineasnoticias.com.ar\\\/\",\"name\":\"Tres Lineas Noticias\",\"description\":\"\",\"potentialAction\":[{\"@type\":\"SearchAction\",\"target\":{\"@type\":\"EntryPoint\",\"urlTemplate\":\"https:\\\/\\\/treslineasnoticias.com.ar\\\/?s={search_term_string}\"},\"query-input\":{\"@type\":\"PropertyValueSpecification\",\"valueRequired\":true,\"valueName\":\"search_term_string\"}}],\"inLanguage\":\"es\"},{\"@type\":\"Person\",\"@id\":\"https:\\\/\\\/treslineasnoticias.com.ar\\\/#\\\/schema\\\/person\\\/c5f7249e50517b84c2379b145ca14895\",\"name\":\"Horacio L\u00f3pez\",\"image\":{\"@type\":\"ImageObject\",\"inLanguage\":\"es\",\"@id\":\"https:\\\/\\\/treslineasnoticias.com.ar\\\/wp-content\\\/litespeed\\\/avatar\\\/f5a5e9d378b20cf999cb9a940a8324f3.jpg?ver=1788116984\",\"url\":\"https:\\\/\\\/treslineasnoticias.com.ar\\\/wp-content\\\/litespeed\\\/avatar\\\/f5a5e9d378b20cf999cb9a940a8324f3.jpg?ver=1788116984\",\"contentUrl\":\"https:\\\/\\\/treslineasnoticias.com.ar\\\/wp-content\\\/litespeed\\\/avatar\\\/f5a5e9d378b20cf999cb9a940a8324f3.jpg?ver=1788116984\",\"caption\":\"Horacio L\u00f3pez\"},\"sameAs\":[\"http:\\\/\\\/treslineasnoticias.com.ar\"],\"url\":\"https:\\\/\\\/treslineasnoticias.com.ar\\\/?author=3\"}]}<\/script>\n<!-- \/ Yoast SEO plugin. -->","yoast_head_json":{"title":"Andr\u00e9s Watson abri\u00f3 las sesiones del 8vo Parlamento Bonaerense de J\u00f3venes Adultos y Adultos Mayores - Tres Lineas Noticias","robots":{"index":"index","follow":"follow","max-snippet":"max-snippet:-1","max-image-preview":"max-image-preview:large","max-video-preview":"max-video-preview:-1"},"canonical":"https:\/\/treslineasnoticias.com.ar\/?p=29861","og_locale":"es_ES","og_type":"article","og_title":"Andr\u00e9s Watson abri\u00f3 las sesiones del 8vo Parlamento Bonaerense de J\u00f3venes Adultos y Adultos Mayores - Tres Lineas Noticias","og_description":"El mandatario comunal, Andr\u00e9s Watson, ofici\u00f3 la apertura de la estrategia pedag\u00f3gica destinada a debatir propuestas de inter\u00e9s com\u00fan, elaboradas por el alumnado en proceso de terminalidad educativa, durante la tarde del jueves en el Honorable Concejo Deliberante -Av. Calchaqu\u00ed N\u00ba6269, Altamira-. En este contexto, el Intendente destac\u00f3 \u201cla oportunidad de conocer la labor legislativa [&hellip;]","og_url":"https:\/\/treslineasnoticias.com.ar\/?p=29861","og_site_name":"Tres Lineas Noticias","article_published_time":"2026-09-04T02:23:00+00:00","article_modified_time":"2026-09-04T22:27:57+00:00","og_image":[{"width":2560,"height":1706,"url":"http:\/\/treslineasnoticias.com.ar\/wp-content\/uploads\/2026\/09\/578ebc3b-65b9-9c11-2fc0-600c2a64ec42-scaled.jpg","type":"image\/jpeg"}],"author":"Horacio L\u00f3pez","twitter_card":"summary_large_image","twitter_misc":{"Escrito por":"Horacio L\u00f3pez","Tiempo de lectura":"3 minutos"},"schema":{"@context":"https:\/\/schema.org","@graph":[{"@type":"Article","@id":"https:\/\/treslineasnoticias.com.ar\/?p=29861#article","isPartOf":{"@id":"https:\/\/treslineasnoticias.com.ar\/?p=29861"},"author":{"name":"Horacio L\u00f3pez","@id":"https:\/\/treslineasnoticias.com.ar\/#\/schema\/person\/c5f7249e50517b84c2379b145ca14895"},"headline":"Andr\u00e9s Watson abri\u00f3 las sesiones del 8vo Parlamento Bonaerense de J\u00f3venes Adultos y Adultos Mayores","datePublished":"2026-09-04T02:23:00+00:00","dateModified":"2026-09-04T22:27:57+00:00","mainEntityOfPage":{"@id":"https:\/\/treslineasnoticias.com.ar\/?p=29861"},"wordCount":404,"commentCount":0,"image":{"@id":"https:\/\/treslineasnoticias.com.ar\/?p=29861#primaryimage"},"thumbnailUrl":"https:\/\/treslineasnoticias.com.ar\/wp-content\/uploads\/2026\/09\/578ebc3b-65b9-9c11-2fc0-600c2a64ec42-scaled.jpg","articleSection":["Florencio Varela"],"inLanguage":"es","potentialAction":[{"@type":"CommentAction","name":"Comment","target":["https:\/\/treslineasnoticias.com.ar\/?p=29861#respond"]}]},{"@type":"WebPage","@id":"https:\/\/treslineasnoticias.com.ar\/?p=29861","url":"https:\/\/treslineasnoticias.com.ar\/?p=29861","name":"Andr\u00e9s Watson abri\u00f3 las sesiones del 8vo Parlamento Bonaerense de J\u00f3venes Adultos y Adultos Mayores - Tres Lineas Noticias","isPartOf":{"@id":"https:\/\/treslineasnoticias.com.ar\/#website"},"primaryImageOfPage":{"@id":"https:\/\/treslineasnoticias.com.ar\/?p=29861#primaryimage"},"image":{"@id":"https:\/\/treslineasnoticias.com.ar\/?p=29861#primaryimage"},"thumbnailUrl":"https:\/\/treslineasnoticias.com.ar\/wp-content\/uploads\/2026\/09\/578ebc3b-65b9-9c11-2fc0-600c2a64ec42-scaled.jpg","datePublished":"2026-09-04T02:23:00+00:00","dateModified":"2026-09-04T22:27:57+00:00","author":{"@id":"https:\/\/treslineasnoticias.com.ar\/#\/schema\/person\/c5f7249e50517b84c2379b145ca14895"},"breadcrumb":{"@id":"https:\/\/treslineasnoticias.com.ar\/?p=29861#breadcrumb"},"inLanguage":"es","potentialAction":[{"@type":"ReadAction","target":["https:\/\/treslineasnoticias.com.ar\/?p=29861"]}]},{"@type":"ImageObject","inLanguage":"es","@id":"https:\/\/treslineasnoticias.com.ar\/?p=29861#primaryimage","url":"https:\/\/treslineasnoticias.com.ar\/wp-content\/uploads\/2026\/09\/578ebc3b-65b9-9c11-2fc0-600c2a64ec42-scaled.jpg","contentUrl":"https:\/\/treslineasnoticias.com.ar\/wp-content\/uploads\/2026\/09\/578ebc3b-65b9-9c11-2fc0-600c2a64ec42-scaled.jpg","width":2560,"height":1706},{"@type":"BreadcrumbList","@id":"https:\/\/treslineasnoticias.com.ar\/?p=29861#breadcrumb","itemListElement":[{"@type":"ListItem","position":1,"name":"Portada","item":"https:\/\/treslineasnoticias.com.ar\/"},{"@type":"ListItem","position":2,"name":"Andr\u00e9s Watson abri\u00f3 las sesiones del 8vo Parlamento Bonaerense de J\u00f3venes Adultos y Adultos Mayores"}]},{"@type":"WebSite","@id":"https:\/\/treslineasnoticias.com.ar\/#website","url":"https:\/\/treslineasnoticias.com.ar\/","name":"Tres Lineas Noticias","description":"","potentialAction":[{"@type":"SearchAction","target":{"@type":"EntryPoint","urlTemplate":"https:\/\/treslineasnoticias.com.ar\/?s={search_term_string}"},"query-input":{"@type":"PropertyValueSpecification","valueRequired":true,"valueName":"search_term_string"}}],"inLanguage":"es"},{"@type":"Person","@id":"https:\/\/treslineasnoticias.com.ar\/#\/schema\/person\/c5f7249e50517b84c2379b145ca14895","name":"Horacio L\u00f3pez","image":{"@type":"ImageObject","inLanguage":"es","@id":"https:\/\/treslineasnoticias.com.ar\/wp-content\/litespeed\/avatar\/f5a5e9d378b20cf999cb9a940a8324f3.jpg?ver=1788116984","url":"https:\/\/treslineasnoticias.com.ar\/wp-content\/litespeed\/avatar\/f5a5e9d378b20cf999cb9a940a8324f3.jpg?ver=1788116984","contentUrl":"https:\/\/treslineasnoticias.com.ar\/wp-content\/litespeed\/avatar\/f5a5e9d378b20cf999cb9a940a8324f3.jpg?ver=1788116984","caption":"Horacio L\u00f3pez"},"sameAs":["http:\/\/treslineasnoticias.com.ar"],"url":"https:\/\/treslineasnoticias.com.ar\/?author=3"}]}},"jetpack_featured_media_url":"https:\/\/treslineasnoticias.com.ar\/wp-content\/uploads\/2026\/09\/578ebc3b-65b9-9c11-2fc0-600c2a64ec42-scaled.jpg","jetpack_sharing_enabled":true,"_links":{"self":[{"href":"https:\/\/treslineasnoticias.com.ar\/index.php?rest_route=\/wp\/v2\/posts\/29861","targetHints":{"allow":["GET"]}}],"collection":[{"href":"https:\/\/treslineasnoticias.com.ar\/index.php?rest_route=\/wp\/v2\/posts"}],"about":[{"href":"https:\/\/treslineasnoticias.com.ar\/index.php?rest_route=\/wp\/v2\/types\/post"}],"author":[{"embeddable":true,"href":"https:\/\/treslineasnoticias.com.ar\/index.php?rest_route=\/wp\/v2\/users\/3"}],"replies":[{"embeddable":true,"href":"https:\/\/treslineasnoticias.com.ar\/index.php?rest_route=%2Fwp%2Fv2%2Fcomments&post=29861"}],"version-history":[{"count":1,"href":"https:\/\/treslineasnoticias.com.ar\/index.php?rest_route=\/wp\/v2\/posts\/29861\/revisions"}],"predecessor-version":[{"id":29866,"href":"https:\/\/treslineasnoticias.com.ar\/index.php?rest_route=\/wp\/v2\/posts\/29861\/revisions\/29866"}],"wp:featuredmedia":[{"embeddable":true,"href":"https:\/\/treslineasnoticias.com.ar\/index.php?rest_route=\/wp\/v2\/media\/29865"}],"wp:attachment":[{"href":"https:\/\/treslineasnoticias.com.ar\/index.php?rest_route=%2Fwp%2Fv2%2Fmedia&parent=29861"}],"wp:term":[{"taxonomy":"category","embeddable":true,"href":"https:\/\/treslineasnoticias.com.ar\/index.php?rest_route=%2Fwp%2Fv2%2Fcategories&post=29861"},{"taxonomy":"post_tag","embeddable":true,"href":"https:\/\/treslineasnoticias.com.ar\/index.php?rest_route=%2Fwp%2Fv2%2Ftags&post=29861"}],"curies":[{"name":"wp","href":"https:\/\/api.w.org\/{rel}","templated":true}]}}