{"id":29867,"date":"2026-09-03T23:28:00","date_gmt":"2026-09-04T02:28:00","guid":{"rendered":"https:\/\/treslineasnoticias.com.ar\/?p=29867"},"modified":"2026-09-04T19:33:06","modified_gmt":"2026-09-04T22:33:06","slug":"nuevas-canchas-de-padel-en-florencio-varela","status":"publish","type":"post","link":"https:\/\/treslineasnoticias.com.ar\/?p=29867","title":{"rendered":"Nuevas canchas de p\u00e1del en Florencio Varela"},"content":{"rendered":"\n<p><strong><em>El titular del Ejecutivo local, Andr\u00e9s Watson, felicit\u00f3 al propietario de \u00abProyecto P\u00e1del\u201d por el flamante complejo deportivo ubicado en Av. San Mart\u00edn y Finochietto -San Eduardo- el jueves por la tarde.<\/em><\/strong><\/p>\n\n\n\n<p>El Jefe Comunal subray\u00f3 \u00abla importante inversi\u00f3n en el distrito a pesar del agobio del gobierno nacional hacia el \u00e1mbito productivo\u00bb. Resalt\u00f3 \u00abla edificaci\u00f3n de cinco canchas amateurs m\u00e1s una profesional, buffet, vestuarios, estacionamiento y una tienda de indumentaria\u00bb.<\/p>\n\n\n\n<figure class=\"wp-block-image size-large\"><img loading=\"lazy\" decoding=\"async\" width=\"1024\" height=\"683\" src=\"http:\/\/treslineasnoticias.com.ar\/wp-content\/uploads\/2026\/09\/23e10fe4-9b72-8626-51ab-ed043dea79e0-1024x683.jpg\" alt=\"\" class=\"wp-image-29868\" srcset=\"https:\/\/treslineasnoticias.com.ar\/wp-content\/uploads\/2026\/09\/23e10fe4-9b72-8626-51ab-ed043dea79e0-1024x683.jpg 1024w, https:\/\/treslineasnoticias.com.ar\/wp-content\/uploads\/2026\/09\/23e10fe4-9b72-8626-51ab-ed043dea79e0-300x200.jpg 300w, https:\/\/treslineasnoticias.com.ar\/wp-content\/uploads\/2026\/09\/23e10fe4-9b72-8626-51ab-ed043dea79e0-768x512.jpg 768w, https:\/\/treslineasnoticias.com.ar\/wp-content\/uploads\/2026\/09\/23e10fe4-9b72-8626-51ab-ed043dea79e0-1536x1024.jpg 1536w, https:\/\/treslineasnoticias.com.ar\/wp-content\/uploads\/2026\/09\/23e10fe4-9b72-8626-51ab-ed043dea79e0-2048x1365.jpg 2048w\" sizes=\"auto, (max-width: 1024px) 100vw, 1024px\" \/><\/figure>\n\n\n\n<p>\u00abMe cri\u00e9 en Quilmes y me mud\u00e9 a Berazategui, pero decid\u00ed emprender en Florencio Varela porque encontr\u00e9 una oportunidad excelente\u00bb, relat\u00f3 el due\u00f1o del establecimiento, Sim\u00f3n Manta.<\/p>\n\n\n\n<p>&nbsp;\u00abNo era f\u00e1cil conseguir un predio con este tama\u00f1o y con las condiciones necesarias: cuando lo vimos, nos pusimos a trabajar. En seis meses, armamos todo\u00bb, repas\u00f3.<\/p>\n\n\n\n<p>En relaci\u00f3n al proceso de habilitaci\u00f3n, detall\u00f3: \u00abFue s\u00faper r\u00e1pido. Nos acercamos al Municipio, nos informaron la documentaci\u00f3n que deb\u00edamos llevar y en el plazo de una semana, obtuvimos el permiso provisorio\u00bb.<\/p>\n\n\n\n<figure class=\"wp-block-image size-large\"><img loading=\"lazy\" decoding=\"async\" width=\"1024\" height=\"683\" src=\"http:\/\/treslineasnoticias.com.ar\/wp-content\/uploads\/2026\/09\/c0eddd0f-27ea-2eec-3d87-40776dfebef0-1024x683.jpg\" alt=\"\" class=\"wp-image-29870\" srcset=\"https:\/\/treslineasnoticias.com.ar\/wp-content\/uploads\/2026\/09\/c0eddd0f-27ea-2eec-3d87-40776dfebef0-1024x683.jpg 1024w, https:\/\/treslineasnoticias.com.ar\/wp-content\/uploads\/2026\/09\/c0eddd0f-27ea-2eec-3d87-40776dfebef0-300x200.jpg 300w, https:\/\/treslineasnoticias.com.ar\/wp-content\/uploads\/2026\/09\/c0eddd0f-27ea-2eec-3d87-40776dfebef0-768x512.jpg 768w, https:\/\/treslineasnoticias.com.ar\/wp-content\/uploads\/2026\/09\/c0eddd0f-27ea-2eec-3d87-40776dfebef0-1536x1024.jpg 1536w, https:\/\/treslineasnoticias.com.ar\/wp-content\/uploads\/2026\/09\/c0eddd0f-27ea-2eec-3d87-40776dfebef0-2048x1365.jpg 2048w\" sizes=\"auto, (max-width: 1024px) 100vw, 1024px\" \/><\/figure>\n\n\n\n<p>Dami\u00e1n Escobar acompa\u00f1\u00f3 a su hijo Nicol\u00e1s a jugar. \u00abMe encant\u00f3 el ambiente, muy familiar. Vinimos a comer y compartir un rato con amigos\u00bb, asegur\u00f3. \u00abHac\u00eda falta un espacio as\u00ed. A mi nene siempre le gust\u00f3 el p\u00e1del. Nos pareci\u00f3 maravilloso para entrenar\u00bb, coment\u00f3 el vecino de Lomas de Monteverde.<\/p>\n\n\n\n<p>\u00abMe alegr\u00e9 al saber que iban a instalar el lugar por la cercan\u00eda con mi casa\u00bb, afirm\u00f3 Luciano Macedo. El joven oriundo de La Curva destac\u00f3 \u00abinstalaciones completas y bien equipadas\u00bb.<\/p>\n\n\n\n<p>Estuvo la secretaria de Cultura, Deportes y Recreaci\u00f3n -Estefan\u00eda Nieva-.<\/p>\n","protected":false},"excerpt":{"rendered":"<p>El titular del Ejecutivo local, Andr\u00e9s Watson, felicit\u00f3 al propietario de \u00abProyecto P\u00e1del\u201d por el flamante complejo deportivo ubicado en Av. San Mart\u00edn y Finochietto -San Eduardo- el jueves por la tarde. El Jefe Comunal subray\u00f3 \u00abla importante inversi\u00f3n en el distrito a pesar del agobio del gobierno nacional hacia el \u00e1mbito productivo\u00bb. Resalt\u00f3 \u00abla [&hellip;]<\/p>\n","protected":false},"author":3,"featured_media":29871,"comment_status":"open","ping_status":"open","sticky":false,"template":"","format":"standard","meta":{"_jetpack_memberships_contains_paid_content":false,"footnotes":""},"categories":[6],"tags":[],"class_list":["post-29867","post","type-post","status-publish","format-standard","has-post-thumbnail","hentry","category-florencio-varela"],"yoast_head":"<!-- This site is optimized with the Yoast SEO plugin v27.5 - https:\/\/yoast.com\/product\/yoast-seo-wordpress\/ -->\n<title>Nuevas canchas de p\u00e1del en Florencio Varela - Tres Lineas Noticias<\/title>\n<meta name=\"robots\" content=\"index, follow, max-snippet:-1, max-image-preview:large, max-video-preview:-1\" \/>\n<link rel=\"canonical\" href=\"https:\/\/treslineasnoticias.com.ar\/?p=29867\" \/>\n<meta property=\"og:locale\" content=\"es_ES\" \/>\n<meta property=\"og:type\" content=\"article\" \/>\n<meta property=\"og:title\" content=\"Nuevas canchas de p\u00e1del en Florencio Varela - Tres Lineas Noticias\" \/>\n<meta property=\"og:description\" content=\"El titular del Ejecutivo local, Andr\u00e9s Watson, felicit\u00f3 al propietario de \u00abProyecto P\u00e1del\u201d por el flamante complejo deportivo ubicado en Av. San Mart\u00edn y Finochietto -San Eduardo- el jueves por la tarde. El Jefe Comunal subray\u00f3 \u00abla importante inversi\u00f3n en el distrito a pesar del agobio del gobierno nacional hacia el \u00e1mbito productivo\u00bb. Resalt\u00f3 \u00abla [&hellip;]\" \/>\n<meta property=\"og:url\" content=\"https:\/\/treslineasnoticias.com.ar\/?p=29867\" \/>\n<meta property=\"og:site_name\" content=\"Tres Lineas Noticias\" \/>\n<meta property=\"article:published_time\" content=\"2026-09-04T02:28:00+00:00\" \/>\n<meta property=\"article:modified_time\" content=\"2026-09-04T22:33:06+00:00\" \/>\n<meta property=\"og:image\" content=\"http:\/\/treslineasnoticias.com.ar\/wp-content\/uploads\/2026\/09\/c36bdf26-3293-ef50-0f57-57ff778f0b65-scaled.jpg\" \/>\n\t<meta property=\"og:image:width\" content=\"2560\" \/>\n\t<meta property=\"og:image:height\" content=\"1706\" \/>\n\t<meta property=\"og:image:type\" content=\"image\/jpeg\" \/>\n<meta name=\"author\" content=\"Horacio L\u00f3pez\" \/>\n<meta name=\"twitter:card\" content=\"summary_large_image\" \/>\n<meta name=\"twitter:label1\" content=\"Escrito por\" \/>\n\t<meta name=\"twitter:data1\" content=\"Horacio L\u00f3pez\" \/>\n\t<meta name=\"twitter:label2\" content=\"Tiempo de lectura\" \/>\n\t<meta name=\"twitter:data2\" content=\"2 minutos\" \/>\n<script type=\"application\/ld+json\" class=\"yoast-schema-graph\">{\"@context\":\"https:\\\/\\\/schema.org\",\"@graph\":[{\"@type\":\"Article\",\"@id\":\"https:\\\/\\\/treslineasnoticias.com.ar\\\/?p=29867#article\",\"isPartOf\":{\"@id\":\"https:\\\/\\\/treslineasnoticias.com.ar\\\/?p=29867\"},\"author\":{\"name\":\"Horacio L\u00f3pez\",\"@id\":\"https:\\\/\\\/treslineasnoticias.com.ar\\\/#\\\/schema\\\/person\\\/c5f7249e50517b84c2379b145ca14895\"},\"headline\":\"Nuevas canchas de p\u00e1del en Florencio Varela\",\"datePublished\":\"2026-09-04T02:28:00+00:00\",\"dateModified\":\"2026-09-04T22:33:06+00:00\",\"mainEntityOfPage\":{\"@id\":\"https:\\\/\\\/treslineasnoticias.com.ar\\\/?p=29867\"},\"wordCount\":280,\"commentCount\":0,\"image\":{\"@id\":\"https:\\\/\\\/treslineasnoticias.com.ar\\\/?p=29867#primaryimage\"},\"thumbnailUrl\":\"https:\\\/\\\/treslineasnoticias.com.ar\\\/wp-content\\\/uploads\\\/2026\\\/09\\\/c36bdf26-3293-ef50-0f57-57ff778f0b65-scaled.jpg\",\"articleSection\":[\"Florencio Varela\"],\"inLanguage\":\"es\",\"potentialAction\":[{\"@type\":\"CommentAction\",\"name\":\"Comment\",\"target\":[\"https:\\\/\\\/treslineasnoticias.com.ar\\\/?p=29867#respond\"]}]},{\"@type\":\"WebPage\",\"@id\":\"https:\\\/\\\/treslineasnoticias.com.ar\\\/?p=29867\",\"url\":\"https:\\\/\\\/treslineasnoticias.com.ar\\\/?p=29867\",\"name\":\"Nuevas canchas de p\u00e1del en Florencio Varela - Tres Lineas Noticias\",\"isPartOf\":{\"@id\":\"https:\\\/\\\/treslineasnoticias.com.ar\\\/#website\"},\"primaryImageOfPage\":{\"@id\":\"https:\\\/\\\/treslineasnoticias.com.ar\\\/?p=29867#primaryimage\"},\"image\":{\"@id\":\"https:\\\/\\\/treslineasnoticias.com.ar\\\/?p=29867#primaryimage\"},\"thumbnailUrl\":\"https:\\\/\\\/treslineasnoticias.com.ar\\\/wp-content\\\/uploads\\\/2026\\\/09\\\/c36bdf26-3293-ef50-0f57-57ff778f0b65-scaled.jpg\",\"datePublished\":\"2026-09-04T02:28:00+00:00\",\"dateModified\":\"2026-09-04T22:33:06+00:00\",\"author\":{\"@id\":\"https:\\\/\\\/treslineasnoticias.com.ar\\\/#\\\/schema\\\/person\\\/c5f7249e50517b84c2379b145ca14895\"},\"breadcrumb\":{\"@id\":\"https:\\\/\\\/treslineasnoticias.com.ar\\\/?p=29867#breadcrumb\"},\"inLanguage\":\"es\",\"potentialAction\":[{\"@type\":\"ReadAction\",\"target\":[\"https:\\\/\\\/treslineasnoticias.com.ar\\\/?p=29867\"]}]},{\"@type\":\"ImageObject\",\"inLanguage\":\"es\",\"@id\":\"https:\\\/\\\/treslineasnoticias.com.ar\\\/?p=29867#primaryimage\",\"url\":\"https:\\\/\\\/treslineasnoticias.com.ar\\\/wp-content\\\/uploads\\\/2026\\\/09\\\/c36bdf26-3293-ef50-0f57-57ff778f0b65-scaled.jpg\",\"contentUrl\":\"https:\\\/\\\/treslineasnoticias.com.ar\\\/wp-content\\\/uploads\\\/2026\\\/09\\\/c36bdf26-3293-ef50-0f57-57ff778f0b65-scaled.jpg\",\"width\":2560,\"height\":1706},{\"@type\":\"BreadcrumbList\",\"@id\":\"https:\\\/\\\/treslineasnoticias.com.ar\\\/?p=29867#breadcrumb\",\"itemListElement\":[{\"@type\":\"ListItem\",\"position\":1,\"name\":\"Portada\",\"item\":\"https:\\\/\\\/treslineasnoticias.com.ar\\\/\"},{\"@type\":\"ListItem\",\"position\":2,\"name\":\"Nuevas canchas de p\u00e1del en Florencio Varela\"}]},{\"@type\":\"WebSite\",\"@id\":\"https:\\\/\\\/treslineasnoticias.com.ar\\\/#website\",\"url\":\"https:\\\/\\\/treslineasnoticias.com.ar\\\/\",\"name\":\"Tres Lineas Noticias\",\"description\":\"\",\"potentialAction\":[{\"@type\":\"SearchAction\",\"target\":{\"@type\":\"EntryPoint\",\"urlTemplate\":\"https:\\\/\\\/treslineasnoticias.com.ar\\\/?s={search_term_string}\"},\"query-input\":{\"@type\":\"PropertyValueSpecification\",\"valueRequired\":true,\"valueName\":\"search_term_string\"}}],\"inLanguage\":\"es\"},{\"@type\":\"Person\",\"@id\":\"https:\\\/\\\/treslineasnoticias.com.ar\\\/#\\\/schema\\\/person\\\/c5f7249e50517b84c2379b145ca14895\",\"name\":\"Horacio L\u00f3pez\",\"image\":{\"@type\":\"ImageObject\",\"inLanguage\":\"es\",\"@id\":\"https:\\\/\\\/treslineasnoticias.com.ar\\\/wp-content\\\/litespeed\\\/avatar\\\/f5a5e9d378b20cf999cb9a940a8324f3.jpg?ver=1788116984\",\"url\":\"https:\\\/\\\/treslineasnoticias.com.ar\\\/wp-content\\\/litespeed\\\/avatar\\\/f5a5e9d378b20cf999cb9a940a8324f3.jpg?ver=1788116984\",\"contentUrl\":\"https:\\\/\\\/treslineasnoticias.com.ar\\\/wp-content\\\/litespeed\\\/avatar\\\/f5a5e9d378b20cf999cb9a940a8324f3.jpg?ver=1788116984\",\"caption\":\"Horacio L\u00f3pez\"},\"sameAs\":[\"http:\\\/\\\/treslineasnoticias.com.ar\"],\"url\":\"https:\\\/\\\/treslineasnoticias.com.ar\\\/?author=3\"}]}<\/script>\n<!-- \/ Yoast SEO plugin. -->","yoast_head_json":{"title":"Nuevas canchas de p\u00e1del en Florencio Varela - Tres Lineas Noticias","robots":{"index":"index","follow":"follow","max-snippet":"max-snippet:-1","max-image-preview":"max-image-preview:large","max-video-preview":"max-video-preview:-1"},"canonical":"https:\/\/treslineasnoticias.com.ar\/?p=29867","og_locale":"es_ES","og_type":"article","og_title":"Nuevas canchas de p\u00e1del en Florencio Varela - Tres Lineas Noticias","og_description":"El titular del Ejecutivo local, Andr\u00e9s Watson, felicit\u00f3 al propietario de \u00abProyecto P\u00e1del\u201d por el flamante complejo deportivo ubicado en Av. San Mart\u00edn y Finochietto -San Eduardo- el jueves por la tarde. El Jefe Comunal subray\u00f3 \u00abla importante inversi\u00f3n en el distrito a pesar del agobio del gobierno nacional hacia el \u00e1mbito productivo\u00bb. Resalt\u00f3 \u00abla [&hellip;]","og_url":"https:\/\/treslineasnoticias.com.ar\/?p=29867","og_site_name":"Tres Lineas Noticias","article_published_time":"2026-09-04T02:28:00+00:00","article_modified_time":"2026-09-04T22:33:06+00:00","og_image":[{"width":2560,"height":1706,"url":"http:\/\/treslineasnoticias.com.ar\/wp-content\/uploads\/2026\/09\/c36bdf26-3293-ef50-0f57-57ff778f0b65-scaled.jpg","type":"image\/jpeg"}],"author":"Horacio L\u00f3pez","twitter_card":"summary_large_image","twitter_misc":{"Escrito por":"Horacio L\u00f3pez","Tiempo de lectura":"2 minutos"},"schema":{"@context":"https:\/\/schema.org","@graph":[{"@type":"Article","@id":"https:\/\/treslineasnoticias.com.ar\/?p=29867#article","isPartOf":{"@id":"https:\/\/treslineasnoticias.com.ar\/?p=29867"},"author":{"name":"Horacio L\u00f3pez","@id":"https:\/\/treslineasnoticias.com.ar\/#\/schema\/person\/c5f7249e50517b84c2379b145ca14895"},"headline":"Nuevas canchas de p\u00e1del en Florencio Varela","datePublished":"2026-09-04T02:28:00+00:00","dateModified":"2026-09-04T22:33:06+00:00","mainEntityOfPage":{"@id":"https:\/\/treslineasnoticias.com.ar\/?p=29867"},"wordCount":280,"commentCount":0,"image":{"@id":"https:\/\/treslineasnoticias.com.ar\/?p=29867#primaryimage"},"thumbnailUrl":"https:\/\/treslineasnoticias.com.ar\/wp-content\/uploads\/2026\/09\/c36bdf26-3293-ef50-0f57-57ff778f0b65-scaled.jpg","articleSection":["Florencio Varela"],"inLanguage":"es","potentialAction":[{"@type":"CommentAction","name":"Comment","target":["https:\/\/treslineasnoticias.com.ar\/?p=29867#respond"]}]},{"@type":"WebPage","@id":"https:\/\/treslineasnoticias.com.ar\/?p=29867","url":"https:\/\/treslineasnoticias.com.ar\/?p=29867","name":"Nuevas canchas de p\u00e1del en Florencio Varela - Tres Lineas Noticias","isPartOf":{"@id":"https:\/\/treslineasnoticias.com.ar\/#website"},"primaryImageOfPage":{"@id":"https:\/\/treslineasnoticias.com.ar\/?p=29867#primaryimage"},"image":{"@id":"https:\/\/treslineasnoticias.com.ar\/?p=29867#primaryimage"},"thumbnailUrl":"https:\/\/treslineasnoticias.com.ar\/wp-content\/uploads\/2026\/09\/c36bdf26-3293-ef50-0f57-57ff778f0b65-scaled.jpg","datePublished":"2026-09-04T02:28:00+00:00","dateModified":"2026-09-04T22:33:06+00:00","author":{"@id":"https:\/\/treslineasnoticias.com.ar\/#\/schema\/person\/c5f7249e50517b84c2379b145ca14895"},"breadcrumb":{"@id":"https:\/\/treslineasnoticias.com.ar\/?p=29867#breadcrumb"},"inLanguage":"es","potentialAction":[{"@type":"ReadAction","target":["https:\/\/treslineasnoticias.com.ar\/?p=29867"]}]},{"@type":"ImageObject","inLanguage":"es","@id":"https:\/\/treslineasnoticias.com.ar\/?p=29867#primaryimage","url":"https:\/\/treslineasnoticias.com.ar\/wp-content\/uploads\/2026\/09\/c36bdf26-3293-ef50-0f57-57ff778f0b65-scaled.jpg","contentUrl":"https:\/\/treslineasnoticias.com.ar\/wp-content\/uploads\/2026\/09\/c36bdf26-3293-ef50-0f57-57ff778f0b65-scaled.jpg","width":2560,"height":1706},{"@type":"BreadcrumbList","@id":"https:\/\/treslineasnoticias.com.ar\/?p=29867#breadcrumb","itemListElement":[{"@type":"ListItem","position":1,"name":"Portada","item":"https:\/\/treslineasnoticias.com.ar\/"},{"@type":"ListItem","position":2,"name":"Nuevas canchas de p\u00e1del en Florencio Varela"}]},{"@type":"WebSite","@id":"https:\/\/treslineasnoticias.com.ar\/#website","url":"https:\/\/treslineasnoticias.com.ar\/","name":"Tres Lineas Noticias","description":"","potentialAction":[{"@type":"SearchAction","target":{"@type":"EntryPoint","urlTemplate":"https:\/\/treslineasnoticias.com.ar\/?s={search_term_string}"},"query-input":{"@type":"PropertyValueSpecification","valueRequired":true,"valueName":"search_term_string"}}],"inLanguage":"es"},{"@type":"Person","@id":"https:\/\/treslineasnoticias.com.ar\/#\/schema\/person\/c5f7249e50517b84c2379b145ca14895","name":"Horacio L\u00f3pez","image":{"@type":"ImageObject","inLanguage":"es","@id":"https:\/\/treslineasnoticias.com.ar\/wp-content\/litespeed\/avatar\/f5a5e9d378b20cf999cb9a940a8324f3.jpg?ver=1788116984","url":"https:\/\/treslineasnoticias.com.ar\/wp-content\/litespeed\/avatar\/f5a5e9d378b20cf999cb9a940a8324f3.jpg?ver=1788116984","contentUrl":"https:\/\/treslineasnoticias.com.ar\/wp-content\/litespeed\/avatar\/f5a5e9d378b20cf999cb9a940a8324f3.jpg?ver=1788116984","caption":"Horacio L\u00f3pez"},"sameAs":["http:\/\/treslineasnoticias.com.ar"],"url":"https:\/\/treslineasnoticias.com.ar\/?author=3"}]}},"jetpack_featured_media_url":"https:\/\/treslineasnoticias.com.ar\/wp-content\/uploads\/2026\/09\/c36bdf26-3293-ef50-0f57-57ff778f0b65-scaled.jpg","jetpack_sharing_enabled":true,"_links":{"self":[{"href":"https:\/\/treslineasnoticias.com.ar\/index.php?rest_route=\/wp\/v2\/posts\/29867","targetHints":{"allow":["GET"]}}],"collection":[{"href":"https:\/\/treslineasnoticias.com.ar\/index.php?rest_route=\/wp\/v2\/posts"}],"about":[{"href":"https:\/\/treslineasnoticias.com.ar\/index.php?rest_route=\/wp\/v2\/types\/post"}],"author":[{"embeddable":true,"href":"https:\/\/treslineasnoticias.com.ar\/index.php?rest_route=\/wp\/v2\/users\/3"}],"replies":[{"embeddable":true,"href":"https:\/\/treslineasnoticias.com.ar\/index.php?rest_route=%2Fwp%2Fv2%2Fcomments&post=29867"}],"version-history":[{"count":1,"href":"https:\/\/treslineasnoticias.com.ar\/index.php?rest_route=\/wp\/v2\/posts\/29867\/revisions"}],"predecessor-version":[{"id":29872,"href":"https:\/\/treslineasnoticias.com.ar\/index.php?rest_route=\/wp\/v2\/posts\/29867\/revisions\/29872"}],"wp:featuredmedia":[{"embeddable":true,"href":"https:\/\/treslineasnoticias.com.ar\/index.php?rest_route=\/wp\/v2\/media\/29871"}],"wp:attachment":[{"href":"https:\/\/treslineasnoticias.com.ar\/index.php?rest_route=%2Fwp%2Fv2%2Fmedia&parent=29867"}],"wp:term":[{"taxonomy":"category","embeddable":true,"href":"https:\/\/treslineasnoticias.com.ar\/index.php?rest_route=%2Fwp%2Fv2%2Fcategories&post=29867"},{"taxonomy":"post_tag","embeddable":true,"href":"https:\/\/treslineasnoticias.com.ar\/index.php?rest_route=%2Fwp%2Fv2%2Ftags&post=29867"}],"curies":[{"name":"wp","href":"https:\/\/api.w.org\/{rel}","templated":true}]}}