{"id":29873,"date":"2026-09-04T19:40:26","date_gmt":"2026-09-04T22:40:26","guid":{"rendered":"https:\/\/treslineasnoticias.com.ar\/?p=29873"},"modified":"2026-09-04T19:40:28","modified_gmt":"2026-09-04T22:40:28","slug":"eva-mieri-acompano-el-desarrollo-de-dos-competencias-de-los-juegos-bonaerenses-2026","status":"publish","type":"post","link":"https:\/\/treslineasnoticias.com.ar\/?p=29873","title":{"rendered":"Eva Mieri acompa\u00f1\u00f3 el desarrollo de dos competencias de los Juegos Bonaerenses 2026"},"content":{"rendered":"\n<p><strong><em>La intendenta interina de Quilmes, Eva Mieri, acompa\u00f1\u00f3 este viernes el desarrollo de dos competencias que se desarrollaron en el distrito correspondientes a los Juegos Bonaerenses 2026, y que en esta edici\u00f3n, tuvo m\u00e1s de 15 mil quilme\u00f1os y quilme\u00f1as inscriptos. En primer lugar, asisti\u00f3 al Polideportivo Municipal Reinaldo Gorno, de Quilmes Oeste, donde observ\u00f3 la etapa regional de handball playa masculino, y luego se dirigi\u00f3 al Natatorio Municipal de San Francisco Solano, para visualizar la etapa local de nataci\u00f3n, y entregar medallas a los ganadores de la competencia.<\/em><\/strong><\/p>\n\n\n\n<figure class=\"wp-block-image size-large\"><img loading=\"lazy\" decoding=\"async\" width=\"1024\" height=\"682\" src=\"http:\/\/treslineasnoticias.com.ar\/wp-content\/uploads\/2026\/09\/EVA-MIERI-ACOMPANO-EL-DESARROLLO-DE-DOS-COMPETENCIAS-DE-LOS-JUEGOS-BONAERENSES-2026-5-1024x682.jpg\" alt=\"\" class=\"wp-image-29874\" srcset=\"https:\/\/treslineasnoticias.com.ar\/wp-content\/uploads\/2026\/09\/EVA-MIERI-ACOMPANO-EL-DESARROLLO-DE-DOS-COMPETENCIAS-DE-LOS-JUEGOS-BONAERENSES-2026-5-1024x682.jpg 1024w, https:\/\/treslineasnoticias.com.ar\/wp-content\/uploads\/2026\/09\/EVA-MIERI-ACOMPANO-EL-DESARROLLO-DE-DOS-COMPETENCIAS-DE-LOS-JUEGOS-BONAERENSES-2026-5-300x200.jpg 300w, https:\/\/treslineasnoticias.com.ar\/wp-content\/uploads\/2026\/09\/EVA-MIERI-ACOMPANO-EL-DESARROLLO-DE-DOS-COMPETENCIAS-DE-LOS-JUEGOS-BONAERENSES-2026-5-768x512.jpg 768w, https:\/\/treslineasnoticias.com.ar\/wp-content\/uploads\/2026\/09\/EVA-MIERI-ACOMPANO-EL-DESARROLLO-DE-DOS-COMPETENCIAS-DE-LOS-JUEGOS-BONAERENSES-2026-5.jpg 1280w\" sizes=\"auto, (max-width: 1024px) 100vw, 1024px\" \/><\/figure>\n\n\n\n<p>\u201cQuiero agradecerles por el amor que le ponen a representar a nuestro lugar en el mundo, y que piensen en la oportunidad que tienen, en los profes, el amor, el acompa\u00f1amiento y la posibilidad de tener un polideportivo como este y como tantos otros que estamos construyendo a lo largo y ancho de la ciudad para que otros pibes y pibas puedan tener la misma oportunidad que tienen ustedes\u201d, se\u00f1al\u00f3 Eva, acompa\u00f1ada por el secretario de Deportes, Nicol\u00e1s Mellino.<\/p>\n\n\n\n<p>En ese marco, Mellino asever\u00f3: \u201cLos Juegos Bonaerenses son una gran pol\u00edtica de Estado donde, en nuestro distrito, much\u00edsimos los pibes y pibas, y personas mayores participan en esta competencia que unifica a todas las localidades, distintos clubes, escuelas p\u00fablicas y privadas, y luego llegan a una final provincial, representando todos a nuestra amada ciudad\u201d.<\/p>\n\n\n\n<figure class=\"wp-block-image size-large\"><img loading=\"lazy\" decoding=\"async\" width=\"1024\" height=\"682\" src=\"http:\/\/treslineasnoticias.com.ar\/wp-content\/uploads\/2026\/09\/EVA-MIERI-ACOMPANO-EL-DESARROLLO-DE-DOS-COMPETENCIAS-DE-LOS-JUEGOS-BONAERENSES-2026-4-1024x682.jpg\" alt=\"\" class=\"wp-image-29877\" srcset=\"https:\/\/treslineasnoticias.com.ar\/wp-content\/uploads\/2026\/09\/EVA-MIERI-ACOMPANO-EL-DESARROLLO-DE-DOS-COMPETENCIAS-DE-LOS-JUEGOS-BONAERENSES-2026-4-1024x682.jpg 1024w, https:\/\/treslineasnoticias.com.ar\/wp-content\/uploads\/2026\/09\/EVA-MIERI-ACOMPANO-EL-DESARROLLO-DE-DOS-COMPETENCIAS-DE-LOS-JUEGOS-BONAERENSES-2026-4-300x200.jpg 300w, https:\/\/treslineasnoticias.com.ar\/wp-content\/uploads\/2026\/09\/EVA-MIERI-ACOMPANO-EL-DESARROLLO-DE-DOS-COMPETENCIAS-DE-LOS-JUEGOS-BONAERENSES-2026-4-768x512.jpg 768w, https:\/\/treslineasnoticias.com.ar\/wp-content\/uploads\/2026\/09\/EVA-MIERI-ACOMPANO-EL-DESARROLLO-DE-DOS-COMPETENCIAS-DE-LOS-JUEGOS-BONAERENSES-2026-4.jpg 1280w\" sizes=\"auto, (max-width: 1024px) 100vw, 1024px\" \/><\/figure>\n\n\n\n<p>Los Juegos Bonaerenses celebran su 35\u00aa edici\u00f3n y constituyen una de las principales pol\u00edticas p\u00fablicas del pa\u00eds, promoviendo la integraci\u00f3n, el deporte y la cultura en los 135 municipios bonaerenses. Incluyen m\u00e1s de 100 disciplinas destinadas a j\u00f3venes, personas con discapacidad, personas trasplantadas y personas mayores. Quilmes cuenta este a\u00f1o con m\u00e1s de 15 mil participantes, ubic\u00e1ndose nuevamente entre los cinco municipios con mayor inscripci\u00f3n de la Provincia.<\/p>\n\n\n\n<p>En el Polideportivo Reinaldo Gorno (bulevar Indio G\u00f3mez -ex Vicente L\u00f3pez- y Lafinur) se disput\u00f3 la etapa regional de handball playa masculino, con equipos sub-16 y sub-18 de Quilmes, Lan\u00fas, Lomas de Zamora, Avellaneda, Florencio Varela y Berazategui. Los ganadores avanzaron a la instancia interregional frente a representantes de La Matanza, Merlo y Moreno, \u00faltima etapa previa a la final provincial de Mar del Plata.<\/p>\n\n\n\n<p>A su vez, en el <strong>Natatorio de San Francisco Solano, calle 856 N\u00ba2400<\/strong>,\u00a0se llev\u00f3 a cabo la etapa local de nataci\u00f3n, con alrededor de 60 nadadores y nadadoras del distrito de las categor\u00edas juveniles y personas mayores, que compitieron por su clasificaci\u00f3n a la etapa regional.<\/p>\n\n\n\n<figure class=\"wp-block-image size-large\"><img loading=\"lazy\" decoding=\"async\" width=\"1024\" height=\"682\" src=\"http:\/\/treslineasnoticias.com.ar\/wp-content\/uploads\/2026\/09\/EVA-MIERI-ACOMPANO-EL-DESARROLLO-DE-DOS-COMPETENCIAS-DE-LOS-JUEGOS-BONAERENSES-2026-3-1024x682.jpg\" alt=\"\" class=\"wp-image-29876\" srcset=\"https:\/\/treslineasnoticias.com.ar\/wp-content\/uploads\/2026\/09\/EVA-MIERI-ACOMPANO-EL-DESARROLLO-DE-DOS-COMPETENCIAS-DE-LOS-JUEGOS-BONAERENSES-2026-3-1024x682.jpg 1024w, https:\/\/treslineasnoticias.com.ar\/wp-content\/uploads\/2026\/09\/EVA-MIERI-ACOMPANO-EL-DESARROLLO-DE-DOS-COMPETENCIAS-DE-LOS-JUEGOS-BONAERENSES-2026-3-300x200.jpg 300w, https:\/\/treslineasnoticias.com.ar\/wp-content\/uploads\/2026\/09\/EVA-MIERI-ACOMPANO-EL-DESARROLLO-DE-DOS-COMPETENCIAS-DE-LOS-JUEGOS-BONAERENSES-2026-3-768x512.jpg 768w, https:\/\/treslineasnoticias.com.ar\/wp-content\/uploads\/2026\/09\/EVA-MIERI-ACOMPANO-EL-DESARROLLO-DE-DOS-COMPETENCIAS-DE-LOS-JUEGOS-BONAERENSES-2026-3.jpg 1280w\" sizes=\"auto, (max-width: 1024px) 100vw, 1024px\" \/><\/figure>\n\n\n\n<p>Cabe se\u00f1alar que la delegaci\u00f3n quilme\u00f1a que represent\u00f3 a la ciudad en la final provincial de los Juegos Bonaerenses 2025 en Mar del Plata obtuvo un total de 27 medallas de oro, 21 de plata y 13 de bronce, lo que le permiti\u00f3 alcanzar la 5\u00aa ubicaci\u00f3n en el medallero general.<\/p>\n\n\n\n<p>Fueron parte de la actividad el director general de Deportes, Lucas Tundis; el entrenador de equipos de Handball Playa, Mat\u00edas S\u00e1nchez, y el director del Natatorio Municipal de San Francisco Solano, Mat\u00edas Fern\u00e1ndez, entre otros.<\/p>\n","protected":false},"excerpt":{"rendered":"<p>La intendenta interina de Quilmes, Eva Mieri, acompa\u00f1\u00f3 este viernes el desarrollo de dos competencias que se desarrollaron en el distrito correspondientes a los Juegos Bonaerenses 2026, y que en esta edici\u00f3n, tuvo m\u00e1s de 15 mil quilme\u00f1os y quilme\u00f1as inscriptos. En primer lugar, asisti\u00f3 al Polideportivo Municipal Reinaldo Gorno, de Quilmes Oeste, donde observ\u00f3 [&hellip;]<\/p>\n","protected":false},"author":3,"featured_media":29875,"comment_status":"open","ping_status":"open","sticky":false,"template":"","format":"standard","meta":{"_jetpack_memberships_contains_paid_content":false,"footnotes":""},"categories":[8,5],"tags":[],"class_list":["post-29873","post","type-post","status-publish","format-standard","has-post-thumbnail","hentry","category-provincia","category-quilmes"],"yoast_head":"<!-- This site is optimized with the Yoast SEO plugin v27.5 - https:\/\/yoast.com\/product\/yoast-seo-wordpress\/ -->\n<title>Eva Mieri acompa\u00f1\u00f3 el desarrollo de dos competencias de los Juegos Bonaerenses 2026 - Tres Lineas Noticias<\/title>\n<meta name=\"robots\" content=\"index, follow, max-snippet:-1, max-image-preview:large, max-video-preview:-1\" \/>\n<link rel=\"canonical\" href=\"https:\/\/treslineasnoticias.com.ar\/?p=29873\" \/>\n<meta property=\"og:locale\" content=\"es_ES\" \/>\n<meta property=\"og:type\" content=\"article\" \/>\n<meta property=\"og:title\" content=\"Eva Mieri acompa\u00f1\u00f3 el desarrollo de dos competencias de los Juegos Bonaerenses 2026 - Tres Lineas Noticias\" \/>\n<meta property=\"og:description\" content=\"La intendenta interina de Quilmes, Eva Mieri, acompa\u00f1\u00f3 este viernes el desarrollo de dos competencias que se desarrollaron en el distrito correspondientes a los Juegos Bonaerenses 2026, y que en esta edici\u00f3n, tuvo m\u00e1s de 15 mil quilme\u00f1os y quilme\u00f1as inscriptos. En primer lugar, asisti\u00f3 al Polideportivo Municipal Reinaldo Gorno, de Quilmes Oeste, donde observ\u00f3 [&hellip;]\" \/>\n<meta property=\"og:url\" content=\"https:\/\/treslineasnoticias.com.ar\/?p=29873\" \/>\n<meta property=\"og:site_name\" content=\"Tres Lineas Noticias\" \/>\n<meta property=\"article:published_time\" content=\"2026-09-04T22:40:26+00:00\" \/>\n<meta property=\"article:modified_time\" content=\"2026-09-04T22:40:28+00:00\" \/>\n<meta property=\"og:image\" content=\"http:\/\/treslineasnoticias.com.ar\/wp-content\/uploads\/2026\/09\/EVA-MIERI-ACOMPANO-EL-DESARROLLO-DE-DOS-COMPETENCIAS-DE-LOS-JUEGOS-BONAERENSES-2026-2.jpg\" \/>\n\t<meta property=\"og:image:width\" content=\"1280\" \/>\n\t<meta property=\"og:image:height\" content=\"853\" \/>\n\t<meta property=\"og:image:type\" content=\"image\/jpeg\" \/>\n<meta name=\"author\" content=\"Horacio L\u00f3pez\" \/>\n<meta name=\"twitter:card\" content=\"summary_large_image\" \/>\n<meta name=\"twitter:label1\" content=\"Escrito por\" \/>\n\t<meta name=\"twitter:data1\" content=\"Horacio L\u00f3pez\" \/>\n\t<meta name=\"twitter:label2\" content=\"Tiempo de lectura\" \/>\n\t<meta name=\"twitter:data2\" content=\"4 minutos\" \/>\n<script type=\"application\/ld+json\" class=\"yoast-schema-graph\">{\"@context\":\"https:\\\/\\\/schema.org\",\"@graph\":[{\"@type\":\"Article\",\"@id\":\"https:\\\/\\\/treslineasnoticias.com.ar\\\/?p=29873#article\",\"isPartOf\":{\"@id\":\"https:\\\/\\\/treslineasnoticias.com.ar\\\/?p=29873\"},\"author\":{\"name\":\"Horacio L\u00f3pez\",\"@id\":\"https:\\\/\\\/treslineasnoticias.com.ar\\\/#\\\/schema\\\/person\\\/c5f7249e50517b84c2379b145ca14895\"},\"headline\":\"Eva Mieri acompa\u00f1\u00f3 el desarrollo de dos competencias de los Juegos Bonaerenses 2026\",\"datePublished\":\"2026-09-04T22:40:26+00:00\",\"dateModified\":\"2026-09-04T22:40:28+00:00\",\"mainEntityOfPage\":{\"@id\":\"https:\\\/\\\/treslineasnoticias.com.ar\\\/?p=29873\"},\"wordCount\":525,\"commentCount\":0,\"image\":{\"@id\":\"https:\\\/\\\/treslineasnoticias.com.ar\\\/?p=29873#primaryimage\"},\"thumbnailUrl\":\"https:\\\/\\\/treslineasnoticias.com.ar\\\/wp-content\\\/uploads\\\/2026\\\/09\\\/EVA-MIERI-ACOMPANO-EL-DESARROLLO-DE-DOS-COMPETENCIAS-DE-LOS-JUEGOS-BONAERENSES-2026-2.jpg\",\"articleSection\":[\"Provincia\",\"Quilmes\"],\"inLanguage\":\"es\",\"potentialAction\":[{\"@type\":\"CommentAction\",\"name\":\"Comment\",\"target\":[\"https:\\\/\\\/treslineasnoticias.com.ar\\\/?p=29873#respond\"]}]},{\"@type\":\"WebPage\",\"@id\":\"https:\\\/\\\/treslineasnoticias.com.ar\\\/?p=29873\",\"url\":\"https:\\\/\\\/treslineasnoticias.com.ar\\\/?p=29873\",\"name\":\"Eva Mieri acompa\u00f1\u00f3 el desarrollo de dos competencias de los Juegos Bonaerenses 2026 - Tres Lineas Noticias\",\"isPartOf\":{\"@id\":\"https:\\\/\\\/treslineasnoticias.com.ar\\\/#website\"},\"primaryImageOfPage\":{\"@id\":\"https:\\\/\\\/treslineasnoticias.com.ar\\\/?p=29873#primaryimage\"},\"image\":{\"@id\":\"https:\\\/\\\/treslineasnoticias.com.ar\\\/?p=29873#primaryimage\"},\"thumbnailUrl\":\"https:\\\/\\\/treslineasnoticias.com.ar\\\/wp-content\\\/uploads\\\/2026\\\/09\\\/EVA-MIERI-ACOMPANO-EL-DESARROLLO-DE-DOS-COMPETENCIAS-DE-LOS-JUEGOS-BONAERENSES-2026-2.jpg\",\"datePublished\":\"2026-09-04T22:40:26+00:00\",\"dateModified\":\"2026-09-04T22:40:28+00:00\",\"author\":{\"@id\":\"https:\\\/\\\/treslineasnoticias.com.ar\\\/#\\\/schema\\\/person\\\/c5f7249e50517b84c2379b145ca14895\"},\"breadcrumb\":{\"@id\":\"https:\\\/\\\/treslineasnoticias.com.ar\\\/?p=29873#breadcrumb\"},\"inLanguage\":\"es\",\"potentialAction\":[{\"@type\":\"ReadAction\",\"target\":[\"https:\\\/\\\/treslineasnoticias.com.ar\\\/?p=29873\"]}]},{\"@type\":\"ImageObject\",\"inLanguage\":\"es\",\"@id\":\"https:\\\/\\\/treslineasnoticias.com.ar\\\/?p=29873#primaryimage\",\"url\":\"https:\\\/\\\/treslineasnoticias.com.ar\\\/wp-content\\\/uploads\\\/2026\\\/09\\\/EVA-MIERI-ACOMPANO-EL-DESARROLLO-DE-DOS-COMPETENCIAS-DE-LOS-JUEGOS-BONAERENSES-2026-2.jpg\",\"contentUrl\":\"https:\\\/\\\/treslineasnoticias.com.ar\\\/wp-content\\\/uploads\\\/2026\\\/09\\\/EVA-MIERI-ACOMPANO-EL-DESARROLLO-DE-DOS-COMPETENCIAS-DE-LOS-JUEGOS-BONAERENSES-2026-2.jpg\",\"width\":1280,\"height\":853},{\"@type\":\"BreadcrumbList\",\"@id\":\"https:\\\/\\\/treslineasnoticias.com.ar\\\/?p=29873#breadcrumb\",\"itemListElement\":[{\"@type\":\"ListItem\",\"position\":1,\"name\":\"Portada\",\"item\":\"https:\\\/\\\/treslineasnoticias.com.ar\\\/\"},{\"@type\":\"ListItem\",\"position\":2,\"name\":\"Eva Mieri acompa\u00f1\u00f3 el desarrollo de dos competencias de los Juegos Bonaerenses 2026\"}]},{\"@type\":\"WebSite\",\"@id\":\"https:\\\/\\\/treslineasnoticias.com.ar\\\/#website\",\"url\":\"https:\\\/\\\/treslineasnoticias.com.ar\\\/\",\"name\":\"Tres Lineas Noticias\",\"description\":\"\",\"potentialAction\":[{\"@type\":\"SearchAction\",\"target\":{\"@type\":\"EntryPoint\",\"urlTemplate\":\"https:\\\/\\\/treslineasnoticias.com.ar\\\/?s={search_term_string}\"},\"query-input\":{\"@type\":\"PropertyValueSpecification\",\"valueRequired\":true,\"valueName\":\"search_term_string\"}}],\"inLanguage\":\"es\"},{\"@type\":\"Person\",\"@id\":\"https:\\\/\\\/treslineasnoticias.com.ar\\\/#\\\/schema\\\/person\\\/c5f7249e50517b84c2379b145ca14895\",\"name\":\"Horacio L\u00f3pez\",\"image\":{\"@type\":\"ImageObject\",\"inLanguage\":\"es\",\"@id\":\"https:\\\/\\\/treslineasnoticias.com.ar\\\/wp-content\\\/litespeed\\\/avatar\\\/f5a5e9d378b20cf999cb9a940a8324f3.jpg?ver=1788116984\",\"url\":\"https:\\\/\\\/treslineasnoticias.com.ar\\\/wp-content\\\/litespeed\\\/avatar\\\/f5a5e9d378b20cf999cb9a940a8324f3.jpg?ver=1788116984\",\"contentUrl\":\"https:\\\/\\\/treslineasnoticias.com.ar\\\/wp-content\\\/litespeed\\\/avatar\\\/f5a5e9d378b20cf999cb9a940a8324f3.jpg?ver=1788116984\",\"caption\":\"Horacio L\u00f3pez\"},\"sameAs\":[\"http:\\\/\\\/treslineasnoticias.com.ar\"],\"url\":\"https:\\\/\\\/treslineasnoticias.com.ar\\\/?author=3\"}]}<\/script>\n<!-- \/ Yoast SEO plugin. -->","yoast_head_json":{"title":"Eva Mieri acompa\u00f1\u00f3 el desarrollo de dos competencias de los Juegos Bonaerenses 2026 - Tres Lineas Noticias","robots":{"index":"index","follow":"follow","max-snippet":"max-snippet:-1","max-image-preview":"max-image-preview:large","max-video-preview":"max-video-preview:-1"},"canonical":"https:\/\/treslineasnoticias.com.ar\/?p=29873","og_locale":"es_ES","og_type":"article","og_title":"Eva Mieri acompa\u00f1\u00f3 el desarrollo de dos competencias de los Juegos Bonaerenses 2026 - Tres Lineas Noticias","og_description":"La intendenta interina de Quilmes, Eva Mieri, acompa\u00f1\u00f3 este viernes el desarrollo de dos competencias que se desarrollaron en el distrito correspondientes a los Juegos Bonaerenses 2026, y que en esta edici\u00f3n, tuvo m\u00e1s de 15 mil quilme\u00f1os y quilme\u00f1as inscriptos. En primer lugar, asisti\u00f3 al Polideportivo Municipal Reinaldo Gorno, de Quilmes Oeste, donde observ\u00f3 [&hellip;]","og_url":"https:\/\/treslineasnoticias.com.ar\/?p=29873","og_site_name":"Tres Lineas Noticias","article_published_time":"2026-09-04T22:40:26+00:00","article_modified_time":"2026-09-04T22:40:28+00:00","og_image":[{"width":1280,"height":853,"url":"http:\/\/treslineasnoticias.com.ar\/wp-content\/uploads\/2026\/09\/EVA-MIERI-ACOMPANO-EL-DESARROLLO-DE-DOS-COMPETENCIAS-DE-LOS-JUEGOS-BONAERENSES-2026-2.jpg","type":"image\/jpeg"}],"author":"Horacio L\u00f3pez","twitter_card":"summary_large_image","twitter_misc":{"Escrito por":"Horacio L\u00f3pez","Tiempo de lectura":"4 minutos"},"schema":{"@context":"https:\/\/schema.org","@graph":[{"@type":"Article","@id":"https:\/\/treslineasnoticias.com.ar\/?p=29873#article","isPartOf":{"@id":"https:\/\/treslineasnoticias.com.ar\/?p=29873"},"author":{"name":"Horacio L\u00f3pez","@id":"https:\/\/treslineasnoticias.com.ar\/#\/schema\/person\/c5f7249e50517b84c2379b145ca14895"},"headline":"Eva Mieri acompa\u00f1\u00f3 el desarrollo de dos competencias de los Juegos Bonaerenses 2026","datePublished":"2026-09-04T22:40:26+00:00","dateModified":"2026-09-04T22:40:28+00:00","mainEntityOfPage":{"@id":"https:\/\/treslineasnoticias.com.ar\/?p=29873"},"wordCount":525,"commentCount":0,"image":{"@id":"https:\/\/treslineasnoticias.com.ar\/?p=29873#primaryimage"},"thumbnailUrl":"https:\/\/treslineasnoticias.com.ar\/wp-content\/uploads\/2026\/09\/EVA-MIERI-ACOMPANO-EL-DESARROLLO-DE-DOS-COMPETENCIAS-DE-LOS-JUEGOS-BONAERENSES-2026-2.jpg","articleSection":["Provincia","Quilmes"],"inLanguage":"es","potentialAction":[{"@type":"CommentAction","name":"Comment","target":["https:\/\/treslineasnoticias.com.ar\/?p=29873#respond"]}]},{"@type":"WebPage","@id":"https:\/\/treslineasnoticias.com.ar\/?p=29873","url":"https:\/\/treslineasnoticias.com.ar\/?p=29873","name":"Eva Mieri acompa\u00f1\u00f3 el desarrollo de dos competencias de los Juegos Bonaerenses 2026 - Tres Lineas Noticias","isPartOf":{"@id":"https:\/\/treslineasnoticias.com.ar\/#website"},"primaryImageOfPage":{"@id":"https:\/\/treslineasnoticias.com.ar\/?p=29873#primaryimage"},"image":{"@id":"https:\/\/treslineasnoticias.com.ar\/?p=29873#primaryimage"},"thumbnailUrl":"https:\/\/treslineasnoticias.com.ar\/wp-content\/uploads\/2026\/09\/EVA-MIERI-ACOMPANO-EL-DESARROLLO-DE-DOS-COMPETENCIAS-DE-LOS-JUEGOS-BONAERENSES-2026-2.jpg","datePublished":"2026-09-04T22:40:26+00:00","dateModified":"2026-09-04T22:40:28+00:00","author":{"@id":"https:\/\/treslineasnoticias.com.ar\/#\/schema\/person\/c5f7249e50517b84c2379b145ca14895"},"breadcrumb":{"@id":"https:\/\/treslineasnoticias.com.ar\/?p=29873#breadcrumb"},"inLanguage":"es","potentialAction":[{"@type":"ReadAction","target":["https:\/\/treslineasnoticias.com.ar\/?p=29873"]}]},{"@type":"ImageObject","inLanguage":"es","@id":"https:\/\/treslineasnoticias.com.ar\/?p=29873#primaryimage","url":"https:\/\/treslineasnoticias.com.ar\/wp-content\/uploads\/2026\/09\/EVA-MIERI-ACOMPANO-EL-DESARROLLO-DE-DOS-COMPETENCIAS-DE-LOS-JUEGOS-BONAERENSES-2026-2.jpg","contentUrl":"https:\/\/treslineasnoticias.com.ar\/wp-content\/uploads\/2026\/09\/EVA-MIERI-ACOMPANO-EL-DESARROLLO-DE-DOS-COMPETENCIAS-DE-LOS-JUEGOS-BONAERENSES-2026-2.jpg","width":1280,"height":853},{"@type":"BreadcrumbList","@id":"https:\/\/treslineasnoticias.com.ar\/?p=29873#breadcrumb","itemListElement":[{"@type":"ListItem","position":1,"name":"Portada","item":"https:\/\/treslineasnoticias.com.ar\/"},{"@type":"ListItem","position":2,"name":"Eva Mieri acompa\u00f1\u00f3 el desarrollo de dos competencias de los Juegos Bonaerenses 2026"}]},{"@type":"WebSite","@id":"https:\/\/treslineasnoticias.com.ar\/#website","url":"https:\/\/treslineasnoticias.com.ar\/","name":"Tres Lineas Noticias","description":"","potentialAction":[{"@type":"SearchAction","target":{"@type":"EntryPoint","urlTemplate":"https:\/\/treslineasnoticias.com.ar\/?s={search_term_string}"},"query-input":{"@type":"PropertyValueSpecification","valueRequired":true,"valueName":"search_term_string"}}],"inLanguage":"es"},{"@type":"Person","@id":"https:\/\/treslineasnoticias.com.ar\/#\/schema\/person\/c5f7249e50517b84c2379b145ca14895","name":"Horacio L\u00f3pez","image":{"@type":"ImageObject","inLanguage":"es","@id":"https:\/\/treslineasnoticias.com.ar\/wp-content\/litespeed\/avatar\/f5a5e9d378b20cf999cb9a940a8324f3.jpg?ver=1788116984","url":"https:\/\/treslineasnoticias.com.ar\/wp-content\/litespeed\/avatar\/f5a5e9d378b20cf999cb9a940a8324f3.jpg?ver=1788116984","contentUrl":"https:\/\/treslineasnoticias.com.ar\/wp-content\/litespeed\/avatar\/f5a5e9d378b20cf999cb9a940a8324f3.jpg?ver=1788116984","caption":"Horacio L\u00f3pez"},"sameAs":["http:\/\/treslineasnoticias.com.ar"],"url":"https:\/\/treslineasnoticias.com.ar\/?author=3"}]}},"jetpack_featured_media_url":"https:\/\/treslineasnoticias.com.ar\/wp-content\/uploads\/2026\/09\/EVA-MIERI-ACOMPANO-EL-DESARROLLO-DE-DOS-COMPETENCIAS-DE-LOS-JUEGOS-BONAERENSES-2026-2.jpg","jetpack_sharing_enabled":true,"_links":{"self":[{"href":"https:\/\/treslineasnoticias.com.ar\/index.php?rest_route=\/wp\/v2\/posts\/29873","targetHints":{"allow":["GET"]}}],"collection":[{"href":"https:\/\/treslineasnoticias.com.ar\/index.php?rest_route=\/wp\/v2\/posts"}],"about":[{"href":"https:\/\/treslineasnoticias.com.ar\/index.php?rest_route=\/wp\/v2\/types\/post"}],"author":[{"embeddable":true,"href":"https:\/\/treslineasnoticias.com.ar\/index.php?rest_route=\/wp\/v2\/users\/3"}],"replies":[{"embeddable":true,"href":"https:\/\/treslineasnoticias.com.ar\/index.php?rest_route=%2Fwp%2Fv2%2Fcomments&post=29873"}],"version-history":[{"count":1,"href":"https:\/\/treslineasnoticias.com.ar\/index.php?rest_route=\/wp\/v2\/posts\/29873\/revisions"}],"predecessor-version":[{"id":29879,"href":"https:\/\/treslineasnoticias.com.ar\/index.php?rest_route=\/wp\/v2\/posts\/29873\/revisions\/29879"}],"wp:featuredmedia":[{"embeddable":true,"href":"https:\/\/treslineasnoticias.com.ar\/index.php?rest_route=\/wp\/v2\/media\/29875"}],"wp:attachment":[{"href":"https:\/\/treslineasnoticias.com.ar\/index.php?rest_route=%2Fwp%2Fv2%2Fmedia&parent=29873"}],"wp:term":[{"taxonomy":"category","embeddable":true,"href":"https:\/\/treslineasnoticias.com.ar\/index.php?rest_route=%2Fwp%2Fv2%2Fcategories&post=29873"},{"taxonomy":"post_tag","embeddable":true,"href":"https:\/\/treslineasnoticias.com.ar\/index.php?rest_route=%2Fwp%2Fv2%2Ftags&post=29873"}],"curies":[{"name":"wp","href":"https:\/\/api.w.org\/{rel}","templated":true}]}}