{"id":29880,"date":"2026-09-04T19:42:55","date_gmt":"2026-09-04T22:42:55","guid":{"rendered":"https:\/\/treslineasnoticias.com.ar\/?p=29880"},"modified":"2026-09-04T19:42:57","modified_gmt":"2026-09-04T22:42:57","slug":"habitacion-macbeth-vuelve-a-avellaneda","status":"publish","type":"post","link":"https:\/\/treslineasnoticias.com.ar\/?p=29880","title":{"rendered":"Habitaci\u00f3n Macbeth vuelve a Avellaneda"},"content":{"rendered":"\n<p><em><strong>Pompeyo Audivert regresa esta noche al Teatro Roma con una de las obras m\u00e1s reconocidas por la cr\u00edtica y esperadas por el p\u00fablico.<\/strong><\/em><\/p>\n\n\n\n<p>Se presenta esta noche a partir de las 20.30 hs en el Teatro Roma, esta&nbsp;propuesta con un papel protag\u00f3nico multipremiado.&nbsp;&nbsp;<\/p>\n\n\n\n<p>Habitaci\u00f3n Macbeth es un intento de arrojar desde la inspiraci\u00f3n de Shakespeare un piedrazo en el espejo violentando la actuaci\u00f3n y exaltando la met\u00e1fora: el actor como habit\u00e1culo, zona de encarnaciones, estructura de una presencia desparasitada del yo hist\u00f3rico y en disposici\u00f3n de manifestarse, de salir a la luz, de representarse teatralmente.<\/p>\n\n\n\n<p>A trav\u00e9s del cuerpo de un actor encontrado en la fosa del teatro, las Brujas Fat\u00eddicas del p\u00e1ramo de huesos representar\u00e1n la tragedia Habitaci\u00f3n Macbeth.<br><br>Entradas a la venta en la boleter\u00eda del teatro, Sarmiento 109 y a trav\u00e9s de Plateanet. Se mantiene vigente el beneficio especial para residentes de Avellaneda con su Tasa de Servicios Generales al d\u00eda, quienes tendr\u00e1n un 50% de descuento en el valor de la entrada, present\u00e1ndose en boleter\u00eda con DNI, m\u00e1s la \u00faltima boleta de TSG con su comprobante de pago.<\/p>\n\n\n\n<p>La Municipalidad de Avellaneda sigue acercando a su comunidad y a las de toda la regi\u00f3n, propuestas art\u00edsticas de alta calidad y a precios accesibles para el p\u00fablico.<\/p>\n","protected":false},"excerpt":{"rendered":"<p>Pompeyo Audivert regresa esta noche al Teatro Roma con una de las obras m\u00e1s reconocidas por la cr\u00edtica y esperadas por el p\u00fablico. Se presenta esta noche a partir de las 20.30 hs en el Teatro Roma, esta&nbsp;propuesta con un papel protag\u00f3nico multipremiado.&nbsp;&nbsp; Habitaci\u00f3n Macbeth es un intento de arrojar desde la inspiraci\u00f3n de Shakespeare [&hellip;]<\/p>\n","protected":false},"author":3,"featured_media":29881,"comment_status":"open","ping_status":"open","sticky":false,"template":"","format":"standard","meta":{"_jetpack_memberships_contains_paid_content":false,"footnotes":""},"categories":[7],"tags":[],"class_list":["post-29880","post","type-post","status-publish","format-standard","has-post-thumbnail","hentry","category-avellaneda"],"yoast_head":"<!-- This site is optimized with the Yoast SEO plugin v27.5 - https:\/\/yoast.com\/product\/yoast-seo-wordpress\/ -->\n<title>Habitaci\u00f3n Macbeth vuelve a Avellaneda - Tres Lineas Noticias<\/title>\n<meta name=\"robots\" content=\"index, follow, max-snippet:-1, max-image-preview:large, max-video-preview:-1\" \/>\n<link rel=\"canonical\" href=\"https:\/\/treslineasnoticias.com.ar\/?p=29880\" \/>\n<meta property=\"og:locale\" content=\"es_ES\" \/>\n<meta property=\"og:type\" content=\"article\" \/>\n<meta property=\"og:title\" content=\"Habitaci\u00f3n Macbeth vuelve a Avellaneda - Tres Lineas Noticias\" \/>\n<meta property=\"og:description\" content=\"Pompeyo Audivert regresa esta noche al Teatro Roma con una de las obras m\u00e1s reconocidas por la cr\u00edtica y esperadas por el p\u00fablico. Se presenta esta noche a partir de las 20.30 hs en el Teatro Roma, esta&nbsp;propuesta con un papel protag\u00f3nico multipremiado.&nbsp;&nbsp; Habitaci\u00f3n Macbeth es un intento de arrojar desde la inspiraci\u00f3n de Shakespeare [&hellip;]\" \/>\n<meta property=\"og:url\" content=\"https:\/\/treslineasnoticias.com.ar\/?p=29880\" \/>\n<meta property=\"og:site_name\" content=\"Tres Lineas Noticias\" \/>\n<meta property=\"article:published_time\" content=\"2026-09-04T22:42:55+00:00\" \/>\n<meta property=\"article:modified_time\" content=\"2026-09-04T22:42:57+00:00\" \/>\n<meta property=\"og:image\" content=\"http:\/\/treslineasnoticias.com.ar\/wp-content\/uploads\/2026\/09\/772170899_1427932316108184_2434663602856596397_n.jpg\" \/>\n\t<meta property=\"og:image:width\" content=\"1440\" \/>\n\t<meta property=\"og:image:height\" content=\"1920\" \/>\n\t<meta property=\"og:image:type\" content=\"image\/jpeg\" \/>\n<meta name=\"author\" content=\"Horacio L\u00f3pez\" \/>\n<meta name=\"twitter:card\" content=\"summary_large_image\" \/>\n<meta name=\"twitter:label1\" content=\"Escrito por\" \/>\n\t<meta name=\"twitter:data1\" content=\"Horacio L\u00f3pez\" \/>\n\t<meta name=\"twitter:label2\" content=\"Tiempo de lectura\" \/>\n\t<meta name=\"twitter:data2\" content=\"2 minutos\" \/>\n<script type=\"application\/ld+json\" class=\"yoast-schema-graph\">{\"@context\":\"https:\\\/\\\/schema.org\",\"@graph\":[{\"@type\":\"Article\",\"@id\":\"https:\\\/\\\/treslineasnoticias.com.ar\\\/?p=29880#article\",\"isPartOf\":{\"@id\":\"https:\\\/\\\/treslineasnoticias.com.ar\\\/?p=29880\"},\"author\":{\"name\":\"Horacio L\u00f3pez\",\"@id\":\"https:\\\/\\\/treslineasnoticias.com.ar\\\/#\\\/schema\\\/person\\\/c5f7249e50517b84c2379b145ca14895\"},\"headline\":\"Habitaci\u00f3n Macbeth vuelve a Avellaneda\",\"datePublished\":\"2026-09-04T22:42:55+00:00\",\"dateModified\":\"2026-09-04T22:42:57+00:00\",\"mainEntityOfPage\":{\"@id\":\"https:\\\/\\\/treslineasnoticias.com.ar\\\/?p=29880\"},\"wordCount\":243,\"commentCount\":0,\"image\":{\"@id\":\"https:\\\/\\\/treslineasnoticias.com.ar\\\/?p=29880#primaryimage\"},\"thumbnailUrl\":\"https:\\\/\\\/treslineasnoticias.com.ar\\\/wp-content\\\/uploads\\\/2026\\\/09\\\/772170899_1427932316108184_2434663602856596397_n.jpg\",\"articleSection\":[\"Avellaneda\"],\"inLanguage\":\"es\",\"potentialAction\":[{\"@type\":\"CommentAction\",\"name\":\"Comment\",\"target\":[\"https:\\\/\\\/treslineasnoticias.com.ar\\\/?p=29880#respond\"]}]},{\"@type\":\"WebPage\",\"@id\":\"https:\\\/\\\/treslineasnoticias.com.ar\\\/?p=29880\",\"url\":\"https:\\\/\\\/treslineasnoticias.com.ar\\\/?p=29880\",\"name\":\"Habitaci\u00f3n Macbeth vuelve a Avellaneda - Tres Lineas Noticias\",\"isPartOf\":{\"@id\":\"https:\\\/\\\/treslineasnoticias.com.ar\\\/#website\"},\"primaryImageOfPage\":{\"@id\":\"https:\\\/\\\/treslineasnoticias.com.ar\\\/?p=29880#primaryimage\"},\"image\":{\"@id\":\"https:\\\/\\\/treslineasnoticias.com.ar\\\/?p=29880#primaryimage\"},\"thumbnailUrl\":\"https:\\\/\\\/treslineasnoticias.com.ar\\\/wp-content\\\/uploads\\\/2026\\\/09\\\/772170899_1427932316108184_2434663602856596397_n.jpg\",\"datePublished\":\"2026-09-04T22:42:55+00:00\",\"dateModified\":\"2026-09-04T22:42:57+00:00\",\"author\":{\"@id\":\"https:\\\/\\\/treslineasnoticias.com.ar\\\/#\\\/schema\\\/person\\\/c5f7249e50517b84c2379b145ca14895\"},\"breadcrumb\":{\"@id\":\"https:\\\/\\\/treslineasnoticias.com.ar\\\/?p=29880#breadcrumb\"},\"inLanguage\":\"es\",\"potentialAction\":[{\"@type\":\"ReadAction\",\"target\":[\"https:\\\/\\\/treslineasnoticias.com.ar\\\/?p=29880\"]}]},{\"@type\":\"ImageObject\",\"inLanguage\":\"es\",\"@id\":\"https:\\\/\\\/treslineasnoticias.com.ar\\\/?p=29880#primaryimage\",\"url\":\"https:\\\/\\\/treslineasnoticias.com.ar\\\/wp-content\\\/uploads\\\/2026\\\/09\\\/772170899_1427932316108184_2434663602856596397_n.jpg\",\"contentUrl\":\"https:\\\/\\\/treslineasnoticias.com.ar\\\/wp-content\\\/uploads\\\/2026\\\/09\\\/772170899_1427932316108184_2434663602856596397_n.jpg\",\"width\":1440,\"height\":1920},{\"@type\":\"BreadcrumbList\",\"@id\":\"https:\\\/\\\/treslineasnoticias.com.ar\\\/?p=29880#breadcrumb\",\"itemListElement\":[{\"@type\":\"ListItem\",\"position\":1,\"name\":\"Portada\",\"item\":\"https:\\\/\\\/treslineasnoticias.com.ar\\\/\"},{\"@type\":\"ListItem\",\"position\":2,\"name\":\"Habitaci\u00f3n Macbeth vuelve a Avellaneda\"}]},{\"@type\":\"WebSite\",\"@id\":\"https:\\\/\\\/treslineasnoticias.com.ar\\\/#website\",\"url\":\"https:\\\/\\\/treslineasnoticias.com.ar\\\/\",\"name\":\"Tres Lineas Noticias\",\"description\":\"\",\"potentialAction\":[{\"@type\":\"SearchAction\",\"target\":{\"@type\":\"EntryPoint\",\"urlTemplate\":\"https:\\\/\\\/treslineasnoticias.com.ar\\\/?s={search_term_string}\"},\"query-input\":{\"@type\":\"PropertyValueSpecification\",\"valueRequired\":true,\"valueName\":\"search_term_string\"}}],\"inLanguage\":\"es\"},{\"@type\":\"Person\",\"@id\":\"https:\\\/\\\/treslineasnoticias.com.ar\\\/#\\\/schema\\\/person\\\/c5f7249e50517b84c2379b145ca14895\",\"name\":\"Horacio L\u00f3pez\",\"image\":{\"@type\":\"ImageObject\",\"inLanguage\":\"es\",\"@id\":\"https:\\\/\\\/treslineasnoticias.com.ar\\\/wp-content\\\/litespeed\\\/avatar\\\/f5a5e9d378b20cf999cb9a940a8324f3.jpg?ver=1788116984\",\"url\":\"https:\\\/\\\/treslineasnoticias.com.ar\\\/wp-content\\\/litespeed\\\/avatar\\\/f5a5e9d378b20cf999cb9a940a8324f3.jpg?ver=1788116984\",\"contentUrl\":\"https:\\\/\\\/treslineasnoticias.com.ar\\\/wp-content\\\/litespeed\\\/avatar\\\/f5a5e9d378b20cf999cb9a940a8324f3.jpg?ver=1788116984\",\"caption\":\"Horacio L\u00f3pez\"},\"sameAs\":[\"http:\\\/\\\/treslineasnoticias.com.ar\"],\"url\":\"https:\\\/\\\/treslineasnoticias.com.ar\\\/?author=3\"}]}<\/script>\n<!-- \/ Yoast SEO plugin. -->","yoast_head_json":{"title":"Habitaci\u00f3n Macbeth vuelve a Avellaneda - Tres Lineas Noticias","robots":{"index":"index","follow":"follow","max-snippet":"max-snippet:-1","max-image-preview":"max-image-preview:large","max-video-preview":"max-video-preview:-1"},"canonical":"https:\/\/treslineasnoticias.com.ar\/?p=29880","og_locale":"es_ES","og_type":"article","og_title":"Habitaci\u00f3n Macbeth vuelve a Avellaneda - Tres Lineas Noticias","og_description":"Pompeyo Audivert regresa esta noche al Teatro Roma con una de las obras m\u00e1s reconocidas por la cr\u00edtica y esperadas por el p\u00fablico. Se presenta esta noche a partir de las 20.30 hs en el Teatro Roma, esta&nbsp;propuesta con un papel protag\u00f3nico multipremiado.&nbsp;&nbsp; Habitaci\u00f3n Macbeth es un intento de arrojar desde la inspiraci\u00f3n de Shakespeare [&hellip;]","og_url":"https:\/\/treslineasnoticias.com.ar\/?p=29880","og_site_name":"Tres Lineas Noticias","article_published_time":"2026-09-04T22:42:55+00:00","article_modified_time":"2026-09-04T22:42:57+00:00","og_image":[{"width":1440,"height":1920,"url":"http:\/\/treslineasnoticias.com.ar\/wp-content\/uploads\/2026\/09\/772170899_1427932316108184_2434663602856596397_n.jpg","type":"image\/jpeg"}],"author":"Horacio L\u00f3pez","twitter_card":"summary_large_image","twitter_misc":{"Escrito por":"Horacio L\u00f3pez","Tiempo de lectura":"2 minutos"},"schema":{"@context":"https:\/\/schema.org","@graph":[{"@type":"Article","@id":"https:\/\/treslineasnoticias.com.ar\/?p=29880#article","isPartOf":{"@id":"https:\/\/treslineasnoticias.com.ar\/?p=29880"},"author":{"name":"Horacio L\u00f3pez","@id":"https:\/\/treslineasnoticias.com.ar\/#\/schema\/person\/c5f7249e50517b84c2379b145ca14895"},"headline":"Habitaci\u00f3n Macbeth vuelve a Avellaneda","datePublished":"2026-09-04T22:42:55+00:00","dateModified":"2026-09-04T22:42:57+00:00","mainEntityOfPage":{"@id":"https:\/\/treslineasnoticias.com.ar\/?p=29880"},"wordCount":243,"commentCount":0,"image":{"@id":"https:\/\/treslineasnoticias.com.ar\/?p=29880#primaryimage"},"thumbnailUrl":"https:\/\/treslineasnoticias.com.ar\/wp-content\/uploads\/2026\/09\/772170899_1427932316108184_2434663602856596397_n.jpg","articleSection":["Avellaneda"],"inLanguage":"es","potentialAction":[{"@type":"CommentAction","name":"Comment","target":["https:\/\/treslineasnoticias.com.ar\/?p=29880#respond"]}]},{"@type":"WebPage","@id":"https:\/\/treslineasnoticias.com.ar\/?p=29880","url":"https:\/\/treslineasnoticias.com.ar\/?p=29880","name":"Habitaci\u00f3n Macbeth vuelve a Avellaneda - Tres Lineas Noticias","isPartOf":{"@id":"https:\/\/treslineasnoticias.com.ar\/#website"},"primaryImageOfPage":{"@id":"https:\/\/treslineasnoticias.com.ar\/?p=29880#primaryimage"},"image":{"@id":"https:\/\/treslineasnoticias.com.ar\/?p=29880#primaryimage"},"thumbnailUrl":"https:\/\/treslineasnoticias.com.ar\/wp-content\/uploads\/2026\/09\/772170899_1427932316108184_2434663602856596397_n.jpg","datePublished":"2026-09-04T22:42:55+00:00","dateModified":"2026-09-04T22:42:57+00:00","author":{"@id":"https:\/\/treslineasnoticias.com.ar\/#\/schema\/person\/c5f7249e50517b84c2379b145ca14895"},"breadcrumb":{"@id":"https:\/\/treslineasnoticias.com.ar\/?p=29880#breadcrumb"},"inLanguage":"es","potentialAction":[{"@type":"ReadAction","target":["https:\/\/treslineasnoticias.com.ar\/?p=29880"]}]},{"@type":"ImageObject","inLanguage":"es","@id":"https:\/\/treslineasnoticias.com.ar\/?p=29880#primaryimage","url":"https:\/\/treslineasnoticias.com.ar\/wp-content\/uploads\/2026\/09\/772170899_1427932316108184_2434663602856596397_n.jpg","contentUrl":"https:\/\/treslineasnoticias.com.ar\/wp-content\/uploads\/2026\/09\/772170899_1427932316108184_2434663602856596397_n.jpg","width":1440,"height":1920},{"@type":"BreadcrumbList","@id":"https:\/\/treslineasnoticias.com.ar\/?p=29880#breadcrumb","itemListElement":[{"@type":"ListItem","position":1,"name":"Portada","item":"https:\/\/treslineasnoticias.com.ar\/"},{"@type":"ListItem","position":2,"name":"Habitaci\u00f3n Macbeth vuelve a Avellaneda"}]},{"@type":"WebSite","@id":"https:\/\/treslineasnoticias.com.ar\/#website","url":"https:\/\/treslineasnoticias.com.ar\/","name":"Tres Lineas Noticias","description":"","potentialAction":[{"@type":"SearchAction","target":{"@type":"EntryPoint","urlTemplate":"https:\/\/treslineasnoticias.com.ar\/?s={search_term_string}"},"query-input":{"@type":"PropertyValueSpecification","valueRequired":true,"valueName":"search_term_string"}}],"inLanguage":"es"},{"@type":"Person","@id":"https:\/\/treslineasnoticias.com.ar\/#\/schema\/person\/c5f7249e50517b84c2379b145ca14895","name":"Horacio L\u00f3pez","image":{"@type":"ImageObject","inLanguage":"es","@id":"https:\/\/treslineasnoticias.com.ar\/wp-content\/litespeed\/avatar\/f5a5e9d378b20cf999cb9a940a8324f3.jpg?ver=1788116984","url":"https:\/\/treslineasnoticias.com.ar\/wp-content\/litespeed\/avatar\/f5a5e9d378b20cf999cb9a940a8324f3.jpg?ver=1788116984","contentUrl":"https:\/\/treslineasnoticias.com.ar\/wp-content\/litespeed\/avatar\/f5a5e9d378b20cf999cb9a940a8324f3.jpg?ver=1788116984","caption":"Horacio L\u00f3pez"},"sameAs":["http:\/\/treslineasnoticias.com.ar"],"url":"https:\/\/treslineasnoticias.com.ar\/?author=3"}]}},"jetpack_featured_media_url":"https:\/\/treslineasnoticias.com.ar\/wp-content\/uploads\/2026\/09\/772170899_1427932316108184_2434663602856596397_n.jpg","jetpack_sharing_enabled":true,"_links":{"self":[{"href":"https:\/\/treslineasnoticias.com.ar\/index.php?rest_route=\/wp\/v2\/posts\/29880","targetHints":{"allow":["GET"]}}],"collection":[{"href":"https:\/\/treslineasnoticias.com.ar\/index.php?rest_route=\/wp\/v2\/posts"}],"about":[{"href":"https:\/\/treslineasnoticias.com.ar\/index.php?rest_route=\/wp\/v2\/types\/post"}],"author":[{"embeddable":true,"href":"https:\/\/treslineasnoticias.com.ar\/index.php?rest_route=\/wp\/v2\/users\/3"}],"replies":[{"embeddable":true,"href":"https:\/\/treslineasnoticias.com.ar\/index.php?rest_route=%2Fwp%2Fv2%2Fcomments&post=29880"}],"version-history":[{"count":1,"href":"https:\/\/treslineasnoticias.com.ar\/index.php?rest_route=\/wp\/v2\/posts\/29880\/revisions"}],"predecessor-version":[{"id":29882,"href":"https:\/\/treslineasnoticias.com.ar\/index.php?rest_route=\/wp\/v2\/posts\/29880\/revisions\/29882"}],"wp:featuredmedia":[{"embeddable":true,"href":"https:\/\/treslineasnoticias.com.ar\/index.php?rest_route=\/wp\/v2\/media\/29881"}],"wp:attachment":[{"href":"https:\/\/treslineasnoticias.com.ar\/index.php?rest_route=%2Fwp%2Fv2%2Fmedia&parent=29880"}],"wp:term":[{"taxonomy":"category","embeddable":true,"href":"https:\/\/treslineasnoticias.com.ar\/index.php?rest_route=%2Fwp%2Fv2%2Fcategories&post=29880"},{"taxonomy":"post_tag","embeddable":true,"href":"https:\/\/treslineasnoticias.com.ar\/index.php?rest_route=%2Fwp%2Fv2%2Ftags&post=29880"}],"curies":[{"name":"wp","href":"https:\/\/api.w.org\/{rel}","templated":true}]}}