{"id":29883,"date":"2026-09-04T19:52:43","date_gmt":"2026-09-04T22:52:43","guid":{"rendered":"https:\/\/treslineasnoticias.com.ar\/?p=29883"},"modified":"2026-09-04T19:52:45","modified_gmt":"2026-09-04T22:52:45","slug":"el-teatro-roma-presenta-de-batallas-y-de-amores","status":"publish","type":"post","link":"https:\/\/treslineasnoticias.com.ar\/?p=29883","title":{"rendered":"El Teatro Roma presenta \u201cDe Batallas y de Amores\u201d"},"content":{"rendered":"\n<p><strong><em>Este s\u00e1bado 5 de septiembre, se presenta un espect\u00e1culo donde la m\u00fasica, el canto y la palabra se encuentran alrededor de un territorio: la Patria. Con Luisa Kuliok, Facundo Ram\u00edrez y Hern\u00e1n Lucero<\/em><\/strong><\/p>\n\n\n\n<p>Ma\u00f1ana desde las 21 hs. y con entradas generales a $20.000 el Teatro Roma de Avellaneda presenta \u201cDe batallas y de amores\u201d, una idea original de Hern\u00e1n Lucero que re\u00fane a Luisa Kuliok, Facundo Ram\u00edrez y Hern\u00e1n Lucero en escena, con guitarra de Sergio Zabala.<br><br>La selecci\u00f3n de textos est\u00e1 a cargo de Luisa Kuliok y la direcci\u00f3n musical y el piano, de Facundo Ram\u00edrez. Una trama de voces y canciones que recorre textos de autores como Jos\u00e9 de San Mart\u00edn, Jorge Debravo, Andr\u00e9s Lizarraga, Augusto Roa Bastos, Mariquita S\u00e1nchez de Thompson, F\u00e9lix Luna, Claudia Masin y los propios int\u00e9rpretes.<br><\/p>\n\n\n\n<p>Entradas disponibles en boleter\u00eda del teatro, Sarmiento 109, y a trav\u00e9s de Plateanet. Para residentes de Avellaneda con su Tasa de Servicios Generales al d\u00eda, hay un 50% de descuento en el valor de la entrada, present\u00e1ndose en boleter\u00eda con DNI, m\u00e1s la \u00faltima boleta de TSG con su comprobante de pago.<\/p>\n\n\n\n<p>Otra propuesta art\u00edstica de alta calidad que brinda la Municipalidad de Avellaneda para sus vecinos y vecinas, a precios accesibles.<\/p>\n","protected":false},"excerpt":{"rendered":"<p>Este s\u00e1bado 5 de septiembre, se presenta un espect\u00e1culo donde la m\u00fasica, el canto y la palabra se encuentran alrededor de un territorio: la Patria. Con Luisa Kuliok, Facundo Ram\u00edrez y Hern\u00e1n Lucero Ma\u00f1ana desde las 21 hs. y con entradas generales a $20.000 el Teatro Roma de Avellaneda presenta \u201cDe batallas y de amores\u201d, [&hellip;]<\/p>\n","protected":false},"author":3,"featured_media":29884,"comment_status":"open","ping_status":"open","sticky":false,"template":"","format":"standard","meta":{"_jetpack_memberships_contains_paid_content":false,"footnotes":""},"categories":[7],"tags":[],"class_list":["post-29883","post","type-post","status-publish","format-standard","has-post-thumbnail","hentry","category-avellaneda"],"yoast_head":"<!-- This site is optimized with the Yoast SEO plugin v27.5 - https:\/\/yoast.com\/product\/yoast-seo-wordpress\/ -->\n<title>El Teatro Roma presenta \u201cDe Batallas y de Amores\u201d - Tres Lineas Noticias<\/title>\n<meta name=\"robots\" content=\"index, follow, max-snippet:-1, max-image-preview:large, max-video-preview:-1\" \/>\n<link rel=\"canonical\" href=\"https:\/\/treslineasnoticias.com.ar\/?p=29883\" \/>\n<meta property=\"og:locale\" content=\"es_ES\" \/>\n<meta property=\"og:type\" content=\"article\" \/>\n<meta property=\"og:title\" content=\"El Teatro Roma presenta \u201cDe Batallas y de Amores\u201d - Tres Lineas Noticias\" \/>\n<meta property=\"og:description\" content=\"Este s\u00e1bado 5 de septiembre, se presenta un espect\u00e1culo donde la m\u00fasica, el canto y la palabra se encuentran alrededor de un territorio: la Patria. Con Luisa Kuliok, Facundo Ram\u00edrez y Hern\u00e1n Lucero Ma\u00f1ana desde las 21 hs. y con entradas generales a $20.000 el Teatro Roma de Avellaneda presenta \u201cDe batallas y de amores\u201d, [&hellip;]\" \/>\n<meta property=\"og:url\" content=\"https:\/\/treslineasnoticias.com.ar\/?p=29883\" \/>\n<meta property=\"og:site_name\" content=\"Tres Lineas Noticias\" \/>\n<meta property=\"article:published_time\" content=\"2026-09-04T22:52:43+00:00\" \/>\n<meta property=\"article:modified_time\" content=\"2026-09-04T22:52:45+00:00\" \/>\n<meta property=\"og:image\" content=\"http:\/\/treslineasnoticias.com.ar\/wp-content\/uploads\/2026\/09\/772989157_1941691316516362_5603965181136168784_n.jpg\" \/>\n\t<meta property=\"og:image:width\" content=\"1440\" \/>\n\t<meta property=\"og:image:height\" content=\"1920\" \/>\n\t<meta property=\"og:image:type\" content=\"image\/jpeg\" \/>\n<meta name=\"author\" content=\"Horacio L\u00f3pez\" \/>\n<meta name=\"twitter:card\" content=\"summary_large_image\" \/>\n<meta name=\"twitter:label1\" content=\"Escrito por\" \/>\n\t<meta name=\"twitter:data1\" content=\"Horacio L\u00f3pez\" \/>\n\t<meta name=\"twitter:label2\" content=\"Tiempo de lectura\" \/>\n\t<meta name=\"twitter:data2\" content=\"2 minutos\" \/>\n<script type=\"application\/ld+json\" class=\"yoast-schema-graph\">{\"@context\":\"https:\\\/\\\/schema.org\",\"@graph\":[{\"@type\":\"Article\",\"@id\":\"https:\\\/\\\/treslineasnoticias.com.ar\\\/?p=29883#article\",\"isPartOf\":{\"@id\":\"https:\\\/\\\/treslineasnoticias.com.ar\\\/?p=29883\"},\"author\":{\"name\":\"Horacio L\u00f3pez\",\"@id\":\"https:\\\/\\\/treslineasnoticias.com.ar\\\/#\\\/schema\\\/person\\\/c5f7249e50517b84c2379b145ca14895\"},\"headline\":\"El Teatro Roma presenta \u201cDe Batallas y de Amores\u201d\",\"datePublished\":\"2026-09-04T22:52:43+00:00\",\"dateModified\":\"2026-09-04T22:52:45+00:00\",\"mainEntityOfPage\":{\"@id\":\"https:\\\/\\\/treslineasnoticias.com.ar\\\/?p=29883\"},\"wordCount\":234,\"commentCount\":0,\"image\":{\"@id\":\"https:\\\/\\\/treslineasnoticias.com.ar\\\/?p=29883#primaryimage\"},\"thumbnailUrl\":\"https:\\\/\\\/treslineasnoticias.com.ar\\\/wp-content\\\/uploads\\\/2026\\\/09\\\/772989157_1941691316516362_5603965181136168784_n.jpg\",\"articleSection\":[\"Avellaneda\"],\"inLanguage\":\"es\",\"potentialAction\":[{\"@type\":\"CommentAction\",\"name\":\"Comment\",\"target\":[\"https:\\\/\\\/treslineasnoticias.com.ar\\\/?p=29883#respond\"]}]},{\"@type\":\"WebPage\",\"@id\":\"https:\\\/\\\/treslineasnoticias.com.ar\\\/?p=29883\",\"url\":\"https:\\\/\\\/treslineasnoticias.com.ar\\\/?p=29883\",\"name\":\"El Teatro Roma presenta \u201cDe Batallas y de Amores\u201d - Tres Lineas Noticias\",\"isPartOf\":{\"@id\":\"https:\\\/\\\/treslineasnoticias.com.ar\\\/#website\"},\"primaryImageOfPage\":{\"@id\":\"https:\\\/\\\/treslineasnoticias.com.ar\\\/?p=29883#primaryimage\"},\"image\":{\"@id\":\"https:\\\/\\\/treslineasnoticias.com.ar\\\/?p=29883#primaryimage\"},\"thumbnailUrl\":\"https:\\\/\\\/treslineasnoticias.com.ar\\\/wp-content\\\/uploads\\\/2026\\\/09\\\/772989157_1941691316516362_5603965181136168784_n.jpg\",\"datePublished\":\"2026-09-04T22:52:43+00:00\",\"dateModified\":\"2026-09-04T22:52:45+00:00\",\"author\":{\"@id\":\"https:\\\/\\\/treslineasnoticias.com.ar\\\/#\\\/schema\\\/person\\\/c5f7249e50517b84c2379b145ca14895\"},\"breadcrumb\":{\"@id\":\"https:\\\/\\\/treslineasnoticias.com.ar\\\/?p=29883#breadcrumb\"},\"inLanguage\":\"es\",\"potentialAction\":[{\"@type\":\"ReadAction\",\"target\":[\"https:\\\/\\\/treslineasnoticias.com.ar\\\/?p=29883\"]}]},{\"@type\":\"ImageObject\",\"inLanguage\":\"es\",\"@id\":\"https:\\\/\\\/treslineasnoticias.com.ar\\\/?p=29883#primaryimage\",\"url\":\"https:\\\/\\\/treslineasnoticias.com.ar\\\/wp-content\\\/uploads\\\/2026\\\/09\\\/772989157_1941691316516362_5603965181136168784_n.jpg\",\"contentUrl\":\"https:\\\/\\\/treslineasnoticias.com.ar\\\/wp-content\\\/uploads\\\/2026\\\/09\\\/772989157_1941691316516362_5603965181136168784_n.jpg\",\"width\":1440,\"height\":1920},{\"@type\":\"BreadcrumbList\",\"@id\":\"https:\\\/\\\/treslineasnoticias.com.ar\\\/?p=29883#breadcrumb\",\"itemListElement\":[{\"@type\":\"ListItem\",\"position\":1,\"name\":\"Portada\",\"item\":\"https:\\\/\\\/treslineasnoticias.com.ar\\\/\"},{\"@type\":\"ListItem\",\"position\":2,\"name\":\"El Teatro Roma presenta \u201cDe Batallas y de Amores\u201d\"}]},{\"@type\":\"WebSite\",\"@id\":\"https:\\\/\\\/treslineasnoticias.com.ar\\\/#website\",\"url\":\"https:\\\/\\\/treslineasnoticias.com.ar\\\/\",\"name\":\"Tres Lineas Noticias\",\"description\":\"\",\"potentialAction\":[{\"@type\":\"SearchAction\",\"target\":{\"@type\":\"EntryPoint\",\"urlTemplate\":\"https:\\\/\\\/treslineasnoticias.com.ar\\\/?s={search_term_string}\"},\"query-input\":{\"@type\":\"PropertyValueSpecification\",\"valueRequired\":true,\"valueName\":\"search_term_string\"}}],\"inLanguage\":\"es\"},{\"@type\":\"Person\",\"@id\":\"https:\\\/\\\/treslineasnoticias.com.ar\\\/#\\\/schema\\\/person\\\/c5f7249e50517b84c2379b145ca14895\",\"name\":\"Horacio L\u00f3pez\",\"image\":{\"@type\":\"ImageObject\",\"inLanguage\":\"es\",\"@id\":\"https:\\\/\\\/treslineasnoticias.com.ar\\\/wp-content\\\/litespeed\\\/avatar\\\/f5a5e9d378b20cf999cb9a940a8324f3.jpg?ver=1788116984\",\"url\":\"https:\\\/\\\/treslineasnoticias.com.ar\\\/wp-content\\\/litespeed\\\/avatar\\\/f5a5e9d378b20cf999cb9a940a8324f3.jpg?ver=1788116984\",\"contentUrl\":\"https:\\\/\\\/treslineasnoticias.com.ar\\\/wp-content\\\/litespeed\\\/avatar\\\/f5a5e9d378b20cf999cb9a940a8324f3.jpg?ver=1788116984\",\"caption\":\"Horacio L\u00f3pez\"},\"sameAs\":[\"http:\\\/\\\/treslineasnoticias.com.ar\"],\"url\":\"https:\\\/\\\/treslineasnoticias.com.ar\\\/?author=3\"}]}<\/script>\n<!-- \/ Yoast SEO plugin. -->","yoast_head_json":{"title":"El Teatro Roma presenta \u201cDe Batallas y de Amores\u201d - Tres Lineas Noticias","robots":{"index":"index","follow":"follow","max-snippet":"max-snippet:-1","max-image-preview":"max-image-preview:large","max-video-preview":"max-video-preview:-1"},"canonical":"https:\/\/treslineasnoticias.com.ar\/?p=29883","og_locale":"es_ES","og_type":"article","og_title":"El Teatro Roma presenta \u201cDe Batallas y de Amores\u201d - Tres Lineas Noticias","og_description":"Este s\u00e1bado 5 de septiembre, se presenta un espect\u00e1culo donde la m\u00fasica, el canto y la palabra se encuentran alrededor de un territorio: la Patria. Con Luisa Kuliok, Facundo Ram\u00edrez y Hern\u00e1n Lucero Ma\u00f1ana desde las 21 hs. y con entradas generales a $20.000 el Teatro Roma de Avellaneda presenta \u201cDe batallas y de amores\u201d, [&hellip;]","og_url":"https:\/\/treslineasnoticias.com.ar\/?p=29883","og_site_name":"Tres Lineas Noticias","article_published_time":"2026-09-04T22:52:43+00:00","article_modified_time":"2026-09-04T22:52:45+00:00","og_image":[{"width":1440,"height":1920,"url":"http:\/\/treslineasnoticias.com.ar\/wp-content\/uploads\/2026\/09\/772989157_1941691316516362_5603965181136168784_n.jpg","type":"image\/jpeg"}],"author":"Horacio L\u00f3pez","twitter_card":"summary_large_image","twitter_misc":{"Escrito por":"Horacio L\u00f3pez","Tiempo de lectura":"2 minutos"},"schema":{"@context":"https:\/\/schema.org","@graph":[{"@type":"Article","@id":"https:\/\/treslineasnoticias.com.ar\/?p=29883#article","isPartOf":{"@id":"https:\/\/treslineasnoticias.com.ar\/?p=29883"},"author":{"name":"Horacio L\u00f3pez","@id":"https:\/\/treslineasnoticias.com.ar\/#\/schema\/person\/c5f7249e50517b84c2379b145ca14895"},"headline":"El Teatro Roma presenta \u201cDe Batallas y de Amores\u201d","datePublished":"2026-09-04T22:52:43+00:00","dateModified":"2026-09-04T22:52:45+00:00","mainEntityOfPage":{"@id":"https:\/\/treslineasnoticias.com.ar\/?p=29883"},"wordCount":234,"commentCount":0,"image":{"@id":"https:\/\/treslineasnoticias.com.ar\/?p=29883#primaryimage"},"thumbnailUrl":"https:\/\/treslineasnoticias.com.ar\/wp-content\/uploads\/2026\/09\/772989157_1941691316516362_5603965181136168784_n.jpg","articleSection":["Avellaneda"],"inLanguage":"es","potentialAction":[{"@type":"CommentAction","name":"Comment","target":["https:\/\/treslineasnoticias.com.ar\/?p=29883#respond"]}]},{"@type":"WebPage","@id":"https:\/\/treslineasnoticias.com.ar\/?p=29883","url":"https:\/\/treslineasnoticias.com.ar\/?p=29883","name":"El Teatro Roma presenta \u201cDe Batallas y de Amores\u201d - Tres Lineas Noticias","isPartOf":{"@id":"https:\/\/treslineasnoticias.com.ar\/#website"},"primaryImageOfPage":{"@id":"https:\/\/treslineasnoticias.com.ar\/?p=29883#primaryimage"},"image":{"@id":"https:\/\/treslineasnoticias.com.ar\/?p=29883#primaryimage"},"thumbnailUrl":"https:\/\/treslineasnoticias.com.ar\/wp-content\/uploads\/2026\/09\/772989157_1941691316516362_5603965181136168784_n.jpg","datePublished":"2026-09-04T22:52:43+00:00","dateModified":"2026-09-04T22:52:45+00:00","author":{"@id":"https:\/\/treslineasnoticias.com.ar\/#\/schema\/person\/c5f7249e50517b84c2379b145ca14895"},"breadcrumb":{"@id":"https:\/\/treslineasnoticias.com.ar\/?p=29883#breadcrumb"},"inLanguage":"es","potentialAction":[{"@type":"ReadAction","target":["https:\/\/treslineasnoticias.com.ar\/?p=29883"]}]},{"@type":"ImageObject","inLanguage":"es","@id":"https:\/\/treslineasnoticias.com.ar\/?p=29883#primaryimage","url":"https:\/\/treslineasnoticias.com.ar\/wp-content\/uploads\/2026\/09\/772989157_1941691316516362_5603965181136168784_n.jpg","contentUrl":"https:\/\/treslineasnoticias.com.ar\/wp-content\/uploads\/2026\/09\/772989157_1941691316516362_5603965181136168784_n.jpg","width":1440,"height":1920},{"@type":"BreadcrumbList","@id":"https:\/\/treslineasnoticias.com.ar\/?p=29883#breadcrumb","itemListElement":[{"@type":"ListItem","position":1,"name":"Portada","item":"https:\/\/treslineasnoticias.com.ar\/"},{"@type":"ListItem","position":2,"name":"El Teatro Roma presenta \u201cDe Batallas y de Amores\u201d"}]},{"@type":"WebSite","@id":"https:\/\/treslineasnoticias.com.ar\/#website","url":"https:\/\/treslineasnoticias.com.ar\/","name":"Tres Lineas Noticias","description":"","potentialAction":[{"@type":"SearchAction","target":{"@type":"EntryPoint","urlTemplate":"https:\/\/treslineasnoticias.com.ar\/?s={search_term_string}"},"query-input":{"@type":"PropertyValueSpecification","valueRequired":true,"valueName":"search_term_string"}}],"inLanguage":"es"},{"@type":"Person","@id":"https:\/\/treslineasnoticias.com.ar\/#\/schema\/person\/c5f7249e50517b84c2379b145ca14895","name":"Horacio L\u00f3pez","image":{"@type":"ImageObject","inLanguage":"es","@id":"https:\/\/treslineasnoticias.com.ar\/wp-content\/litespeed\/avatar\/f5a5e9d378b20cf999cb9a940a8324f3.jpg?ver=1788116984","url":"https:\/\/treslineasnoticias.com.ar\/wp-content\/litespeed\/avatar\/f5a5e9d378b20cf999cb9a940a8324f3.jpg?ver=1788116984","contentUrl":"https:\/\/treslineasnoticias.com.ar\/wp-content\/litespeed\/avatar\/f5a5e9d378b20cf999cb9a940a8324f3.jpg?ver=1788116984","caption":"Horacio L\u00f3pez"},"sameAs":["http:\/\/treslineasnoticias.com.ar"],"url":"https:\/\/treslineasnoticias.com.ar\/?author=3"}]}},"jetpack_featured_media_url":"https:\/\/treslineasnoticias.com.ar\/wp-content\/uploads\/2026\/09\/772989157_1941691316516362_5603965181136168784_n.jpg","jetpack_sharing_enabled":true,"_links":{"self":[{"href":"https:\/\/treslineasnoticias.com.ar\/index.php?rest_route=\/wp\/v2\/posts\/29883","targetHints":{"allow":["GET"]}}],"collection":[{"href":"https:\/\/treslineasnoticias.com.ar\/index.php?rest_route=\/wp\/v2\/posts"}],"about":[{"href":"https:\/\/treslineasnoticias.com.ar\/index.php?rest_route=\/wp\/v2\/types\/post"}],"author":[{"embeddable":true,"href":"https:\/\/treslineasnoticias.com.ar\/index.php?rest_route=\/wp\/v2\/users\/3"}],"replies":[{"embeddable":true,"href":"https:\/\/treslineasnoticias.com.ar\/index.php?rest_route=%2Fwp%2Fv2%2Fcomments&post=29883"}],"version-history":[{"count":1,"href":"https:\/\/treslineasnoticias.com.ar\/index.php?rest_route=\/wp\/v2\/posts\/29883\/revisions"}],"predecessor-version":[{"id":29885,"href":"https:\/\/treslineasnoticias.com.ar\/index.php?rest_route=\/wp\/v2\/posts\/29883\/revisions\/29885"}],"wp:featuredmedia":[{"embeddable":true,"href":"https:\/\/treslineasnoticias.com.ar\/index.php?rest_route=\/wp\/v2\/media\/29884"}],"wp:attachment":[{"href":"https:\/\/treslineasnoticias.com.ar\/index.php?rest_route=%2Fwp%2Fv2%2Fmedia&parent=29883"}],"wp:term":[{"taxonomy":"category","embeddable":true,"href":"https:\/\/treslineasnoticias.com.ar\/index.php?rest_route=%2Fwp%2Fv2%2Fcategories&post=29883"},{"taxonomy":"post_tag","embeddable":true,"href":"https:\/\/treslineasnoticias.com.ar\/index.php?rest_route=%2Fwp%2Fv2%2Ftags&post=29883"}],"curies":[{"name":"wp","href":"https:\/\/api.w.org\/{rel}","templated":true}]}}