{"id":29895,"date":"2026-09-05T06:36:00","date_gmt":"2026-09-05T09:36:00","guid":{"rendered":"https:\/\/treslineasnoticias.com.ar\/?p=29895"},"modified":"2026-09-05T19:23:29","modified_gmt":"2026-09-05T22:23:29","slug":"reconocimiento-a-los-concejales-ruben-romano-y-ezequiel-luayza-en-el-senado-de-la-nacion","status":"publish","type":"post","link":"https:\/\/treslineasnoticias.com.ar\/?p=29895","title":{"rendered":"Reconocimiento a los concejales Rub\u00e9n Romano y Ezequiel Luayza en el Senado de la Naci\u00f3n"},"content":{"rendered":"\n<p><strong>\u201cEn el d\u00eda de ayer recibimos un reconocimiento de la Asociaci\u00f3n Legislativa Sanmartiniana en el Senado de la Naci\u00f3n, por nuestro aporte a la comunidad de Berazategui y nuestro compromiso con mejorar la calidad de vida de la sociedad\u201d comento el concejal Luayza.<\/strong><\/p>\n\n\n<div class=\"wp-block-image\">\n<figure class=\"aligncenter size-full\"><img loading=\"lazy\" decoding=\"async\" width=\"409\" height=\"593\" src=\"http:\/\/treslineasnoticias.com.ar\/wp-content\/uploads\/2026\/09\/Captura-de-pantalla-2026-09-05-191658-e1788646964105.jpg\" alt=\"\" class=\"wp-image-29897\" srcset=\"https:\/\/treslineasnoticias.com.ar\/wp-content\/uploads\/2026\/09\/Captura-de-pantalla-2026-09-05-191658-e1788646964105.jpg 409w, https:\/\/treslineasnoticias.com.ar\/wp-content\/uploads\/2026\/09\/Captura-de-pantalla-2026-09-05-191658-e1788646964105-207x300.jpg 207w\" sizes=\"auto, (max-width: 409px) 100vw, 409px\" \/><\/figure>\n<\/div>\n\n\n<p><strong>El concejal Romano, a su vez, tambi\u00e9n agradeci\u00f3 por reconocimiento recibido.<\/strong><\/p>\n\n\n\n<p><\/p>\n","protected":false},"excerpt":{"rendered":"<p>\u201cEn el d\u00eda de ayer recibimos un reconocimiento de la Asociaci\u00f3n Legislativa Sanmartiniana en el Senado de la Naci\u00f3n, por nuestro aporte a la comunidad de Berazategui y nuestro compromiso con mejorar la calidad de vida de la sociedad\u201d comento el concejal Luayza. El concejal Romano, a su vez, tambi\u00e9n agradeci\u00f3 por reconocimiento recibido.<\/p>\n","protected":false},"author":3,"featured_media":29896,"comment_status":"open","ping_status":"open","sticky":false,"template":"","format":"standard","meta":{"_jetpack_memberships_contains_paid_content":false,"footnotes":""},"categories":[4,9,8],"tags":[],"class_list":["post-29895","post","type-post","status-publish","format-standard","has-post-thumbnail","hentry","category-berazategui","category-nacionales","category-provincia"],"yoast_head":"<!-- This site is optimized with the Yoast SEO plugin v27.5 - https:\/\/yoast.com\/product\/yoast-seo-wordpress\/ -->\n<title>Reconocimiento a los concejales Rub\u00e9n Romano y Ezequiel Luayza en el Senado de la Naci\u00f3n - Tres Lineas Noticias<\/title>\n<meta name=\"robots\" content=\"index, follow, max-snippet:-1, max-image-preview:large, max-video-preview:-1\" \/>\n<link rel=\"canonical\" href=\"https:\/\/treslineasnoticias.com.ar\/?p=29895\" \/>\n<meta property=\"og:locale\" content=\"es_ES\" \/>\n<meta property=\"og:type\" content=\"article\" \/>\n<meta property=\"og:title\" content=\"Reconocimiento a los concejales Rub\u00e9n Romano y Ezequiel Luayza en el Senado de la Naci\u00f3n - Tres Lineas Noticias\" \/>\n<meta property=\"og:description\" content=\"\u201cEn el d\u00eda de ayer recibimos un reconocimiento de la Asociaci\u00f3n Legislativa Sanmartiniana en el Senado de la Naci\u00f3n, por nuestro aporte a la comunidad de Berazategui y nuestro compromiso con mejorar la calidad de vida de la sociedad\u201d comento el concejal Luayza. El concejal Romano, a su vez, tambi\u00e9n agradeci\u00f3 por reconocimiento recibido.\" \/>\n<meta property=\"og:url\" content=\"https:\/\/treslineasnoticias.com.ar\/?p=29895\" \/>\n<meta property=\"og:site_name\" content=\"Tres Lineas Noticias\" \/>\n<meta property=\"article:published_time\" content=\"2026-09-05T09:36:00+00:00\" \/>\n<meta property=\"article:modified_time\" content=\"2026-09-05T22:23:29+00:00\" \/>\n<meta property=\"og:image\" content=\"http:\/\/treslineasnoticias.com.ar\/wp-content\/uploads\/2026\/09\/Captura-de-pantalla-2026-09-05-190935-e1788646266327.png\" \/>\n\t<meta property=\"og:image:width\" content=\"405\" \/>\n\t<meta property=\"og:image:height\" content=\"530\" \/>\n\t<meta property=\"og:image:type\" content=\"image\/png\" \/>\n<meta name=\"author\" content=\"Horacio L\u00f3pez\" \/>\n<meta name=\"twitter:card\" content=\"summary_large_image\" \/>\n<meta name=\"twitter:label1\" content=\"Escrito por\" \/>\n\t<meta name=\"twitter:data1\" content=\"Horacio L\u00f3pez\" \/>\n\t<meta name=\"twitter:label2\" content=\"Tiempo de lectura\" \/>\n\t<meta name=\"twitter:data2\" content=\"1 minuto\" \/>\n<script type=\"application\/ld+json\" class=\"yoast-schema-graph\">{\"@context\":\"https:\\\/\\\/schema.org\",\"@graph\":[{\"@type\":\"Article\",\"@id\":\"https:\\\/\\\/treslineasnoticias.com.ar\\\/?p=29895#article\",\"isPartOf\":{\"@id\":\"https:\\\/\\\/treslineasnoticias.com.ar\\\/?p=29895\"},\"author\":{\"name\":\"Horacio L\u00f3pez\",\"@id\":\"https:\\\/\\\/treslineasnoticias.com.ar\\\/#\\\/schema\\\/person\\\/c5f7249e50517b84c2379b145ca14895\"},\"headline\":\"Reconocimiento a los concejales Rub\u00e9n Romano y Ezequiel Luayza en el Senado de la Naci\u00f3n\",\"datePublished\":\"2026-09-05T09:36:00+00:00\",\"dateModified\":\"2026-09-05T22:23:29+00:00\",\"mainEntityOfPage\":{\"@id\":\"https:\\\/\\\/treslineasnoticias.com.ar\\\/?p=29895\"},\"wordCount\":75,\"commentCount\":0,\"image\":{\"@id\":\"https:\\\/\\\/treslineasnoticias.com.ar\\\/?p=29895#primaryimage\"},\"thumbnailUrl\":\"https:\\\/\\\/treslineasnoticias.com.ar\\\/wp-content\\\/uploads\\\/2026\\\/09\\\/Captura-de-pantalla-2026-09-05-190935-e1788646266327.png\",\"articleSection\":[\"Berazategui\",\"Nacionales\",\"Provincia\"],\"inLanguage\":\"es\",\"potentialAction\":[{\"@type\":\"CommentAction\",\"name\":\"Comment\",\"target\":[\"https:\\\/\\\/treslineasnoticias.com.ar\\\/?p=29895#respond\"]}]},{\"@type\":\"WebPage\",\"@id\":\"https:\\\/\\\/treslineasnoticias.com.ar\\\/?p=29895\",\"url\":\"https:\\\/\\\/treslineasnoticias.com.ar\\\/?p=29895\",\"name\":\"Reconocimiento a los concejales Rub\u00e9n Romano y Ezequiel Luayza en el Senado de la Naci\u00f3n - Tres Lineas Noticias\",\"isPartOf\":{\"@id\":\"https:\\\/\\\/treslineasnoticias.com.ar\\\/#website\"},\"primaryImageOfPage\":{\"@id\":\"https:\\\/\\\/treslineasnoticias.com.ar\\\/?p=29895#primaryimage\"},\"image\":{\"@id\":\"https:\\\/\\\/treslineasnoticias.com.ar\\\/?p=29895#primaryimage\"},\"thumbnailUrl\":\"https:\\\/\\\/treslineasnoticias.com.ar\\\/wp-content\\\/uploads\\\/2026\\\/09\\\/Captura-de-pantalla-2026-09-05-190935-e1788646266327.png\",\"datePublished\":\"2026-09-05T09:36:00+00:00\",\"dateModified\":\"2026-09-05T22:23:29+00:00\",\"author\":{\"@id\":\"https:\\\/\\\/treslineasnoticias.com.ar\\\/#\\\/schema\\\/person\\\/c5f7249e50517b84c2379b145ca14895\"},\"breadcrumb\":{\"@id\":\"https:\\\/\\\/treslineasnoticias.com.ar\\\/?p=29895#breadcrumb\"},\"inLanguage\":\"es\",\"potentialAction\":[{\"@type\":\"ReadAction\",\"target\":[\"https:\\\/\\\/treslineasnoticias.com.ar\\\/?p=29895\"]}]},{\"@type\":\"ImageObject\",\"inLanguage\":\"es\",\"@id\":\"https:\\\/\\\/treslineasnoticias.com.ar\\\/?p=29895#primaryimage\",\"url\":\"https:\\\/\\\/treslineasnoticias.com.ar\\\/wp-content\\\/uploads\\\/2026\\\/09\\\/Captura-de-pantalla-2026-09-05-190935-e1788646266327.png\",\"contentUrl\":\"https:\\\/\\\/treslineasnoticias.com.ar\\\/wp-content\\\/uploads\\\/2026\\\/09\\\/Captura-de-pantalla-2026-09-05-190935-e1788646266327.png\",\"width\":405,\"height\":530},{\"@type\":\"BreadcrumbList\",\"@id\":\"https:\\\/\\\/treslineasnoticias.com.ar\\\/?p=29895#breadcrumb\",\"itemListElement\":[{\"@type\":\"ListItem\",\"position\":1,\"name\":\"Portada\",\"item\":\"https:\\\/\\\/treslineasnoticias.com.ar\\\/\"},{\"@type\":\"ListItem\",\"position\":2,\"name\":\"Reconocimiento a los concejales Rub\u00e9n Romano y Ezequiel Luayza en el Senado de la Naci\u00f3n\"}]},{\"@type\":\"WebSite\",\"@id\":\"https:\\\/\\\/treslineasnoticias.com.ar\\\/#website\",\"url\":\"https:\\\/\\\/treslineasnoticias.com.ar\\\/\",\"name\":\"Tres Lineas Noticias\",\"description\":\"\",\"potentialAction\":[{\"@type\":\"SearchAction\",\"target\":{\"@type\":\"EntryPoint\",\"urlTemplate\":\"https:\\\/\\\/treslineasnoticias.com.ar\\\/?s={search_term_string}\"},\"query-input\":{\"@type\":\"PropertyValueSpecification\",\"valueRequired\":true,\"valueName\":\"search_term_string\"}}],\"inLanguage\":\"es\"},{\"@type\":\"Person\",\"@id\":\"https:\\\/\\\/treslineasnoticias.com.ar\\\/#\\\/schema\\\/person\\\/c5f7249e50517b84c2379b145ca14895\",\"name\":\"Horacio L\u00f3pez\",\"image\":{\"@type\":\"ImageObject\",\"inLanguage\":\"es\",\"@id\":\"https:\\\/\\\/treslineasnoticias.com.ar\\\/wp-content\\\/litespeed\\\/avatar\\\/f5a5e9d378b20cf999cb9a940a8324f3.jpg?ver=1788116984\",\"url\":\"https:\\\/\\\/treslineasnoticias.com.ar\\\/wp-content\\\/litespeed\\\/avatar\\\/f5a5e9d378b20cf999cb9a940a8324f3.jpg?ver=1788116984\",\"contentUrl\":\"https:\\\/\\\/treslineasnoticias.com.ar\\\/wp-content\\\/litespeed\\\/avatar\\\/f5a5e9d378b20cf999cb9a940a8324f3.jpg?ver=1788116984\",\"caption\":\"Horacio L\u00f3pez\"},\"sameAs\":[\"http:\\\/\\\/treslineasnoticias.com.ar\"],\"url\":\"https:\\\/\\\/treslineasnoticias.com.ar\\\/?author=3\"}]}<\/script>\n<!-- \/ Yoast SEO plugin. -->","yoast_head_json":{"title":"Reconocimiento a los concejales Rub\u00e9n Romano y Ezequiel Luayza en el Senado de la Naci\u00f3n - Tres Lineas Noticias","robots":{"index":"index","follow":"follow","max-snippet":"max-snippet:-1","max-image-preview":"max-image-preview:large","max-video-preview":"max-video-preview:-1"},"canonical":"https:\/\/treslineasnoticias.com.ar\/?p=29895","og_locale":"es_ES","og_type":"article","og_title":"Reconocimiento a los concejales Rub\u00e9n Romano y Ezequiel Luayza en el Senado de la Naci\u00f3n - Tres Lineas Noticias","og_description":"\u201cEn el d\u00eda de ayer recibimos un reconocimiento de la Asociaci\u00f3n Legislativa Sanmartiniana en el Senado de la Naci\u00f3n, por nuestro aporte a la comunidad de Berazategui y nuestro compromiso con mejorar la calidad de vida de la sociedad\u201d comento el concejal Luayza. El concejal Romano, a su vez, tambi\u00e9n agradeci\u00f3 por reconocimiento recibido.","og_url":"https:\/\/treslineasnoticias.com.ar\/?p=29895","og_site_name":"Tres Lineas Noticias","article_published_time":"2026-09-05T09:36:00+00:00","article_modified_time":"2026-09-05T22:23:29+00:00","og_image":[{"width":405,"height":530,"url":"http:\/\/treslineasnoticias.com.ar\/wp-content\/uploads\/2026\/09\/Captura-de-pantalla-2026-09-05-190935-e1788646266327.png","type":"image\/png"}],"author":"Horacio L\u00f3pez","twitter_card":"summary_large_image","twitter_misc":{"Escrito por":"Horacio L\u00f3pez","Tiempo de lectura":"1 minuto"},"schema":{"@context":"https:\/\/schema.org","@graph":[{"@type":"Article","@id":"https:\/\/treslineasnoticias.com.ar\/?p=29895#article","isPartOf":{"@id":"https:\/\/treslineasnoticias.com.ar\/?p=29895"},"author":{"name":"Horacio L\u00f3pez","@id":"https:\/\/treslineasnoticias.com.ar\/#\/schema\/person\/c5f7249e50517b84c2379b145ca14895"},"headline":"Reconocimiento a los concejales Rub\u00e9n Romano y Ezequiel Luayza en el Senado de la Naci\u00f3n","datePublished":"2026-09-05T09:36:00+00:00","dateModified":"2026-09-05T22:23:29+00:00","mainEntityOfPage":{"@id":"https:\/\/treslineasnoticias.com.ar\/?p=29895"},"wordCount":75,"commentCount":0,"image":{"@id":"https:\/\/treslineasnoticias.com.ar\/?p=29895#primaryimage"},"thumbnailUrl":"https:\/\/treslineasnoticias.com.ar\/wp-content\/uploads\/2026\/09\/Captura-de-pantalla-2026-09-05-190935-e1788646266327.png","articleSection":["Berazategui","Nacionales","Provincia"],"inLanguage":"es","potentialAction":[{"@type":"CommentAction","name":"Comment","target":["https:\/\/treslineasnoticias.com.ar\/?p=29895#respond"]}]},{"@type":"WebPage","@id":"https:\/\/treslineasnoticias.com.ar\/?p=29895","url":"https:\/\/treslineasnoticias.com.ar\/?p=29895","name":"Reconocimiento a los concejales Rub\u00e9n Romano y Ezequiel Luayza en el Senado de la Naci\u00f3n - Tres Lineas Noticias","isPartOf":{"@id":"https:\/\/treslineasnoticias.com.ar\/#website"},"primaryImageOfPage":{"@id":"https:\/\/treslineasnoticias.com.ar\/?p=29895#primaryimage"},"image":{"@id":"https:\/\/treslineasnoticias.com.ar\/?p=29895#primaryimage"},"thumbnailUrl":"https:\/\/treslineasnoticias.com.ar\/wp-content\/uploads\/2026\/09\/Captura-de-pantalla-2026-09-05-190935-e1788646266327.png","datePublished":"2026-09-05T09:36:00+00:00","dateModified":"2026-09-05T22:23:29+00:00","author":{"@id":"https:\/\/treslineasnoticias.com.ar\/#\/schema\/person\/c5f7249e50517b84c2379b145ca14895"},"breadcrumb":{"@id":"https:\/\/treslineasnoticias.com.ar\/?p=29895#breadcrumb"},"inLanguage":"es","potentialAction":[{"@type":"ReadAction","target":["https:\/\/treslineasnoticias.com.ar\/?p=29895"]}]},{"@type":"ImageObject","inLanguage":"es","@id":"https:\/\/treslineasnoticias.com.ar\/?p=29895#primaryimage","url":"https:\/\/treslineasnoticias.com.ar\/wp-content\/uploads\/2026\/09\/Captura-de-pantalla-2026-09-05-190935-e1788646266327.png","contentUrl":"https:\/\/treslineasnoticias.com.ar\/wp-content\/uploads\/2026\/09\/Captura-de-pantalla-2026-09-05-190935-e1788646266327.png","width":405,"height":530},{"@type":"BreadcrumbList","@id":"https:\/\/treslineasnoticias.com.ar\/?p=29895#breadcrumb","itemListElement":[{"@type":"ListItem","position":1,"name":"Portada","item":"https:\/\/treslineasnoticias.com.ar\/"},{"@type":"ListItem","position":2,"name":"Reconocimiento a los concejales Rub\u00e9n Romano y Ezequiel Luayza en el Senado de la Naci\u00f3n"}]},{"@type":"WebSite","@id":"https:\/\/treslineasnoticias.com.ar\/#website","url":"https:\/\/treslineasnoticias.com.ar\/","name":"Tres Lineas Noticias","description":"","potentialAction":[{"@type":"SearchAction","target":{"@type":"EntryPoint","urlTemplate":"https:\/\/treslineasnoticias.com.ar\/?s={search_term_string}"},"query-input":{"@type":"PropertyValueSpecification","valueRequired":true,"valueName":"search_term_string"}}],"inLanguage":"es"},{"@type":"Person","@id":"https:\/\/treslineasnoticias.com.ar\/#\/schema\/person\/c5f7249e50517b84c2379b145ca14895","name":"Horacio L\u00f3pez","image":{"@type":"ImageObject","inLanguage":"es","@id":"https:\/\/treslineasnoticias.com.ar\/wp-content\/litespeed\/avatar\/f5a5e9d378b20cf999cb9a940a8324f3.jpg?ver=1788116984","url":"https:\/\/treslineasnoticias.com.ar\/wp-content\/litespeed\/avatar\/f5a5e9d378b20cf999cb9a940a8324f3.jpg?ver=1788116984","contentUrl":"https:\/\/treslineasnoticias.com.ar\/wp-content\/litespeed\/avatar\/f5a5e9d378b20cf999cb9a940a8324f3.jpg?ver=1788116984","caption":"Horacio L\u00f3pez"},"sameAs":["http:\/\/treslineasnoticias.com.ar"],"url":"https:\/\/treslineasnoticias.com.ar\/?author=3"}]}},"jetpack_featured_media_url":"https:\/\/treslineasnoticias.com.ar\/wp-content\/uploads\/2026\/09\/Captura-de-pantalla-2026-09-05-190935-e1788646266327.png","jetpack_sharing_enabled":true,"_links":{"self":[{"href":"https:\/\/treslineasnoticias.com.ar\/index.php?rest_route=\/wp\/v2\/posts\/29895","targetHints":{"allow":["GET"]}}],"collection":[{"href":"https:\/\/treslineasnoticias.com.ar\/index.php?rest_route=\/wp\/v2\/posts"}],"about":[{"href":"https:\/\/treslineasnoticias.com.ar\/index.php?rest_route=\/wp\/v2\/types\/post"}],"author":[{"embeddable":true,"href":"https:\/\/treslineasnoticias.com.ar\/index.php?rest_route=\/wp\/v2\/users\/3"}],"replies":[{"embeddable":true,"href":"https:\/\/treslineasnoticias.com.ar\/index.php?rest_route=%2Fwp%2Fv2%2Fcomments&post=29895"}],"version-history":[{"count":1,"href":"https:\/\/treslineasnoticias.com.ar\/index.php?rest_route=\/wp\/v2\/posts\/29895\/revisions"}],"predecessor-version":[{"id":29898,"href":"https:\/\/treslineasnoticias.com.ar\/index.php?rest_route=\/wp\/v2\/posts\/29895\/revisions\/29898"}],"wp:featuredmedia":[{"embeddable":true,"href":"https:\/\/treslineasnoticias.com.ar\/index.php?rest_route=\/wp\/v2\/media\/29896"}],"wp:attachment":[{"href":"https:\/\/treslineasnoticias.com.ar\/index.php?rest_route=%2Fwp%2Fv2%2Fmedia&parent=29895"}],"wp:term":[{"taxonomy":"category","embeddable":true,"href":"https:\/\/treslineasnoticias.com.ar\/index.php?rest_route=%2Fwp%2Fv2%2Fcategories&post=29895"},{"taxonomy":"post_tag","embeddable":true,"href":"https:\/\/treslineasnoticias.com.ar\/index.php?rest_route=%2Fwp%2Fv2%2Ftags&post=29895"}],"curies":[{"name":"wp","href":"https:\/\/api.w.org\/{rel}","templated":true}]}}