{"id":29899,"date":"2026-09-05T22:41:00","date_gmt":"2026-09-06T01:41:00","guid":{"rendered":"https:\/\/treslineasnoticias.com.ar\/?p=29899"},"modified":"2026-09-06T10:55:16","modified_gmt":"2026-09-06T13:55:16","slug":"se-realizo-en-avellaneda-un-simulacro-de-bomberos-voluntarios-donde-participaron-los-5-cuarteles-locales-y-2-de-la-localidad-de-lanus","status":"publish","type":"post","link":"https:\/\/treslineasnoticias.com.ar\/?p=29899","title":{"rendered":"Se realiz\u00f3 en Avellaneda un simulacro de Bomberos Voluntarios, donde participaron los 5 cuarteles locales y 2 de la localidad de Lan\u00fas"},"content":{"rendered":"\n<p><strong><em>Durante esta tarde se llev\u00f3 a cabo un importante simulacro de Bomberos Voluntarios correspondiente a la Regional Operativa N\u00b0 1, que comprende los cuarteles locales: Avellaneda, Sarand\u00ed, Dock Sud, Villa Dom\u00ednico-Wilde y Echenaguc\u00eda; as\u00ed como tambi\u00e9n los de Lan\u00fas Este y Oeste.<\/em><\/strong><\/p>\n\n\n\n<figure class=\"wp-block-image size-large\"><img loading=\"lazy\" decoding=\"async\" width=\"1024\" height=\"683\" src=\"http:\/\/treslineasnoticias.com.ar\/wp-content\/uploads\/2026\/09\/WhatsApp-Image-2026-09-05-at-16.15.47-1-1024x683.jpeg\" alt=\"\" class=\"wp-image-29903\" srcset=\"https:\/\/treslineasnoticias.com.ar\/wp-content\/uploads\/2026\/09\/WhatsApp-Image-2026-09-05-at-16.15.47-1-1024x683.jpeg 1024w, https:\/\/treslineasnoticias.com.ar\/wp-content\/uploads\/2026\/09\/WhatsApp-Image-2026-09-05-at-16.15.47-1-300x200.jpeg 300w, https:\/\/treslineasnoticias.com.ar\/wp-content\/uploads\/2026\/09\/WhatsApp-Image-2026-09-05-at-16.15.47-1-768x512.jpeg 768w, https:\/\/treslineasnoticias.com.ar\/wp-content\/uploads\/2026\/09\/WhatsApp-Image-2026-09-05-at-16.15.47-1.jpeg 1280w\" sizes=\"auto, (max-width: 1024px) 100vw, 1024px\" \/><\/figure>\n\n\n\n<p>La actividad se desarroll\u00f3 en el bajo nivel ubicado en Dante Alighieri y Ram\u00f3n Franco, en Villa Dom\u00ednico, donde se desplegaron distintas postas de trabajo para realizar tareas de rescate vehicular; rescate y contenci\u00f3n de l\u00edquidos de materiales peligrosos; y brigada de altura.<\/p>\n\n\n\n<p>Estuvo presente el director de Defensa Civil de Avellaneda, Marcelo Barriento, y el comandante General, Jefe del cuerpo activo de Bomberos de Villa Dom\u00ednico- Wilde, Pablo Contreras, quien dio detalles del operativo.<\/p>\n\n\n\n<figure class=\"wp-block-image size-large\"><img loading=\"lazy\" decoding=\"async\" width=\"1024\" height=\"683\" src=\"http:\/\/treslineasnoticias.com.ar\/wp-content\/uploads\/2026\/09\/WhatsApp-Image-2026-09-05-at-16.15.48-1-1024x683.jpeg\" alt=\"\" class=\"wp-image-29901\" srcset=\"https:\/\/treslineasnoticias.com.ar\/wp-content\/uploads\/2026\/09\/WhatsApp-Image-2026-09-05-at-16.15.48-1-1024x683.jpeg 1024w, https:\/\/treslineasnoticias.com.ar\/wp-content\/uploads\/2026\/09\/WhatsApp-Image-2026-09-05-at-16.15.48-1-300x200.jpeg 300w, https:\/\/treslineasnoticias.com.ar\/wp-content\/uploads\/2026\/09\/WhatsApp-Image-2026-09-05-at-16.15.48-1-768x512.jpeg 768w, https:\/\/treslineasnoticias.com.ar\/wp-content\/uploads\/2026\/09\/WhatsApp-Image-2026-09-05-at-16.15.48-1.jpeg 1280w\" sizes=\"auto, (max-width: 1024px) 100vw, 1024px\" \/><\/figure>\n\n\n\n<p>\u201cEl objetivo es llevar la capacitaci\u00f3n de nuestros bomberos a la pr\u00e1ctica, para que ellos crezcan profesionalmente. Tambi\u00e9n, para lograr una r\u00e1pida organizaci\u00f3n que agilice los tiempos de respuesta\u201d, se\u00f1al\u00f3 Contreras.<\/p>\n\n\n\n<p>Adem\u00e1s, explic\u00f3 la importancia de \u201chacer este simulacro lo m\u00e1s realista posible y trabajar en hermandad, para conocernos y ante, una emergencia real, sepamos con quienes trabajamos\u201d. \u201cEste conocimiento agiliza los tiempos de respuesta\u201d, subray\u00f3 el Comandante General.<\/p>\n\n\n\n<figure class=\"wp-block-image size-large\"><img loading=\"lazy\" decoding=\"async\" width=\"1024\" height=\"683\" src=\"http:\/\/treslineasnoticias.com.ar\/wp-content\/uploads\/2026\/09\/WhatsApp-Image-2026-09-05-at-16.15.58-1-1024x683.jpeg\" alt=\"\" class=\"wp-image-29902\" srcset=\"https:\/\/treslineasnoticias.com.ar\/wp-content\/uploads\/2026\/09\/WhatsApp-Image-2026-09-05-at-16.15.58-1-1024x683.jpeg 1024w, https:\/\/treslineasnoticias.com.ar\/wp-content\/uploads\/2026\/09\/WhatsApp-Image-2026-09-05-at-16.15.58-1-300x200.jpeg 300w, https:\/\/treslineasnoticias.com.ar\/wp-content\/uploads\/2026\/09\/WhatsApp-Image-2026-09-05-at-16.15.58-1-768x512.jpeg 768w, https:\/\/treslineasnoticias.com.ar\/wp-content\/uploads\/2026\/09\/WhatsApp-Image-2026-09-05-at-16.15.58-1.jpeg 1280w\" sizes=\"auto, (max-width: 1024px) 100vw, 1024px\" \/><\/figure>\n\n\n\n<p>\u201cTrabajamos organizados, profesionalmente y con rapidez\u201d, sostuvo Contreras.<\/p>\n\n\n\n<p>De la actividad, tambi\u00e9n participaron el jefe de Bomberos Echenaguc\u00eda, Gerli y Pi\u00f1eiro, Comandante General, Sandro Casartelli; el Oficial Principal, Miguel Linero, de los bomberos de Dock Sud; y el Comandante Mayor, Marcos Seperauskas, de los Bomberos Voluntarios de Lan\u00fas Oste.<\/p>\n\n\n\n<p>Desde el Municipio apoyamos y acompa\u00f1amos estas iniciativas que buscan capacitar a las y los servidores p\u00fablicos que cumplen su tarea con compromiso y solidaridad con la comunidad.<\/p>\n","protected":false},"excerpt":{"rendered":"<p>Durante esta tarde se llev\u00f3 a cabo un importante simulacro de Bomberos Voluntarios correspondiente a la Regional Operativa N\u00b0 1, que comprende los cuarteles locales: Avellaneda, Sarand\u00ed, Dock Sud, Villa Dom\u00ednico-Wilde y Echenaguc\u00eda; as\u00ed como tambi\u00e9n los de Lan\u00fas Este y Oeste. La actividad se desarroll\u00f3 en el bajo nivel ubicado en Dante Alighieri y [&hellip;]<\/p>\n","protected":false},"author":3,"featured_media":29900,"comment_status":"open","ping_status":"open","sticky":false,"template":"","format":"standard","meta":{"_jetpack_memberships_contains_paid_content":false,"footnotes":""},"categories":[7,8],"tags":[],"class_list":["post-29899","post","type-post","status-publish","format-standard","has-post-thumbnail","hentry","category-avellaneda","category-provincia"],"yoast_head":"<!-- This site is optimized with the Yoast SEO plugin v27.5 - https:\/\/yoast.com\/product\/yoast-seo-wordpress\/ -->\n<title>Se realiz\u00f3 en Avellaneda un simulacro de Bomberos Voluntarios, donde participaron los 5 cuarteles locales y 2 de la localidad de Lan\u00fas - Tres Lineas Noticias<\/title>\n<meta name=\"robots\" content=\"index, follow, max-snippet:-1, max-image-preview:large, max-video-preview:-1\" \/>\n<link rel=\"canonical\" href=\"https:\/\/treslineasnoticias.com.ar\/?p=29899\" \/>\n<meta property=\"og:locale\" content=\"es_ES\" \/>\n<meta property=\"og:type\" content=\"article\" \/>\n<meta property=\"og:title\" content=\"Se realiz\u00f3 en Avellaneda un simulacro de Bomberos Voluntarios, donde participaron los 5 cuarteles locales y 2 de la localidad de Lan\u00fas - Tres Lineas Noticias\" \/>\n<meta property=\"og:description\" content=\"Durante esta tarde se llev\u00f3 a cabo un importante simulacro de Bomberos Voluntarios correspondiente a la Regional Operativa N\u00b0 1, que comprende los cuarteles locales: Avellaneda, Sarand\u00ed, Dock Sud, Villa Dom\u00ednico-Wilde y Echenaguc\u00eda; as\u00ed como tambi\u00e9n los de Lan\u00fas Este y Oeste. La actividad se desarroll\u00f3 en el bajo nivel ubicado en Dante Alighieri y [&hellip;]\" \/>\n<meta property=\"og:url\" content=\"https:\/\/treslineasnoticias.com.ar\/?p=29899\" \/>\n<meta property=\"og:site_name\" content=\"Tres Lineas Noticias\" \/>\n<meta property=\"article:published_time\" content=\"2026-09-06T01:41:00+00:00\" \/>\n<meta property=\"article:modified_time\" content=\"2026-09-06T13:55:16+00:00\" \/>\n<meta property=\"og:image\" content=\"http:\/\/treslineasnoticias.com.ar\/wp-content\/uploads\/2026\/09\/WhatsApp-Image-2026-09-05-at-16.16.02-1.jpeg\" \/>\n\t<meta property=\"og:image:width\" content=\"1280\" \/>\n\t<meta property=\"og:image:height\" content=\"854\" \/>\n\t<meta property=\"og:image:type\" content=\"image\/jpeg\" \/>\n<meta name=\"author\" content=\"Horacio L\u00f3pez\" \/>\n<meta name=\"twitter:card\" content=\"summary_large_image\" \/>\n<meta name=\"twitter:label1\" content=\"Escrito por\" \/>\n\t<meta name=\"twitter:data1\" content=\"Horacio L\u00f3pez\" \/>\n\t<meta name=\"twitter:label2\" content=\"Tiempo de lectura\" \/>\n\t<meta name=\"twitter:data2\" content=\"3 minutos\" \/>\n<script type=\"application\/ld+json\" class=\"yoast-schema-graph\">{\"@context\":\"https:\\\/\\\/schema.org\",\"@graph\":[{\"@type\":\"Article\",\"@id\":\"https:\\\/\\\/treslineasnoticias.com.ar\\\/?p=29899#article\",\"isPartOf\":{\"@id\":\"https:\\\/\\\/treslineasnoticias.com.ar\\\/?p=29899\"},\"author\":{\"name\":\"Horacio L\u00f3pez\",\"@id\":\"https:\\\/\\\/treslineasnoticias.com.ar\\\/#\\\/schema\\\/person\\\/c5f7249e50517b84c2379b145ca14895\"},\"headline\":\"Se realiz\u00f3 en Avellaneda un simulacro de Bomberos Voluntarios, donde participaron los 5 cuarteles locales y 2 de la localidad de Lan\u00fas\",\"datePublished\":\"2026-09-06T01:41:00+00:00\",\"dateModified\":\"2026-09-06T13:55:16+00:00\",\"mainEntityOfPage\":{\"@id\":\"https:\\\/\\\/treslineasnoticias.com.ar\\\/?p=29899\"},\"wordCount\":306,\"commentCount\":0,\"image\":{\"@id\":\"https:\\\/\\\/treslineasnoticias.com.ar\\\/?p=29899#primaryimage\"},\"thumbnailUrl\":\"https:\\\/\\\/treslineasnoticias.com.ar\\\/wp-content\\\/uploads\\\/2026\\\/09\\\/WhatsApp-Image-2026-09-05-at-16.16.02-1.jpeg\",\"articleSection\":[\"Avellaneda\",\"Provincia\"],\"inLanguage\":\"es\",\"potentialAction\":[{\"@type\":\"CommentAction\",\"name\":\"Comment\",\"target\":[\"https:\\\/\\\/treslineasnoticias.com.ar\\\/?p=29899#respond\"]}]},{\"@type\":\"WebPage\",\"@id\":\"https:\\\/\\\/treslineasnoticias.com.ar\\\/?p=29899\",\"url\":\"https:\\\/\\\/treslineasnoticias.com.ar\\\/?p=29899\",\"name\":\"Se realiz\u00f3 en Avellaneda un simulacro de Bomberos Voluntarios, donde participaron los 5 cuarteles locales y 2 de la localidad de Lan\u00fas - Tres Lineas Noticias\",\"isPartOf\":{\"@id\":\"https:\\\/\\\/treslineasnoticias.com.ar\\\/#website\"},\"primaryImageOfPage\":{\"@id\":\"https:\\\/\\\/treslineasnoticias.com.ar\\\/?p=29899#primaryimage\"},\"image\":{\"@id\":\"https:\\\/\\\/treslineasnoticias.com.ar\\\/?p=29899#primaryimage\"},\"thumbnailUrl\":\"https:\\\/\\\/treslineasnoticias.com.ar\\\/wp-content\\\/uploads\\\/2026\\\/09\\\/WhatsApp-Image-2026-09-05-at-16.16.02-1.jpeg\",\"datePublished\":\"2026-09-06T01:41:00+00:00\",\"dateModified\":\"2026-09-06T13:55:16+00:00\",\"author\":{\"@id\":\"https:\\\/\\\/treslineasnoticias.com.ar\\\/#\\\/schema\\\/person\\\/c5f7249e50517b84c2379b145ca14895\"},\"breadcrumb\":{\"@id\":\"https:\\\/\\\/treslineasnoticias.com.ar\\\/?p=29899#breadcrumb\"},\"inLanguage\":\"es\",\"potentialAction\":[{\"@type\":\"ReadAction\",\"target\":[\"https:\\\/\\\/treslineasnoticias.com.ar\\\/?p=29899\"]}]},{\"@type\":\"ImageObject\",\"inLanguage\":\"es\",\"@id\":\"https:\\\/\\\/treslineasnoticias.com.ar\\\/?p=29899#primaryimage\",\"url\":\"https:\\\/\\\/treslineasnoticias.com.ar\\\/wp-content\\\/uploads\\\/2026\\\/09\\\/WhatsApp-Image-2026-09-05-at-16.16.02-1.jpeg\",\"contentUrl\":\"https:\\\/\\\/treslineasnoticias.com.ar\\\/wp-content\\\/uploads\\\/2026\\\/09\\\/WhatsApp-Image-2026-09-05-at-16.16.02-1.jpeg\",\"width\":1280,\"height\":854},{\"@type\":\"BreadcrumbList\",\"@id\":\"https:\\\/\\\/treslineasnoticias.com.ar\\\/?p=29899#breadcrumb\",\"itemListElement\":[{\"@type\":\"ListItem\",\"position\":1,\"name\":\"Portada\",\"item\":\"https:\\\/\\\/treslineasnoticias.com.ar\\\/\"},{\"@type\":\"ListItem\",\"position\":2,\"name\":\"Se realiz\u00f3 en Avellaneda un simulacro de Bomberos Voluntarios, donde participaron los 5 cuarteles locales y 2 de la localidad de Lan\u00fas\"}]},{\"@type\":\"WebSite\",\"@id\":\"https:\\\/\\\/treslineasnoticias.com.ar\\\/#website\",\"url\":\"https:\\\/\\\/treslineasnoticias.com.ar\\\/\",\"name\":\"Tres Lineas Noticias\",\"description\":\"\",\"potentialAction\":[{\"@type\":\"SearchAction\",\"target\":{\"@type\":\"EntryPoint\",\"urlTemplate\":\"https:\\\/\\\/treslineasnoticias.com.ar\\\/?s={search_term_string}\"},\"query-input\":{\"@type\":\"PropertyValueSpecification\",\"valueRequired\":true,\"valueName\":\"search_term_string\"}}],\"inLanguage\":\"es\"},{\"@type\":\"Person\",\"@id\":\"https:\\\/\\\/treslineasnoticias.com.ar\\\/#\\\/schema\\\/person\\\/c5f7249e50517b84c2379b145ca14895\",\"name\":\"Horacio L\u00f3pez\",\"image\":{\"@type\":\"ImageObject\",\"inLanguage\":\"es\",\"@id\":\"https:\\\/\\\/treslineasnoticias.com.ar\\\/wp-content\\\/litespeed\\\/avatar\\\/f5a5e9d378b20cf999cb9a940a8324f3.jpg?ver=1788116984\",\"url\":\"https:\\\/\\\/treslineasnoticias.com.ar\\\/wp-content\\\/litespeed\\\/avatar\\\/f5a5e9d378b20cf999cb9a940a8324f3.jpg?ver=1788116984\",\"contentUrl\":\"https:\\\/\\\/treslineasnoticias.com.ar\\\/wp-content\\\/litespeed\\\/avatar\\\/f5a5e9d378b20cf999cb9a940a8324f3.jpg?ver=1788116984\",\"caption\":\"Horacio L\u00f3pez\"},\"sameAs\":[\"http:\\\/\\\/treslineasnoticias.com.ar\"],\"url\":\"https:\\\/\\\/treslineasnoticias.com.ar\\\/?author=3\"}]}<\/script>\n<!-- \/ Yoast SEO plugin. -->","yoast_head_json":{"title":"Se realiz\u00f3 en Avellaneda un simulacro de Bomberos Voluntarios, donde participaron los 5 cuarteles locales y 2 de la localidad de Lan\u00fas - Tres Lineas Noticias","robots":{"index":"index","follow":"follow","max-snippet":"max-snippet:-1","max-image-preview":"max-image-preview:large","max-video-preview":"max-video-preview:-1"},"canonical":"https:\/\/treslineasnoticias.com.ar\/?p=29899","og_locale":"es_ES","og_type":"article","og_title":"Se realiz\u00f3 en Avellaneda un simulacro de Bomberos Voluntarios, donde participaron los 5 cuarteles locales y 2 de la localidad de Lan\u00fas - Tres Lineas Noticias","og_description":"Durante esta tarde se llev\u00f3 a cabo un importante simulacro de Bomberos Voluntarios correspondiente a la Regional Operativa N\u00b0 1, que comprende los cuarteles locales: Avellaneda, Sarand\u00ed, Dock Sud, Villa Dom\u00ednico-Wilde y Echenaguc\u00eda; as\u00ed como tambi\u00e9n los de Lan\u00fas Este y Oeste. La actividad se desarroll\u00f3 en el bajo nivel ubicado en Dante Alighieri y [&hellip;]","og_url":"https:\/\/treslineasnoticias.com.ar\/?p=29899","og_site_name":"Tres Lineas Noticias","article_published_time":"2026-09-06T01:41:00+00:00","article_modified_time":"2026-09-06T13:55:16+00:00","og_image":[{"width":1280,"height":854,"url":"http:\/\/treslineasnoticias.com.ar\/wp-content\/uploads\/2026\/09\/WhatsApp-Image-2026-09-05-at-16.16.02-1.jpeg","type":"image\/jpeg"}],"author":"Horacio L\u00f3pez","twitter_card":"summary_large_image","twitter_misc":{"Escrito por":"Horacio L\u00f3pez","Tiempo de lectura":"3 minutos"},"schema":{"@context":"https:\/\/schema.org","@graph":[{"@type":"Article","@id":"https:\/\/treslineasnoticias.com.ar\/?p=29899#article","isPartOf":{"@id":"https:\/\/treslineasnoticias.com.ar\/?p=29899"},"author":{"name":"Horacio L\u00f3pez","@id":"https:\/\/treslineasnoticias.com.ar\/#\/schema\/person\/c5f7249e50517b84c2379b145ca14895"},"headline":"Se realiz\u00f3 en Avellaneda un simulacro de Bomberos Voluntarios, donde participaron los 5 cuarteles locales y 2 de la localidad de Lan\u00fas","datePublished":"2026-09-06T01:41:00+00:00","dateModified":"2026-09-06T13:55:16+00:00","mainEntityOfPage":{"@id":"https:\/\/treslineasnoticias.com.ar\/?p=29899"},"wordCount":306,"commentCount":0,"image":{"@id":"https:\/\/treslineasnoticias.com.ar\/?p=29899#primaryimage"},"thumbnailUrl":"https:\/\/treslineasnoticias.com.ar\/wp-content\/uploads\/2026\/09\/WhatsApp-Image-2026-09-05-at-16.16.02-1.jpeg","articleSection":["Avellaneda","Provincia"],"inLanguage":"es","potentialAction":[{"@type":"CommentAction","name":"Comment","target":["https:\/\/treslineasnoticias.com.ar\/?p=29899#respond"]}]},{"@type":"WebPage","@id":"https:\/\/treslineasnoticias.com.ar\/?p=29899","url":"https:\/\/treslineasnoticias.com.ar\/?p=29899","name":"Se realiz\u00f3 en Avellaneda un simulacro de Bomberos Voluntarios, donde participaron los 5 cuarteles locales y 2 de la localidad de Lan\u00fas - Tres Lineas Noticias","isPartOf":{"@id":"https:\/\/treslineasnoticias.com.ar\/#website"},"primaryImageOfPage":{"@id":"https:\/\/treslineasnoticias.com.ar\/?p=29899#primaryimage"},"image":{"@id":"https:\/\/treslineasnoticias.com.ar\/?p=29899#primaryimage"},"thumbnailUrl":"https:\/\/treslineasnoticias.com.ar\/wp-content\/uploads\/2026\/09\/WhatsApp-Image-2026-09-05-at-16.16.02-1.jpeg","datePublished":"2026-09-06T01:41:00+00:00","dateModified":"2026-09-06T13:55:16+00:00","author":{"@id":"https:\/\/treslineasnoticias.com.ar\/#\/schema\/person\/c5f7249e50517b84c2379b145ca14895"},"breadcrumb":{"@id":"https:\/\/treslineasnoticias.com.ar\/?p=29899#breadcrumb"},"inLanguage":"es","potentialAction":[{"@type":"ReadAction","target":["https:\/\/treslineasnoticias.com.ar\/?p=29899"]}]},{"@type":"ImageObject","inLanguage":"es","@id":"https:\/\/treslineasnoticias.com.ar\/?p=29899#primaryimage","url":"https:\/\/treslineasnoticias.com.ar\/wp-content\/uploads\/2026\/09\/WhatsApp-Image-2026-09-05-at-16.16.02-1.jpeg","contentUrl":"https:\/\/treslineasnoticias.com.ar\/wp-content\/uploads\/2026\/09\/WhatsApp-Image-2026-09-05-at-16.16.02-1.jpeg","width":1280,"height":854},{"@type":"BreadcrumbList","@id":"https:\/\/treslineasnoticias.com.ar\/?p=29899#breadcrumb","itemListElement":[{"@type":"ListItem","position":1,"name":"Portada","item":"https:\/\/treslineasnoticias.com.ar\/"},{"@type":"ListItem","position":2,"name":"Se realiz\u00f3 en Avellaneda un simulacro de Bomberos Voluntarios, donde participaron los 5 cuarteles locales y 2 de la localidad de Lan\u00fas"}]},{"@type":"WebSite","@id":"https:\/\/treslineasnoticias.com.ar\/#website","url":"https:\/\/treslineasnoticias.com.ar\/","name":"Tres Lineas Noticias","description":"","potentialAction":[{"@type":"SearchAction","target":{"@type":"EntryPoint","urlTemplate":"https:\/\/treslineasnoticias.com.ar\/?s={search_term_string}"},"query-input":{"@type":"PropertyValueSpecification","valueRequired":true,"valueName":"search_term_string"}}],"inLanguage":"es"},{"@type":"Person","@id":"https:\/\/treslineasnoticias.com.ar\/#\/schema\/person\/c5f7249e50517b84c2379b145ca14895","name":"Horacio L\u00f3pez","image":{"@type":"ImageObject","inLanguage":"es","@id":"https:\/\/treslineasnoticias.com.ar\/wp-content\/litespeed\/avatar\/f5a5e9d378b20cf999cb9a940a8324f3.jpg?ver=1788116984","url":"https:\/\/treslineasnoticias.com.ar\/wp-content\/litespeed\/avatar\/f5a5e9d378b20cf999cb9a940a8324f3.jpg?ver=1788116984","contentUrl":"https:\/\/treslineasnoticias.com.ar\/wp-content\/litespeed\/avatar\/f5a5e9d378b20cf999cb9a940a8324f3.jpg?ver=1788116984","caption":"Horacio L\u00f3pez"},"sameAs":["http:\/\/treslineasnoticias.com.ar"],"url":"https:\/\/treslineasnoticias.com.ar\/?author=3"}]}},"jetpack_featured_media_url":"https:\/\/treslineasnoticias.com.ar\/wp-content\/uploads\/2026\/09\/WhatsApp-Image-2026-09-05-at-16.16.02-1.jpeg","jetpack_sharing_enabled":true,"_links":{"self":[{"href":"https:\/\/treslineasnoticias.com.ar\/index.php?rest_route=\/wp\/v2\/posts\/29899","targetHints":{"allow":["GET"]}}],"collection":[{"href":"https:\/\/treslineasnoticias.com.ar\/index.php?rest_route=\/wp\/v2\/posts"}],"about":[{"href":"https:\/\/treslineasnoticias.com.ar\/index.php?rest_route=\/wp\/v2\/types\/post"}],"author":[{"embeddable":true,"href":"https:\/\/treslineasnoticias.com.ar\/index.php?rest_route=\/wp\/v2\/users\/3"}],"replies":[{"embeddable":true,"href":"https:\/\/treslineasnoticias.com.ar\/index.php?rest_route=%2Fwp%2Fv2%2Fcomments&post=29899"}],"version-history":[{"count":1,"href":"https:\/\/treslineasnoticias.com.ar\/index.php?rest_route=\/wp\/v2\/posts\/29899\/revisions"}],"predecessor-version":[{"id":29904,"href":"https:\/\/treslineasnoticias.com.ar\/index.php?rest_route=\/wp\/v2\/posts\/29899\/revisions\/29904"}],"wp:featuredmedia":[{"embeddable":true,"href":"https:\/\/treslineasnoticias.com.ar\/index.php?rest_route=\/wp\/v2\/media\/29900"}],"wp:attachment":[{"href":"https:\/\/treslineasnoticias.com.ar\/index.php?rest_route=%2Fwp%2Fv2%2Fmedia&parent=29899"}],"wp:term":[{"taxonomy":"category","embeddable":true,"href":"https:\/\/treslineasnoticias.com.ar\/index.php?rest_route=%2Fwp%2Fv2%2Fcategories&post=29899"},{"taxonomy":"post_tag","embeddable":true,"href":"https:\/\/treslineasnoticias.com.ar\/index.php?rest_route=%2Fwp%2Fv2%2Ftags&post=29899"}],"curies":[{"name":"wp","href":"https:\/\/api.w.org\/{rel}","templated":true}]}}