{"id":29915,"date":"2026-09-04T21:09:00","date_gmt":"2026-09-05T00:09:00","guid":{"rendered":"https:\/\/treslineasnoticias.com.ar\/?p=29915"},"modified":"2026-09-06T12:15:50","modified_gmt":"2026-09-06T15:15:50","slug":"andres-watson-presento-una-intervencion-integral-para-el-ordenamiento-del-transito-en-la-capilla","status":"publish","type":"post","link":"https:\/\/treslineasnoticias.com.ar\/?p=29915","title":{"rendered":"Andr\u00e9s Watson present\u00f3 una intervenci\u00f3n integral para el ordenamiento del tr\u00e1nsito en La Capilla"},"content":{"rendered":"\n<p><strong><em>El jefe comunal -Andr\u00e9s Watson- supervis\u00f3 la finalizaci\u00f3n del proyecto vial, realizado con fondos municipales, destinado a optimizar las conexiones vehiculares de la zona y evitar siniestros en el cruce de Ruta Provincial N\u00ba53 con 1505: una bajada de conexi\u00f3n en hormig\u00f3n, colocaci\u00f3n sem\u00e1foros, sendas peatonales, rampas, refugio donde aguardar el transporte p\u00fablico.<\/em><\/strong><\/p>\n\n\n\n<p>Tras conversar con vecinos y vecinas de las inmediaciones el viernes a la ma\u00f1ana, el Alcalde record\u00f3 \u00abel simulacro hecho meses atr\u00e1s por la Secundaria N\u00ba15, con la premisa de visibilizar el accionar del sistema de emergencia local, tras el cual me compromet\u00ed a garantizar una movilidad segura en el \u00e1rea\u00bb.<\/p>\n\n\n\n<figure class=\"wp-block-image size-large\"><img loading=\"lazy\" decoding=\"async\" width=\"1024\" height=\"683\" src=\"http:\/\/treslineasnoticias.com.ar\/wp-content\/uploads\/2026\/09\/e91c8926-c849-7951-b4e2-5291f90e7752-1024x683.jpg\" alt=\"\" class=\"wp-image-29916\" srcset=\"https:\/\/treslineasnoticias.com.ar\/wp-content\/uploads\/2026\/09\/e91c8926-c849-7951-b4e2-5291f90e7752-1024x683.jpg 1024w, https:\/\/treslineasnoticias.com.ar\/wp-content\/uploads\/2026\/09\/e91c8926-c849-7951-b4e2-5291f90e7752-300x200.jpg 300w, https:\/\/treslineasnoticias.com.ar\/wp-content\/uploads\/2026\/09\/e91c8926-c849-7951-b4e2-5291f90e7752-768x512.jpg 768w, https:\/\/treslineasnoticias.com.ar\/wp-content\/uploads\/2026\/09\/e91c8926-c849-7951-b4e2-5291f90e7752-1536x1024.jpg 1536w, https:\/\/treslineasnoticias.com.ar\/wp-content\/uploads\/2026\/09\/e91c8926-c849-7951-b4e2-5291f90e7752-2048x1365.jpg 2048w\" sizes=\"auto, (max-width: 1024px) 100vw, 1024px\" \/><\/figure>\n\n\n\n<p>El Intendente destac\u00f3 \u00ablos trabajos del ensanche sobre la traza, en conjunto con la administraci\u00f3n del gobernador Axel Kicillof: decisi\u00f3n primordial en la conectividad del partido\u00bb.<\/p>\n\n\n\n<p>El titular en el Ejecutivo varelense subray\u00f3 \u00abla contribuci\u00f3n ciudadana con el abono de tasas, una herramienta imprescindible para velar por el bienestar colectivo\u00bb.<\/p>\n\n\n\n<p>El director de la Escuela Agraria N\u00ba1 -Mario Maldonado- consider\u00f3 \u00abuna inversi\u00f3n muy positiva por su impacto tanto en la comunidad pedag\u00f3gica como en residentes de la regi\u00f3n\u00bb. Remarc\u00f3 \u00abuna intervenci\u00f3n esencial, principalmente en \u00e9pocas invernales, con una nubosidad alta\u00bb. \u00abEsto brind\u00f3 tranquilidad a las familias de los chicos y las chicas\u00bb, afirm\u00f3.<\/p>\n\n\n\n<p>Como alumno del mencionado establecimiento, Ignacio C\u00e1ceres -de 7\u00baa\u00f1o- visualiz\u00f3 \u00abla disminuci\u00f3n de accidentes gracias a las se\u00f1al\u00e9ticas emplazadas\u00bb. Adem\u00e1s, reconoci\u00f3 \u00abel beneficio en las y los m\u00e1s peque\u00f1os, quienes todav\u00eda no adquirieron tanta conciencia\u00bb.<\/p>\n\n\n\n<figure class=\"wp-block-image size-large\"><img loading=\"lazy\" decoding=\"async\" width=\"1024\" height=\"683\" src=\"http:\/\/treslineasnoticias.com.ar\/wp-content\/uploads\/2026\/09\/42d41af0-18fd-4e0a-f7fb-42af949b09e3-1024x683.jpg\" alt=\"\" class=\"wp-image-29918\" srcset=\"https:\/\/treslineasnoticias.com.ar\/wp-content\/uploads\/2026\/09\/42d41af0-18fd-4e0a-f7fb-42af949b09e3-1024x683.jpg 1024w, https:\/\/treslineasnoticias.com.ar\/wp-content\/uploads\/2026\/09\/42d41af0-18fd-4e0a-f7fb-42af949b09e3-300x200.jpg 300w, https:\/\/treslineasnoticias.com.ar\/wp-content\/uploads\/2026\/09\/42d41af0-18fd-4e0a-f7fb-42af949b09e3-768x512.jpg 768w, https:\/\/treslineasnoticias.com.ar\/wp-content\/uploads\/2026\/09\/42d41af0-18fd-4e0a-f7fb-42af949b09e3-1536x1024.jpg 1536w, https:\/\/treslineasnoticias.com.ar\/wp-content\/uploads\/2026\/09\/42d41af0-18fd-4e0a-f7fb-42af949b09e3-2048x1365.jpg 2048w\" sizes=\"auto, (max-width: 1024px) 100vw, 1024px\" \/><\/figure>\n\n\n\n<p>La flamante responsable de la E.E.S. N\u00ba15 -Marcela Aguilera- tambi\u00e9n describi\u00f3 a la propuesta \u00abfavorable al estudiantado actual y futuro: una labor para la posteridad\u00bb.<\/p>\n\n\n\n<p>Mar\u00eda Mendoza y Mar\u00eda Chauca, integrantes de la citada instituci\u00f3n, agradecieron \u00abla nueva parada de \u00f3mnibus, con una ubicaci\u00f3n cercana al colegio\u00bb. Resaltaron \u00abla seguridad de contar con un lugar en el que esperar durante las lluvias\u00bb.<\/p>\n\n\n\n<p>Estuvieron los titulares de las carteras de Gobierno -Daniel Dono Leidi-, Obras, Servicios P\u00fablicos, Ambiente y Planificaci\u00f3n Urbana -Diego Trejo-, Educaci\u00f3n -Andrea Digiobani-; y el jefe distrital de Educaci\u00f3n -Alfredo Schveizer-.<\/p>\n","protected":false},"excerpt":{"rendered":"<p>El jefe comunal -Andr\u00e9s Watson- supervis\u00f3 la finalizaci\u00f3n del proyecto vial, realizado con fondos municipales, destinado a optimizar las conexiones vehiculares de la zona y evitar siniestros en el cruce de Ruta Provincial N\u00ba53 con 1505: una bajada de conexi\u00f3n en hormig\u00f3n, colocaci\u00f3n sem\u00e1foros, sendas peatonales, rampas, refugio donde aguardar el transporte p\u00fablico. Tras conversar [&hellip;]<\/p>\n","protected":false},"author":3,"featured_media":29917,"comment_status":"open","ping_status":"open","sticky":false,"template":"","format":"standard","meta":{"_jetpack_memberships_contains_paid_content":false,"footnotes":""},"categories":[6],"tags":[],"class_list":["post-29915","post","type-post","status-publish","format-standard","has-post-thumbnail","hentry","category-florencio-varela"],"yoast_head":"<!-- This site is optimized with the Yoast SEO plugin v27.5 - https:\/\/yoast.com\/product\/yoast-seo-wordpress\/ -->\n<title>Andr\u00e9s Watson present\u00f3 una intervenci\u00f3n integral para el ordenamiento del tr\u00e1nsito en La Capilla - Tres Lineas Noticias<\/title>\n<meta name=\"robots\" content=\"index, follow, max-snippet:-1, max-image-preview:large, max-video-preview:-1\" \/>\n<link rel=\"canonical\" href=\"https:\/\/treslineasnoticias.com.ar\/?p=29915\" \/>\n<meta property=\"og:locale\" content=\"es_ES\" \/>\n<meta property=\"og:type\" content=\"article\" \/>\n<meta property=\"og:title\" content=\"Andr\u00e9s Watson present\u00f3 una intervenci\u00f3n integral para el ordenamiento del tr\u00e1nsito en La Capilla - Tres Lineas Noticias\" \/>\n<meta property=\"og:description\" content=\"El jefe comunal -Andr\u00e9s Watson- supervis\u00f3 la finalizaci\u00f3n del proyecto vial, realizado con fondos municipales, destinado a optimizar las conexiones vehiculares de la zona y evitar siniestros en el cruce de Ruta Provincial N\u00ba53 con 1505: una bajada de conexi\u00f3n en hormig\u00f3n, colocaci\u00f3n sem\u00e1foros, sendas peatonales, rampas, refugio donde aguardar el transporte p\u00fablico. Tras conversar [&hellip;]\" \/>\n<meta property=\"og:url\" content=\"https:\/\/treslineasnoticias.com.ar\/?p=29915\" \/>\n<meta property=\"og:site_name\" content=\"Tres Lineas Noticias\" \/>\n<meta property=\"article:published_time\" content=\"2026-09-05T00:09:00+00:00\" \/>\n<meta property=\"article:modified_time\" content=\"2026-09-06T15:15:50+00:00\" \/>\n<meta property=\"og:image\" content=\"http:\/\/treslineasnoticias.com.ar\/wp-content\/uploads\/2026\/09\/1664d491-78e9-2ae2-ae08-90d71ddd3cb9-scaled.jpg\" \/>\n\t<meta property=\"og:image:width\" content=\"2560\" \/>\n\t<meta property=\"og:image:height\" content=\"1707\" \/>\n\t<meta property=\"og:image:type\" content=\"image\/jpeg\" \/>\n<meta name=\"author\" content=\"Horacio L\u00f3pez\" \/>\n<meta name=\"twitter:card\" content=\"summary_large_image\" \/>\n<meta name=\"twitter:label1\" content=\"Escrito por\" \/>\n\t<meta name=\"twitter:data1\" content=\"Horacio L\u00f3pez\" \/>\n\t<meta name=\"twitter:label2\" content=\"Tiempo de lectura\" \/>\n\t<meta name=\"twitter:data2\" content=\"3 minutos\" \/>\n<script type=\"application\/ld+json\" class=\"yoast-schema-graph\">{\"@context\":\"https:\\\/\\\/schema.org\",\"@graph\":[{\"@type\":\"Article\",\"@id\":\"https:\\\/\\\/treslineasnoticias.com.ar\\\/?p=29915#article\",\"isPartOf\":{\"@id\":\"https:\\\/\\\/treslineasnoticias.com.ar\\\/?p=29915\"},\"author\":{\"name\":\"Horacio L\u00f3pez\",\"@id\":\"https:\\\/\\\/treslineasnoticias.com.ar\\\/#\\\/schema\\\/person\\\/c5f7249e50517b84c2379b145ca14895\"},\"headline\":\"Andr\u00e9s Watson present\u00f3 una intervenci\u00f3n integral para el ordenamiento del tr\u00e1nsito en La Capilla\",\"datePublished\":\"2026-09-05T00:09:00+00:00\",\"dateModified\":\"2026-09-06T15:15:50+00:00\",\"mainEntityOfPage\":{\"@id\":\"https:\\\/\\\/treslineasnoticias.com.ar\\\/?p=29915\"},\"wordCount\":387,\"commentCount\":0,\"image\":{\"@id\":\"https:\\\/\\\/treslineasnoticias.com.ar\\\/?p=29915#primaryimage\"},\"thumbnailUrl\":\"https:\\\/\\\/treslineasnoticias.com.ar\\\/wp-content\\\/uploads\\\/2026\\\/09\\\/1664d491-78e9-2ae2-ae08-90d71ddd3cb9-scaled.jpg\",\"articleSection\":[\"Florencio Varela\"],\"inLanguage\":\"es\",\"potentialAction\":[{\"@type\":\"CommentAction\",\"name\":\"Comment\",\"target\":[\"https:\\\/\\\/treslineasnoticias.com.ar\\\/?p=29915#respond\"]}]},{\"@type\":\"WebPage\",\"@id\":\"https:\\\/\\\/treslineasnoticias.com.ar\\\/?p=29915\",\"url\":\"https:\\\/\\\/treslineasnoticias.com.ar\\\/?p=29915\",\"name\":\"Andr\u00e9s Watson present\u00f3 una intervenci\u00f3n integral para el ordenamiento del tr\u00e1nsito en La Capilla - Tres Lineas Noticias\",\"isPartOf\":{\"@id\":\"https:\\\/\\\/treslineasnoticias.com.ar\\\/#website\"},\"primaryImageOfPage\":{\"@id\":\"https:\\\/\\\/treslineasnoticias.com.ar\\\/?p=29915#primaryimage\"},\"image\":{\"@id\":\"https:\\\/\\\/treslineasnoticias.com.ar\\\/?p=29915#primaryimage\"},\"thumbnailUrl\":\"https:\\\/\\\/treslineasnoticias.com.ar\\\/wp-content\\\/uploads\\\/2026\\\/09\\\/1664d491-78e9-2ae2-ae08-90d71ddd3cb9-scaled.jpg\",\"datePublished\":\"2026-09-05T00:09:00+00:00\",\"dateModified\":\"2026-09-06T15:15:50+00:00\",\"author\":{\"@id\":\"https:\\\/\\\/treslineasnoticias.com.ar\\\/#\\\/schema\\\/person\\\/c5f7249e50517b84c2379b145ca14895\"},\"breadcrumb\":{\"@id\":\"https:\\\/\\\/treslineasnoticias.com.ar\\\/?p=29915#breadcrumb\"},\"inLanguage\":\"es\",\"potentialAction\":[{\"@type\":\"ReadAction\",\"target\":[\"https:\\\/\\\/treslineasnoticias.com.ar\\\/?p=29915\"]}]},{\"@type\":\"ImageObject\",\"inLanguage\":\"es\",\"@id\":\"https:\\\/\\\/treslineasnoticias.com.ar\\\/?p=29915#primaryimage\",\"url\":\"https:\\\/\\\/treslineasnoticias.com.ar\\\/wp-content\\\/uploads\\\/2026\\\/09\\\/1664d491-78e9-2ae2-ae08-90d71ddd3cb9-scaled.jpg\",\"contentUrl\":\"https:\\\/\\\/treslineasnoticias.com.ar\\\/wp-content\\\/uploads\\\/2026\\\/09\\\/1664d491-78e9-2ae2-ae08-90d71ddd3cb9-scaled.jpg\",\"width\":2560,\"height\":1707},{\"@type\":\"BreadcrumbList\",\"@id\":\"https:\\\/\\\/treslineasnoticias.com.ar\\\/?p=29915#breadcrumb\",\"itemListElement\":[{\"@type\":\"ListItem\",\"position\":1,\"name\":\"Portada\",\"item\":\"https:\\\/\\\/treslineasnoticias.com.ar\\\/\"},{\"@type\":\"ListItem\",\"position\":2,\"name\":\"Andr\u00e9s Watson present\u00f3 una intervenci\u00f3n integral para el ordenamiento del tr\u00e1nsito en La Capilla\"}]},{\"@type\":\"WebSite\",\"@id\":\"https:\\\/\\\/treslineasnoticias.com.ar\\\/#website\",\"url\":\"https:\\\/\\\/treslineasnoticias.com.ar\\\/\",\"name\":\"Tres Lineas Noticias\",\"description\":\"\",\"potentialAction\":[{\"@type\":\"SearchAction\",\"target\":{\"@type\":\"EntryPoint\",\"urlTemplate\":\"https:\\\/\\\/treslineasnoticias.com.ar\\\/?s={search_term_string}\"},\"query-input\":{\"@type\":\"PropertyValueSpecification\",\"valueRequired\":true,\"valueName\":\"search_term_string\"}}],\"inLanguage\":\"es\"},{\"@type\":\"Person\",\"@id\":\"https:\\\/\\\/treslineasnoticias.com.ar\\\/#\\\/schema\\\/person\\\/c5f7249e50517b84c2379b145ca14895\",\"name\":\"Horacio L\u00f3pez\",\"image\":{\"@type\":\"ImageObject\",\"inLanguage\":\"es\",\"@id\":\"https:\\\/\\\/treslineasnoticias.com.ar\\\/wp-content\\\/litespeed\\\/avatar\\\/f5a5e9d378b20cf999cb9a940a8324f3.jpg?ver=1788116984\",\"url\":\"https:\\\/\\\/treslineasnoticias.com.ar\\\/wp-content\\\/litespeed\\\/avatar\\\/f5a5e9d378b20cf999cb9a940a8324f3.jpg?ver=1788116984\",\"contentUrl\":\"https:\\\/\\\/treslineasnoticias.com.ar\\\/wp-content\\\/litespeed\\\/avatar\\\/f5a5e9d378b20cf999cb9a940a8324f3.jpg?ver=1788116984\",\"caption\":\"Horacio L\u00f3pez\"},\"sameAs\":[\"http:\\\/\\\/treslineasnoticias.com.ar\"],\"url\":\"https:\\\/\\\/treslineasnoticias.com.ar\\\/?author=3\"}]}<\/script>\n<!-- \/ Yoast SEO plugin. -->","yoast_head_json":{"title":"Andr\u00e9s Watson present\u00f3 una intervenci\u00f3n integral para el ordenamiento del tr\u00e1nsito en La Capilla - Tres Lineas Noticias","robots":{"index":"index","follow":"follow","max-snippet":"max-snippet:-1","max-image-preview":"max-image-preview:large","max-video-preview":"max-video-preview:-1"},"canonical":"https:\/\/treslineasnoticias.com.ar\/?p=29915","og_locale":"es_ES","og_type":"article","og_title":"Andr\u00e9s Watson present\u00f3 una intervenci\u00f3n integral para el ordenamiento del tr\u00e1nsito en La Capilla - Tres Lineas Noticias","og_description":"El jefe comunal -Andr\u00e9s Watson- supervis\u00f3 la finalizaci\u00f3n del proyecto vial, realizado con fondos municipales, destinado a optimizar las conexiones vehiculares de la zona y evitar siniestros en el cruce de Ruta Provincial N\u00ba53 con 1505: una bajada de conexi\u00f3n en hormig\u00f3n, colocaci\u00f3n sem\u00e1foros, sendas peatonales, rampas, refugio donde aguardar el transporte p\u00fablico. Tras conversar [&hellip;]","og_url":"https:\/\/treslineasnoticias.com.ar\/?p=29915","og_site_name":"Tres Lineas Noticias","article_published_time":"2026-09-05T00:09:00+00:00","article_modified_time":"2026-09-06T15:15:50+00:00","og_image":[{"width":2560,"height":1707,"url":"http:\/\/treslineasnoticias.com.ar\/wp-content\/uploads\/2026\/09\/1664d491-78e9-2ae2-ae08-90d71ddd3cb9-scaled.jpg","type":"image\/jpeg"}],"author":"Horacio L\u00f3pez","twitter_card":"summary_large_image","twitter_misc":{"Escrito por":"Horacio L\u00f3pez","Tiempo de lectura":"3 minutos"},"schema":{"@context":"https:\/\/schema.org","@graph":[{"@type":"Article","@id":"https:\/\/treslineasnoticias.com.ar\/?p=29915#article","isPartOf":{"@id":"https:\/\/treslineasnoticias.com.ar\/?p=29915"},"author":{"name":"Horacio L\u00f3pez","@id":"https:\/\/treslineasnoticias.com.ar\/#\/schema\/person\/c5f7249e50517b84c2379b145ca14895"},"headline":"Andr\u00e9s Watson present\u00f3 una intervenci\u00f3n integral para el ordenamiento del tr\u00e1nsito en La Capilla","datePublished":"2026-09-05T00:09:00+00:00","dateModified":"2026-09-06T15:15:50+00:00","mainEntityOfPage":{"@id":"https:\/\/treslineasnoticias.com.ar\/?p=29915"},"wordCount":387,"commentCount":0,"image":{"@id":"https:\/\/treslineasnoticias.com.ar\/?p=29915#primaryimage"},"thumbnailUrl":"https:\/\/treslineasnoticias.com.ar\/wp-content\/uploads\/2026\/09\/1664d491-78e9-2ae2-ae08-90d71ddd3cb9-scaled.jpg","articleSection":["Florencio Varela"],"inLanguage":"es","potentialAction":[{"@type":"CommentAction","name":"Comment","target":["https:\/\/treslineasnoticias.com.ar\/?p=29915#respond"]}]},{"@type":"WebPage","@id":"https:\/\/treslineasnoticias.com.ar\/?p=29915","url":"https:\/\/treslineasnoticias.com.ar\/?p=29915","name":"Andr\u00e9s Watson present\u00f3 una intervenci\u00f3n integral para el ordenamiento del tr\u00e1nsito en La Capilla - Tres Lineas Noticias","isPartOf":{"@id":"https:\/\/treslineasnoticias.com.ar\/#website"},"primaryImageOfPage":{"@id":"https:\/\/treslineasnoticias.com.ar\/?p=29915#primaryimage"},"image":{"@id":"https:\/\/treslineasnoticias.com.ar\/?p=29915#primaryimage"},"thumbnailUrl":"https:\/\/treslineasnoticias.com.ar\/wp-content\/uploads\/2026\/09\/1664d491-78e9-2ae2-ae08-90d71ddd3cb9-scaled.jpg","datePublished":"2026-09-05T00:09:00+00:00","dateModified":"2026-09-06T15:15:50+00:00","author":{"@id":"https:\/\/treslineasnoticias.com.ar\/#\/schema\/person\/c5f7249e50517b84c2379b145ca14895"},"breadcrumb":{"@id":"https:\/\/treslineasnoticias.com.ar\/?p=29915#breadcrumb"},"inLanguage":"es","potentialAction":[{"@type":"ReadAction","target":["https:\/\/treslineasnoticias.com.ar\/?p=29915"]}]},{"@type":"ImageObject","inLanguage":"es","@id":"https:\/\/treslineasnoticias.com.ar\/?p=29915#primaryimage","url":"https:\/\/treslineasnoticias.com.ar\/wp-content\/uploads\/2026\/09\/1664d491-78e9-2ae2-ae08-90d71ddd3cb9-scaled.jpg","contentUrl":"https:\/\/treslineasnoticias.com.ar\/wp-content\/uploads\/2026\/09\/1664d491-78e9-2ae2-ae08-90d71ddd3cb9-scaled.jpg","width":2560,"height":1707},{"@type":"BreadcrumbList","@id":"https:\/\/treslineasnoticias.com.ar\/?p=29915#breadcrumb","itemListElement":[{"@type":"ListItem","position":1,"name":"Portada","item":"https:\/\/treslineasnoticias.com.ar\/"},{"@type":"ListItem","position":2,"name":"Andr\u00e9s Watson present\u00f3 una intervenci\u00f3n integral para el ordenamiento del tr\u00e1nsito en La Capilla"}]},{"@type":"WebSite","@id":"https:\/\/treslineasnoticias.com.ar\/#website","url":"https:\/\/treslineasnoticias.com.ar\/","name":"Tres Lineas Noticias","description":"","potentialAction":[{"@type":"SearchAction","target":{"@type":"EntryPoint","urlTemplate":"https:\/\/treslineasnoticias.com.ar\/?s={search_term_string}"},"query-input":{"@type":"PropertyValueSpecification","valueRequired":true,"valueName":"search_term_string"}}],"inLanguage":"es"},{"@type":"Person","@id":"https:\/\/treslineasnoticias.com.ar\/#\/schema\/person\/c5f7249e50517b84c2379b145ca14895","name":"Horacio L\u00f3pez","image":{"@type":"ImageObject","inLanguage":"es","@id":"https:\/\/treslineasnoticias.com.ar\/wp-content\/litespeed\/avatar\/f5a5e9d378b20cf999cb9a940a8324f3.jpg?ver=1788116984","url":"https:\/\/treslineasnoticias.com.ar\/wp-content\/litespeed\/avatar\/f5a5e9d378b20cf999cb9a940a8324f3.jpg?ver=1788116984","contentUrl":"https:\/\/treslineasnoticias.com.ar\/wp-content\/litespeed\/avatar\/f5a5e9d378b20cf999cb9a940a8324f3.jpg?ver=1788116984","caption":"Horacio L\u00f3pez"},"sameAs":["http:\/\/treslineasnoticias.com.ar"],"url":"https:\/\/treslineasnoticias.com.ar\/?author=3"}]}},"jetpack_featured_media_url":"https:\/\/treslineasnoticias.com.ar\/wp-content\/uploads\/2026\/09\/1664d491-78e9-2ae2-ae08-90d71ddd3cb9-scaled.jpg","jetpack_sharing_enabled":true,"_links":{"self":[{"href":"https:\/\/treslineasnoticias.com.ar\/index.php?rest_route=\/wp\/v2\/posts\/29915","targetHints":{"allow":["GET"]}}],"collection":[{"href":"https:\/\/treslineasnoticias.com.ar\/index.php?rest_route=\/wp\/v2\/posts"}],"about":[{"href":"https:\/\/treslineasnoticias.com.ar\/index.php?rest_route=\/wp\/v2\/types\/post"}],"author":[{"embeddable":true,"href":"https:\/\/treslineasnoticias.com.ar\/index.php?rest_route=\/wp\/v2\/users\/3"}],"replies":[{"embeddable":true,"href":"https:\/\/treslineasnoticias.com.ar\/index.php?rest_route=%2Fwp%2Fv2%2Fcomments&post=29915"}],"version-history":[{"count":1,"href":"https:\/\/treslineasnoticias.com.ar\/index.php?rest_route=\/wp\/v2\/posts\/29915\/revisions"}],"predecessor-version":[{"id":29919,"href":"https:\/\/treslineasnoticias.com.ar\/index.php?rest_route=\/wp\/v2\/posts\/29915\/revisions\/29919"}],"wp:featuredmedia":[{"embeddable":true,"href":"https:\/\/treslineasnoticias.com.ar\/index.php?rest_route=\/wp\/v2\/media\/29917"}],"wp:attachment":[{"href":"https:\/\/treslineasnoticias.com.ar\/index.php?rest_route=%2Fwp%2Fv2%2Fmedia&parent=29915"}],"wp:term":[{"taxonomy":"category","embeddable":true,"href":"https:\/\/treslineasnoticias.com.ar\/index.php?rest_route=%2Fwp%2Fv2%2Fcategories&post=29915"},{"taxonomy":"post_tag","embeddable":true,"href":"https:\/\/treslineasnoticias.com.ar\/index.php?rest_route=%2Fwp%2Fv2%2Ftags&post=29915"}],"curies":[{"name":"wp","href":"https:\/\/api.w.org\/{rel}","templated":true}]}}