{"id":29920,"date":"2026-09-04T21:16:00","date_gmt":"2026-09-05T00:16:00","guid":{"rendered":"https:\/\/treslineasnoticias.com.ar\/?p=29920"},"modified":"2026-09-06T12:20:41","modified_gmt":"2026-09-06T15:20:41","slug":"los-ninos-y-las-ninas-de-la-primaria-no8-protagonistas-de-una-jornada-de-salud-en-la-escuela","status":"publish","type":"post","link":"https:\/\/treslineasnoticias.com.ar\/?p=29920","title":{"rendered":"Los ni\u00f1os y las ni\u00f1as de la Primaria N\u00ba8, protagonistas de una jornada de salud en la escuela"},"content":{"rendered":"\n<p><strong><em>El establecimiento ubicado en Ruta Provincial N\u00ba53 y calle 1648 (El Tropez\u00f3n) integr\u00f3 la estrategia impulsada por el Municipio junto al Ejecutivo bonaerense para desplegar chequeos m\u00e9dicos destinados a las y los estudiantes.<\/em><\/strong><\/p>\n\n\n\n<p>La secretaria de sanidad en la Comuna, Adriana Alonso, explic\u00f3 \u201cla concreci\u00f3n de un convenio entre los estamentos a cargo del intendente Andr\u00e9s Watson y el gobernador Axel Kicillof que acerc\u00f3 diversas prestaciones sin costo para el cuidado de las infancias\u201d.<\/p>\n\n\n\n<figure class=\"wp-block-image size-large\"><img loading=\"lazy\" decoding=\"async\" width=\"1024\" height=\"683\" src=\"http:\/\/treslineasnoticias.com.ar\/wp-content\/uploads\/2026\/09\/6f20b80b-a956-5a90-393a-ac10ca0f9b13-1024x683.jpg\" alt=\"\" class=\"wp-image-29923\" srcset=\"https:\/\/treslineasnoticias.com.ar\/wp-content\/uploads\/2026\/09\/6f20b80b-a956-5a90-393a-ac10ca0f9b13-1024x683.jpg 1024w, https:\/\/treslineasnoticias.com.ar\/wp-content\/uploads\/2026\/09\/6f20b80b-a956-5a90-393a-ac10ca0f9b13-300x200.jpg 300w, https:\/\/treslineasnoticias.com.ar\/wp-content\/uploads\/2026\/09\/6f20b80b-a956-5a90-393a-ac10ca0f9b13-768x512.jpg 768w, https:\/\/treslineasnoticias.com.ar\/wp-content\/uploads\/2026\/09\/6f20b80b-a956-5a90-393a-ac10ca0f9b13-1536x1024.jpg 1536w, https:\/\/treslineasnoticias.com.ar\/wp-content\/uploads\/2026\/09\/6f20b80b-a956-5a90-393a-ac10ca0f9b13-2048x1365.jpg 2048w\" sizes=\"auto, (max-width: 1024px) 100vw, 1024px\" \/><\/figure>\n\n\n\n<p>\u201cUna iniciativa que fue posible por el compromiso de los directivos en garantizar la din\u00e1mica en las instalaciones, como tambi\u00e9n de la comunidad por informarse entre familias y asegurar la ejecuci\u00f3n de un dispositivo indispensable en la temprana edad\u201d, detall\u00f3 la funcionaria.<\/p>\n\n\n\n<p>Su par en Educaci\u00f3n, Andrea Digiobani, sum\u00f3 \u201cun complemento a la jornada: un taller para concientizar respecto al uso responsable de los celulares o los tiempos en la pantalla\u201d. \u201cEn paralelo, alentaron a leer libros: imprescindible en la ense\u00f1anza y la alfabetizaci\u00f3n\u201d, especific\u00f3.<\/p>\n\n\n\n<p>Los controles contemplaron odontolog\u00eda, oftalmolog\u00eda, observaci\u00f3n cl\u00ednica, charlas sobre dengue y apropiado lavado de manos.<\/p>\n\n\n\n<p>Emilce Luj\u00e1n llev\u00f3 a Aitana y tom\u00f3 nota de cada consejo brindado por especialistas. \u201cMe asesor\u00f3 la dentista\u201d, indic\u00f3. La vecina radicada en las inmediaciones apreci\u00f3 \u201cla ventaja de contar con una oportunidad de saber su estado completo de salud de una forma muy accesible\u201d.<\/p>\n\n\n\n<figure class=\"wp-block-image size-large\"><img loading=\"lazy\" decoding=\"async\" width=\"1024\" height=\"683\" src=\"http:\/\/treslineasnoticias.com.ar\/wp-content\/uploads\/2026\/09\/d9ede97a-365a-29e7-1275-56578b5c8340-1024x683.jpg\" alt=\"\" class=\"wp-image-29921\" srcset=\"https:\/\/treslineasnoticias.com.ar\/wp-content\/uploads\/2026\/09\/d9ede97a-365a-29e7-1275-56578b5c8340-1024x683.jpg 1024w, https:\/\/treslineasnoticias.com.ar\/wp-content\/uploads\/2026\/09\/d9ede97a-365a-29e7-1275-56578b5c8340-300x200.jpg 300w, https:\/\/treslineasnoticias.com.ar\/wp-content\/uploads\/2026\/09\/d9ede97a-365a-29e7-1275-56578b5c8340-768x512.jpg 768w, https:\/\/treslineasnoticias.com.ar\/wp-content\/uploads\/2026\/09\/d9ede97a-365a-29e7-1275-56578b5c8340-1536x1024.jpg 1536w, https:\/\/treslineasnoticias.com.ar\/wp-content\/uploads\/2026\/09\/d9ede97a-365a-29e7-1275-56578b5c8340-2048x1366.jpg 2048w\" sizes=\"auto, (max-width: 1024px) 100vw, 1024px\" \/><\/figure>\n\n\n\n<p>Ariela Espinoza, mam\u00e1 de Francisco, destac\u00f3 \u201cel buen trato y la rapidez en comparaci\u00f3n con otros lugares donde otorgaban un turno mucho tiempo despu\u00e9s\u201d. \u201cFue una sorpresa cuando me enter\u00e9 de la fecha. Por suerte, sali\u00f3 todo bien\u201d, expres\u00f3 la frentista oriunda de la zona.<\/p>\n\n\n\n<p>Mar\u00eda Rodr\u00edguez narr\u00f3 el circuito por el que acompa\u00f1\u00f3 a su peque\u00f1a Ail\u00edn. \u201cEmpezamos con la revisi\u00f3n de sus ojos en el oculista; luego, la pediatra y, finalmente, a ver sus dientitos. Estuvieron espectaculares los ex\u00e1menes\u201d, manifest\u00f3.<\/p>\n","protected":false},"excerpt":{"rendered":"<p>El establecimiento ubicado en Ruta Provincial N\u00ba53 y calle 1648 (El Tropez\u00f3n) integr\u00f3 la estrategia impulsada por el Municipio junto al Ejecutivo bonaerense para desplegar chequeos m\u00e9dicos destinados a las y los estudiantes. La secretaria de sanidad en la Comuna, Adriana Alonso, explic\u00f3 \u201cla concreci\u00f3n de un convenio entre los estamentos a cargo del intendente [&hellip;]<\/p>\n","protected":false},"author":3,"featured_media":29924,"comment_status":"open","ping_status":"open","sticky":false,"template":"","format":"standard","meta":{"_jetpack_memberships_contains_paid_content":false,"footnotes":""},"categories":[6],"tags":[],"class_list":["post-29920","post","type-post","status-publish","format-standard","has-post-thumbnail","hentry","category-florencio-varela"],"yoast_head":"<!-- This site is optimized with the Yoast SEO plugin v27.5 - https:\/\/yoast.com\/product\/yoast-seo-wordpress\/ -->\n<title>Los ni\u00f1os y las ni\u00f1as de la Primaria N\u00ba8, protagonistas de una jornada de salud en la escuela - Tres Lineas Noticias<\/title>\n<meta name=\"robots\" content=\"index, follow, max-snippet:-1, max-image-preview:large, max-video-preview:-1\" \/>\n<link rel=\"canonical\" href=\"https:\/\/treslineasnoticias.com.ar\/?p=29920\" \/>\n<meta property=\"og:locale\" content=\"es_ES\" \/>\n<meta property=\"og:type\" content=\"article\" \/>\n<meta property=\"og:title\" content=\"Los ni\u00f1os y las ni\u00f1as de la Primaria N\u00ba8, protagonistas de una jornada de salud en la escuela - Tres Lineas Noticias\" \/>\n<meta property=\"og:description\" content=\"El establecimiento ubicado en Ruta Provincial N\u00ba53 y calle 1648 (El Tropez\u00f3n) integr\u00f3 la estrategia impulsada por el Municipio junto al Ejecutivo bonaerense para desplegar chequeos m\u00e9dicos destinados a las y los estudiantes. La secretaria de sanidad en la Comuna, Adriana Alonso, explic\u00f3 \u201cla concreci\u00f3n de un convenio entre los estamentos a cargo del intendente [&hellip;]\" \/>\n<meta property=\"og:url\" content=\"https:\/\/treslineasnoticias.com.ar\/?p=29920\" \/>\n<meta property=\"og:site_name\" content=\"Tres Lineas Noticias\" \/>\n<meta property=\"article:published_time\" content=\"2026-09-05T00:16:00+00:00\" \/>\n<meta property=\"article:modified_time\" content=\"2026-09-06T15:20:41+00:00\" \/>\n<meta property=\"og:image\" content=\"http:\/\/treslineasnoticias.com.ar\/wp-content\/uploads\/2026\/09\/a890879c-6a40-4753-0637-8e4f827435f5-scaled.jpg\" \/>\n\t<meta property=\"og:image:width\" content=\"2560\" \/>\n\t<meta property=\"og:image:height\" content=\"1707\" \/>\n\t<meta property=\"og:image:type\" content=\"image\/jpeg\" \/>\n<meta name=\"author\" content=\"Horacio L\u00f3pez\" \/>\n<meta name=\"twitter:card\" content=\"summary_large_image\" \/>\n<meta name=\"twitter:label1\" content=\"Escrito por\" \/>\n\t<meta name=\"twitter:data1\" content=\"Horacio L\u00f3pez\" \/>\n\t<meta name=\"twitter:label2\" content=\"Tiempo de lectura\" \/>\n\t<meta name=\"twitter:data2\" content=\"2 minutos\" \/>\n<script type=\"application\/ld+json\" class=\"yoast-schema-graph\">{\"@context\":\"https:\\\/\\\/schema.org\",\"@graph\":[{\"@type\":\"Article\",\"@id\":\"https:\\\/\\\/treslineasnoticias.com.ar\\\/?p=29920#article\",\"isPartOf\":{\"@id\":\"https:\\\/\\\/treslineasnoticias.com.ar\\\/?p=29920\"},\"author\":{\"name\":\"Horacio L\u00f3pez\",\"@id\":\"https:\\\/\\\/treslineasnoticias.com.ar\\\/#\\\/schema\\\/person\\\/c5f7249e50517b84c2379b145ca14895\"},\"headline\":\"Los ni\u00f1os y las ni\u00f1as de la Primaria N\u00ba8, protagonistas de una jornada de salud en la escuela\",\"datePublished\":\"2026-09-05T00:16:00+00:00\",\"dateModified\":\"2026-09-06T15:20:41+00:00\",\"mainEntityOfPage\":{\"@id\":\"https:\\\/\\\/treslineasnoticias.com.ar\\\/?p=29920\"},\"wordCount\":343,\"commentCount\":0,\"image\":{\"@id\":\"https:\\\/\\\/treslineasnoticias.com.ar\\\/?p=29920#primaryimage\"},\"thumbnailUrl\":\"https:\\\/\\\/treslineasnoticias.com.ar\\\/wp-content\\\/uploads\\\/2026\\\/09\\\/a890879c-6a40-4753-0637-8e4f827435f5-scaled.jpg\",\"articleSection\":[\"Florencio Varela\"],\"inLanguage\":\"es\",\"potentialAction\":[{\"@type\":\"CommentAction\",\"name\":\"Comment\",\"target\":[\"https:\\\/\\\/treslineasnoticias.com.ar\\\/?p=29920#respond\"]}]},{\"@type\":\"WebPage\",\"@id\":\"https:\\\/\\\/treslineasnoticias.com.ar\\\/?p=29920\",\"url\":\"https:\\\/\\\/treslineasnoticias.com.ar\\\/?p=29920\",\"name\":\"Los ni\u00f1os y las ni\u00f1as de la Primaria N\u00ba8, protagonistas de una jornada de salud en la escuela - Tres Lineas Noticias\",\"isPartOf\":{\"@id\":\"https:\\\/\\\/treslineasnoticias.com.ar\\\/#website\"},\"primaryImageOfPage\":{\"@id\":\"https:\\\/\\\/treslineasnoticias.com.ar\\\/?p=29920#primaryimage\"},\"image\":{\"@id\":\"https:\\\/\\\/treslineasnoticias.com.ar\\\/?p=29920#primaryimage\"},\"thumbnailUrl\":\"https:\\\/\\\/treslineasnoticias.com.ar\\\/wp-content\\\/uploads\\\/2026\\\/09\\\/a890879c-6a40-4753-0637-8e4f827435f5-scaled.jpg\",\"datePublished\":\"2026-09-05T00:16:00+00:00\",\"dateModified\":\"2026-09-06T15:20:41+00:00\",\"author\":{\"@id\":\"https:\\\/\\\/treslineasnoticias.com.ar\\\/#\\\/schema\\\/person\\\/c5f7249e50517b84c2379b145ca14895\"},\"breadcrumb\":{\"@id\":\"https:\\\/\\\/treslineasnoticias.com.ar\\\/?p=29920#breadcrumb\"},\"inLanguage\":\"es\",\"potentialAction\":[{\"@type\":\"ReadAction\",\"target\":[\"https:\\\/\\\/treslineasnoticias.com.ar\\\/?p=29920\"]}]},{\"@type\":\"ImageObject\",\"inLanguage\":\"es\",\"@id\":\"https:\\\/\\\/treslineasnoticias.com.ar\\\/?p=29920#primaryimage\",\"url\":\"https:\\\/\\\/treslineasnoticias.com.ar\\\/wp-content\\\/uploads\\\/2026\\\/09\\\/a890879c-6a40-4753-0637-8e4f827435f5-scaled.jpg\",\"contentUrl\":\"https:\\\/\\\/treslineasnoticias.com.ar\\\/wp-content\\\/uploads\\\/2026\\\/09\\\/a890879c-6a40-4753-0637-8e4f827435f5-scaled.jpg\",\"width\":2560,\"height\":1707},{\"@type\":\"BreadcrumbList\",\"@id\":\"https:\\\/\\\/treslineasnoticias.com.ar\\\/?p=29920#breadcrumb\",\"itemListElement\":[{\"@type\":\"ListItem\",\"position\":1,\"name\":\"Portada\",\"item\":\"https:\\\/\\\/treslineasnoticias.com.ar\\\/\"},{\"@type\":\"ListItem\",\"position\":2,\"name\":\"Los ni\u00f1os y las ni\u00f1as de la Primaria N\u00ba8, protagonistas de una jornada de salud en la escuela\"}]},{\"@type\":\"WebSite\",\"@id\":\"https:\\\/\\\/treslineasnoticias.com.ar\\\/#website\",\"url\":\"https:\\\/\\\/treslineasnoticias.com.ar\\\/\",\"name\":\"Tres Lineas Noticias\",\"description\":\"\",\"potentialAction\":[{\"@type\":\"SearchAction\",\"target\":{\"@type\":\"EntryPoint\",\"urlTemplate\":\"https:\\\/\\\/treslineasnoticias.com.ar\\\/?s={search_term_string}\"},\"query-input\":{\"@type\":\"PropertyValueSpecification\",\"valueRequired\":true,\"valueName\":\"search_term_string\"}}],\"inLanguage\":\"es\"},{\"@type\":\"Person\",\"@id\":\"https:\\\/\\\/treslineasnoticias.com.ar\\\/#\\\/schema\\\/person\\\/c5f7249e50517b84c2379b145ca14895\",\"name\":\"Horacio L\u00f3pez\",\"image\":{\"@type\":\"ImageObject\",\"inLanguage\":\"es\",\"@id\":\"https:\\\/\\\/treslineasnoticias.com.ar\\\/wp-content\\\/litespeed\\\/avatar\\\/f5a5e9d378b20cf999cb9a940a8324f3.jpg?ver=1788116984\",\"url\":\"https:\\\/\\\/treslineasnoticias.com.ar\\\/wp-content\\\/litespeed\\\/avatar\\\/f5a5e9d378b20cf999cb9a940a8324f3.jpg?ver=1788116984\",\"contentUrl\":\"https:\\\/\\\/treslineasnoticias.com.ar\\\/wp-content\\\/litespeed\\\/avatar\\\/f5a5e9d378b20cf999cb9a940a8324f3.jpg?ver=1788116984\",\"caption\":\"Horacio L\u00f3pez\"},\"sameAs\":[\"http:\\\/\\\/treslineasnoticias.com.ar\"],\"url\":\"https:\\\/\\\/treslineasnoticias.com.ar\\\/?author=3\"}]}<\/script>\n<!-- \/ Yoast SEO plugin. -->","yoast_head_json":{"title":"Los ni\u00f1os y las ni\u00f1as de la Primaria N\u00ba8, protagonistas de una jornada de salud en la escuela - Tres Lineas Noticias","robots":{"index":"index","follow":"follow","max-snippet":"max-snippet:-1","max-image-preview":"max-image-preview:large","max-video-preview":"max-video-preview:-1"},"canonical":"https:\/\/treslineasnoticias.com.ar\/?p=29920","og_locale":"es_ES","og_type":"article","og_title":"Los ni\u00f1os y las ni\u00f1as de la Primaria N\u00ba8, protagonistas de una jornada de salud en la escuela - Tres Lineas Noticias","og_description":"El establecimiento ubicado en Ruta Provincial N\u00ba53 y calle 1648 (El Tropez\u00f3n) integr\u00f3 la estrategia impulsada por el Municipio junto al Ejecutivo bonaerense para desplegar chequeos m\u00e9dicos destinados a las y los estudiantes. La secretaria de sanidad en la Comuna, Adriana Alonso, explic\u00f3 \u201cla concreci\u00f3n de un convenio entre los estamentos a cargo del intendente [&hellip;]","og_url":"https:\/\/treslineasnoticias.com.ar\/?p=29920","og_site_name":"Tres Lineas Noticias","article_published_time":"2026-09-05T00:16:00+00:00","article_modified_time":"2026-09-06T15:20:41+00:00","og_image":[{"width":2560,"height":1707,"url":"http:\/\/treslineasnoticias.com.ar\/wp-content\/uploads\/2026\/09\/a890879c-6a40-4753-0637-8e4f827435f5-scaled.jpg","type":"image\/jpeg"}],"author":"Horacio L\u00f3pez","twitter_card":"summary_large_image","twitter_misc":{"Escrito por":"Horacio L\u00f3pez","Tiempo de lectura":"2 minutos"},"schema":{"@context":"https:\/\/schema.org","@graph":[{"@type":"Article","@id":"https:\/\/treslineasnoticias.com.ar\/?p=29920#article","isPartOf":{"@id":"https:\/\/treslineasnoticias.com.ar\/?p=29920"},"author":{"name":"Horacio L\u00f3pez","@id":"https:\/\/treslineasnoticias.com.ar\/#\/schema\/person\/c5f7249e50517b84c2379b145ca14895"},"headline":"Los ni\u00f1os y las ni\u00f1as de la Primaria N\u00ba8, protagonistas de una jornada de salud en la escuela","datePublished":"2026-09-05T00:16:00+00:00","dateModified":"2026-09-06T15:20:41+00:00","mainEntityOfPage":{"@id":"https:\/\/treslineasnoticias.com.ar\/?p=29920"},"wordCount":343,"commentCount":0,"image":{"@id":"https:\/\/treslineasnoticias.com.ar\/?p=29920#primaryimage"},"thumbnailUrl":"https:\/\/treslineasnoticias.com.ar\/wp-content\/uploads\/2026\/09\/a890879c-6a40-4753-0637-8e4f827435f5-scaled.jpg","articleSection":["Florencio Varela"],"inLanguage":"es","potentialAction":[{"@type":"CommentAction","name":"Comment","target":["https:\/\/treslineasnoticias.com.ar\/?p=29920#respond"]}]},{"@type":"WebPage","@id":"https:\/\/treslineasnoticias.com.ar\/?p=29920","url":"https:\/\/treslineasnoticias.com.ar\/?p=29920","name":"Los ni\u00f1os y las ni\u00f1as de la Primaria N\u00ba8, protagonistas de una jornada de salud en la escuela - Tres Lineas Noticias","isPartOf":{"@id":"https:\/\/treslineasnoticias.com.ar\/#website"},"primaryImageOfPage":{"@id":"https:\/\/treslineasnoticias.com.ar\/?p=29920#primaryimage"},"image":{"@id":"https:\/\/treslineasnoticias.com.ar\/?p=29920#primaryimage"},"thumbnailUrl":"https:\/\/treslineasnoticias.com.ar\/wp-content\/uploads\/2026\/09\/a890879c-6a40-4753-0637-8e4f827435f5-scaled.jpg","datePublished":"2026-09-05T00:16:00+00:00","dateModified":"2026-09-06T15:20:41+00:00","author":{"@id":"https:\/\/treslineasnoticias.com.ar\/#\/schema\/person\/c5f7249e50517b84c2379b145ca14895"},"breadcrumb":{"@id":"https:\/\/treslineasnoticias.com.ar\/?p=29920#breadcrumb"},"inLanguage":"es","potentialAction":[{"@type":"ReadAction","target":["https:\/\/treslineasnoticias.com.ar\/?p=29920"]}]},{"@type":"ImageObject","inLanguage":"es","@id":"https:\/\/treslineasnoticias.com.ar\/?p=29920#primaryimage","url":"https:\/\/treslineasnoticias.com.ar\/wp-content\/uploads\/2026\/09\/a890879c-6a40-4753-0637-8e4f827435f5-scaled.jpg","contentUrl":"https:\/\/treslineasnoticias.com.ar\/wp-content\/uploads\/2026\/09\/a890879c-6a40-4753-0637-8e4f827435f5-scaled.jpg","width":2560,"height":1707},{"@type":"BreadcrumbList","@id":"https:\/\/treslineasnoticias.com.ar\/?p=29920#breadcrumb","itemListElement":[{"@type":"ListItem","position":1,"name":"Portada","item":"https:\/\/treslineasnoticias.com.ar\/"},{"@type":"ListItem","position":2,"name":"Los ni\u00f1os y las ni\u00f1as de la Primaria N\u00ba8, protagonistas de una jornada de salud en la escuela"}]},{"@type":"WebSite","@id":"https:\/\/treslineasnoticias.com.ar\/#website","url":"https:\/\/treslineasnoticias.com.ar\/","name":"Tres Lineas Noticias","description":"","potentialAction":[{"@type":"SearchAction","target":{"@type":"EntryPoint","urlTemplate":"https:\/\/treslineasnoticias.com.ar\/?s={search_term_string}"},"query-input":{"@type":"PropertyValueSpecification","valueRequired":true,"valueName":"search_term_string"}}],"inLanguage":"es"},{"@type":"Person","@id":"https:\/\/treslineasnoticias.com.ar\/#\/schema\/person\/c5f7249e50517b84c2379b145ca14895","name":"Horacio L\u00f3pez","image":{"@type":"ImageObject","inLanguage":"es","@id":"https:\/\/treslineasnoticias.com.ar\/wp-content\/litespeed\/avatar\/f5a5e9d378b20cf999cb9a940a8324f3.jpg?ver=1788116984","url":"https:\/\/treslineasnoticias.com.ar\/wp-content\/litespeed\/avatar\/f5a5e9d378b20cf999cb9a940a8324f3.jpg?ver=1788116984","contentUrl":"https:\/\/treslineasnoticias.com.ar\/wp-content\/litespeed\/avatar\/f5a5e9d378b20cf999cb9a940a8324f3.jpg?ver=1788116984","caption":"Horacio L\u00f3pez"},"sameAs":["http:\/\/treslineasnoticias.com.ar"],"url":"https:\/\/treslineasnoticias.com.ar\/?author=3"}]}},"jetpack_featured_media_url":"https:\/\/treslineasnoticias.com.ar\/wp-content\/uploads\/2026\/09\/a890879c-6a40-4753-0637-8e4f827435f5-scaled.jpg","jetpack_sharing_enabled":true,"_links":{"self":[{"href":"https:\/\/treslineasnoticias.com.ar\/index.php?rest_route=\/wp\/v2\/posts\/29920","targetHints":{"allow":["GET"]}}],"collection":[{"href":"https:\/\/treslineasnoticias.com.ar\/index.php?rest_route=\/wp\/v2\/posts"}],"about":[{"href":"https:\/\/treslineasnoticias.com.ar\/index.php?rest_route=\/wp\/v2\/types\/post"}],"author":[{"embeddable":true,"href":"https:\/\/treslineasnoticias.com.ar\/index.php?rest_route=\/wp\/v2\/users\/3"}],"replies":[{"embeddable":true,"href":"https:\/\/treslineasnoticias.com.ar\/index.php?rest_route=%2Fwp%2Fv2%2Fcomments&post=29920"}],"version-history":[{"count":1,"href":"https:\/\/treslineasnoticias.com.ar\/index.php?rest_route=\/wp\/v2\/posts\/29920\/revisions"}],"predecessor-version":[{"id":29925,"href":"https:\/\/treslineasnoticias.com.ar\/index.php?rest_route=\/wp\/v2\/posts\/29920\/revisions\/29925"}],"wp:featuredmedia":[{"embeddable":true,"href":"https:\/\/treslineasnoticias.com.ar\/index.php?rest_route=\/wp\/v2\/media\/29924"}],"wp:attachment":[{"href":"https:\/\/treslineasnoticias.com.ar\/index.php?rest_route=%2Fwp%2Fv2%2Fmedia&parent=29920"}],"wp:term":[{"taxonomy":"category","embeddable":true,"href":"https:\/\/treslineasnoticias.com.ar\/index.php?rest_route=%2Fwp%2Fv2%2Fcategories&post=29920"},{"taxonomy":"post_tag","embeddable":true,"href":"https:\/\/treslineasnoticias.com.ar\/index.php?rest_route=%2Fwp%2Fv2%2Ftags&post=29920"}],"curies":[{"name":"wp","href":"https:\/\/api.w.org\/{rel}","templated":true}]}}