{"id":29926,"date":"2026-09-06T07:24:00","date_gmt":"2026-09-06T10:24:00","guid":{"rendered":"https:\/\/treslineasnoticias.com.ar\/?p=29926"},"modified":"2026-09-06T12:55:36","modified_gmt":"2026-09-06T15:55:36","slug":"la-inaccion-del-gobierno-milei-y-del-ministro-desregulador-sturzenegger-le-costara-al-estado-us10-millones-en-honorarios-a-abogados-de-cfk","status":"publish","type":"post","link":"https:\/\/treslineasnoticias.com.ar\/?p=29926","title":{"rendered":"La inacci\u00f3n del gobierno (MILEI) y del ministro desregulador (Sturzenegger) le costar\u00e1 al Estado U$S10 millones en honorarios a abogados de CFK"},"content":{"rendered":"\n<p><strong><em>El Estado deber\u00e1 pagar casi 10 millones de d\u00f3lares a los abogados de Cristina Kirchner y otros acusados. Desde Vialidad se dej\u00f3 caer un juicio civil contra la expresidenta, por lo que el Estado lo perdi\u00f3 y la Corte Suprema definir\u00e1 si se le abonar\u00e1n los honorarios establecidos a los abogados de la expresidenta y el resto de acusados.<\/em><\/strong><\/p>\n\n\n\n<figure class=\"wp-block-image size-large\"><img loading=\"lazy\" decoding=\"async\" width=\"1024\" height=\"683\" src=\"http:\/\/treslineasnoticias.com.ar\/wp-content\/uploads\/2026\/09\/las-acciones-de-cristina-kirchner-lograron-J4T6ODMQCZHRTCN7L4I7IH22QA-1024x683.jpg\" alt=\"\" class=\"wp-image-29930\" srcset=\"https:\/\/treslineasnoticias.com.ar\/wp-content\/uploads\/2026\/09\/las-acciones-de-cristina-kirchner-lograron-J4T6ODMQCZHRTCN7L4I7IH22QA-1024x683.jpg 1024w, https:\/\/treslineasnoticias.com.ar\/wp-content\/uploads\/2026\/09\/las-acciones-de-cristina-kirchner-lograron-J4T6ODMQCZHRTCN7L4I7IH22QA-300x200.jpg 300w, https:\/\/treslineasnoticias.com.ar\/wp-content\/uploads\/2026\/09\/las-acciones-de-cristina-kirchner-lograron-J4T6ODMQCZHRTCN7L4I7IH22QA-768x512.jpg 768w, https:\/\/treslineasnoticias.com.ar\/wp-content\/uploads\/2026\/09\/las-acciones-de-cristina-kirchner-lograron-J4T6ODMQCZHRTCN7L4I7IH22QA.jpg 1200w\" sizes=\"auto, (max-width: 1024px) 100vw, 1024px\" \/><\/figure>\n\n\n\n<p>Tras perder un juicio civil, el Estado deber\u00e1 pagar\u00a0<strong>casi 10 millones de d\u00f3lares<\/strong>\u00a0en honorarios para los abogados de\u00a0<strong>Cristina Kirchner\u00a0<\/strong>y los del resto de los acusados de la causa vialidad\u00a0en un momento donde la Justicia a\u00fan\u00a0no logr\u00f3 decomisar nada de los\u00a0<strong>587 millones de d\u00f3lares<\/strong>\u00a0que debe pagar la exmandataria por su condena.<\/p>\n\n\n\n<p>Debido a que Vialidad Nacional&nbsp;dej\u00f3 caer la causa civil, dado que no continu\u00f3 con el reclamo, la&nbsp;<strong>Sala III de la C\u00e1mara Civil y Comercial Federal<\/strong>&nbsp;le dio lugar a la \u00abcaducidad de la instancia\u00bb y&nbsp;<strong>dio por terminado el juicio<\/strong>. Acto seguido, la Justicia calcul\u00f3 los honorarios que el Estado le debe pagar a los abogados que ganaron en este juicio civil.<\/p>\n\n\n\n<p>En un \u00faltimo intento por evitar el pago, desde\u00a0Vialidad Nacional\u00a0\u00a0se present\u00f3 un\u00a0<strong>recurso de queja<\/strong>\u00a0ante la\u00a0<strong>Corte Suprema<\/strong>, entidad que deber\u00e1 resolver si revierte la decisi\u00f3n o si se confirma que el Estado dej\u00f3 caer el juicio, teniendo en cuenta la\u00a0<strong>inactividad de fondo del Estado<\/strong>\u00a0en la demanda civil iniciada\u00a0durante el gobierno de\u00a0<strong>Alberto Fern\u00e1ndez<\/strong>\u00a0y que se prolong\u00f3\u00a0<strong>entre el 17 de marzo y el 7 de abril de 2025, en la gesti\u00f3n de\u00a0Javier Milei,\u00a0seg\u00fan inform\u00f3 La Naci\u00f3n.<\/strong><\/p>\n\n\n\n<p>En un principio, los abogados de los condenados y absueltos pidieron que se calculen los honorarios correspondientes y reclamaron el cobro de los mismos, aunque la&nbsp;Sala III de la C\u00e1mara Civil y Comercial Federal&nbsp;<strong>fren\u00f3 el tr\u00e1mite de regulaci\u00f3n de honorarios&nbsp;el 14 de julio<\/strong>&nbsp;hasta que se presente la postura de la Corte Suprema.<\/p>\n\n\n<div class=\"wp-block-image\">\n<figure class=\"aligncenter size-full\"><img loading=\"lazy\" decoding=\"async\" width=\"980\" height=\"549\" src=\"http:\/\/treslineasnoticias.com.ar\/wp-content\/uploads\/2026\/09\/6969984c1d552__980x549.webp\" alt=\"\" class=\"wp-image-29931\" srcset=\"https:\/\/treslineasnoticias.com.ar\/wp-content\/uploads\/2026\/09\/6969984c1d552__980x549.webp 980w, https:\/\/treslineasnoticias.com.ar\/wp-content\/uploads\/2026\/09\/6969984c1d552__980x549-300x168.webp 300w, https:\/\/treslineasnoticias.com.ar\/wp-content\/uploads\/2026\/09\/6969984c1d552__980x549-768x430.webp 768w\" sizes=\"auto, (max-width: 980px) 100vw, 980px\" \/><\/figure>\n<\/div>\n\n\n<p>Poco despu\u00e9s,&nbsp;<strong>Luis Gold\u00edn<\/strong>&nbsp;y&nbsp;<strong>Fernando Muriel<\/strong>, abogados de CFK, se presentaron ante el m\u00e1ximo tribunal para destrabar el cobro de los honorarios, denunciaron \u00abprivaci\u00f3n de justicia\u00bb y solicitaron la anulaci\u00f3n de&nbsp;la decisi\u00f3n de la C\u00e1mara Civil y Comercial Federal de congelar las regulaciones. En total, se disputan unos&nbsp;<strong>13.614 millones&nbsp;<\/strong>de pesos para doce letrados.<\/p>\n\n\n\n<p>Desde su lugar,\u00a0Gold\u00edn y Muriel, quienes cerraron por\u00a0caducidad el juicio civil que Vialidad Nacional inici\u00f3 contra Cristina Kirchner, se presentaron el 4 de agosto ante la Corte Suprema y solicitaron que el tribunal\u00a0se avoque al expediente y declare la nulidad de la resoluci\u00f3n que\u00a0fren\u00f3 la regulaci\u00f3n de honorarios.<\/p>\n\n\n\n<p>Los letrados realizaron una presentaci\u00f3n directa por&nbsp;<strong>\u00abefectiva privaci\u00f3n de justicia\u00bb<\/strong>&nbsp;y explicaron que el C\u00f3digo Procesal Civil y Comercial establece que no corresponde frenar la regulaci\u00f3n de honorarios mientras que la Corte no haga lugar a una queja, todo en el marco del juicio civil que&nbsp;cay\u00f3 por caducidad por falta de impulso del Estado.<\/p>\n\n\n\n<p>En total se disputan&nbsp;<strong>13.614 millones de pesos<\/strong>, casi 10 millones de d\u00f3lares, de los cuales el&nbsp;abogado que m\u00e1s deber\u00eda cobrar es&nbsp;<strong>Miguel \u00c1ngel Arce Aggeo<\/strong>, defensor de Juan Carlos Villafa\u00f1e y Jos\u00e9 Ra\u00fal Santiba\u00f1ez, quien recibir\u00e1 unos&nbsp;3714 millones de pesos o 2.427.604 de d\u00f3lares con un&nbsp;adicional del 40% por cumplir su rol como apoderado.<\/p>\n\n\n<div class=\"wp-block-image\">\n<figure class=\"aligncenter size-full\"><img loading=\"lazy\" decoding=\"async\" width=\"812\" height=\"566\" src=\"http:\/\/treslineasnoticias.com.ar\/wp-content\/uploads\/2026\/09\/sturzenegger-milei.jpg\" alt=\"\" class=\"wp-image-29932\" srcset=\"https:\/\/treslineasnoticias.com.ar\/wp-content\/uploads\/2026\/09\/sturzenegger-milei.jpg 812w, https:\/\/treslineasnoticias.com.ar\/wp-content\/uploads\/2026\/09\/sturzenegger-milei-300x209.jpg 300w, https:\/\/treslineasnoticias.com.ar\/wp-content\/uploads\/2026\/09\/sturzenegger-milei-768x535.jpg 768w\" sizes=\"auto, (max-width: 812px) 100vw, 812px\" \/><\/figure>\n<\/div>\n\n\n<p>El abogado defensor de&nbsp;H\u00e9ctor Ren\u00e9 Garro,&nbsp;<strong>Mariano Fragueiro Fr\u00edas<\/strong>, y el de&nbsp;Ra\u00fal Osvaldo Daruich,&nbsp;<strong>Mario Fernando Ganora<\/strong>, percibir\u00e1n por su parte unos&nbsp;1857 millones de pesos o 1.213.802 d\u00f3lares, cada uno.<\/p>\n\n\n\n<p>En paralelo, los abogados&nbsp;<strong>Marcelo Antonio Sgro<\/strong>&nbsp;y&nbsp;<strong>Fernando D\u00edaz Cant\u00f3n<\/strong>, representantes del exdirector de Vialidad N\u00e9lson Periotti;&nbsp;<strong>Horacio Faillace<\/strong>&nbsp;y&nbsp;<strong>Lucio Simonetti<\/strong>, del exsecretario de Obras P\u00fablicas Abel Fatala, y&nbsp;<strong>Santiago Mauricio Perlo&nbsp;<\/strong>y&nbsp;<strong>Gabriel Alberto Domenech-Achetone<\/strong>, por el exsecretario Jos\u00e9 Francisco L\u00f3pez percibir\u00e1n 663 millones de pesos o unos 433.501 d\u00f3lares cada uno y 1326 millones de pesos o 867.001 d\u00f3lares por defensa.<\/p>\n\n\n\n<p><strong>Oscar Luis Vignale<\/strong>, defensor de Ra\u00fal Gilberto Pavesi, percibir\u00e1 1325 millones de pesos, unos 866.320 de d\u00f3lares, mientras que la&nbsp;<strong>defensa de CFK<\/strong>, m\u00e1s all\u00e1 de haber conseguido la&nbsp;caducidad de instancia, es la parte que menos cobrar\u00e1 con&nbsp;549,8 millones de pesos, unos 359.354 d\u00f3lares, dedicados a Gold\u00edn y&nbsp;331,1 millones de pesos, unos 216.410 d\u00f3lares, para Muriel, sumando&nbsp;880,9 millones de pesos, equivalentes a&nbsp;575.764 d\u00f3lares, entre los dos<\/p>\n","protected":false},"excerpt":{"rendered":"<p>El Estado deber\u00e1 pagar casi 10 millones de d\u00f3lares a los abogados de Cristina Kirchner y otros acusados. Desde Vialidad se dej\u00f3 caer un juicio civil contra la expresidenta, por lo que el Estado lo perdi\u00f3 y la Corte Suprema definir\u00e1 si se le abonar\u00e1n los honorarios establecidos a los abogados de la expresidenta y [&hellip;]<\/p>\n","protected":false},"author":3,"featured_media":29927,"comment_status":"open","ping_status":"open","sticky":false,"template":"","format":"standard","meta":{"_jetpack_memberships_contains_paid_content":false,"footnotes":""},"categories":[14,9],"tags":[],"class_list":["post-29926","post","type-post","status-publish","format-standard","has-post-thumbnail","hentry","category-interes-general","category-nacionales"],"yoast_head":"<!-- This site is optimized with the Yoast SEO plugin v27.5 - https:\/\/yoast.com\/product\/yoast-seo-wordpress\/ -->\n<title>La inacci\u00f3n del gobierno (MILEI) y del ministro desregulador (Sturzenegger) le costar\u00e1 al Estado U$S10 millones en honorarios a abogados de CFK - Tres Lineas Noticias<\/title>\n<meta name=\"robots\" content=\"index, follow, max-snippet:-1, max-image-preview:large, max-video-preview:-1\" \/>\n<link rel=\"canonical\" href=\"https:\/\/treslineasnoticias.com.ar\/?p=29926\" \/>\n<meta property=\"og:locale\" content=\"es_ES\" \/>\n<meta property=\"og:type\" content=\"article\" \/>\n<meta property=\"og:title\" content=\"La inacci\u00f3n del gobierno (MILEI) y del ministro desregulador (Sturzenegger) le costar\u00e1 al Estado U$S10 millones en honorarios a abogados de CFK - Tres Lineas Noticias\" \/>\n<meta property=\"og:description\" content=\"El Estado deber\u00e1 pagar casi 10 millones de d\u00f3lares a los abogados de Cristina Kirchner y otros acusados. Desde Vialidad se dej\u00f3 caer un juicio civil contra la expresidenta, por lo que el Estado lo perdi\u00f3 y la Corte Suprema definir\u00e1 si se le abonar\u00e1n los honorarios establecidos a los abogados de la expresidenta y [&hellip;]\" \/>\n<meta property=\"og:url\" content=\"https:\/\/treslineasnoticias.com.ar\/?p=29926\" \/>\n<meta property=\"og:site_name\" content=\"Tres Lineas Noticias\" \/>\n<meta property=\"article:published_time\" content=\"2026-09-06T10:24:00+00:00\" \/>\n<meta property=\"article:modified_time\" content=\"2026-09-06T15:55:36+00:00\" \/>\n<meta property=\"og:image\" content=\"http:\/\/treslineasnoticias.com.ar\/wp-content\/uploads\/2026\/09\/sturzenegger-y-milei-1654800.jpg\" \/>\n\t<meta property=\"og:image:width\" content=\"1280\" \/>\n\t<meta property=\"og:image:height\" content=\"720\" \/>\n\t<meta property=\"og:image:type\" content=\"image\/jpeg\" \/>\n<meta name=\"author\" content=\"Horacio L\u00f3pez\" \/>\n<meta name=\"twitter:card\" content=\"summary_large_image\" \/>\n<meta name=\"twitter:label1\" content=\"Escrito por\" \/>\n\t<meta name=\"twitter:data1\" content=\"Horacio L\u00f3pez\" \/>\n\t<meta name=\"twitter:label2\" content=\"Tiempo de lectura\" \/>\n\t<meta name=\"twitter:data2\" content=\"5 minutos\" \/>\n<script type=\"application\/ld+json\" class=\"yoast-schema-graph\">{\"@context\":\"https:\\\/\\\/schema.org\",\"@graph\":[{\"@type\":\"Article\",\"@id\":\"https:\\\/\\\/treslineasnoticias.com.ar\\\/?p=29926#article\",\"isPartOf\":{\"@id\":\"https:\\\/\\\/treslineasnoticias.com.ar\\\/?p=29926\"},\"author\":{\"name\":\"Horacio L\u00f3pez\",\"@id\":\"https:\\\/\\\/treslineasnoticias.com.ar\\\/#\\\/schema\\\/person\\\/c5f7249e50517b84c2379b145ca14895\"},\"headline\":\"La inacci\u00f3n del gobierno (MILEI) y del ministro desregulador (Sturzenegger) le costar\u00e1 al Estado U$S10 millones en honorarios a abogados de CFK\",\"datePublished\":\"2026-09-06T10:24:00+00:00\",\"dateModified\":\"2026-09-06T15:55:36+00:00\",\"mainEntityOfPage\":{\"@id\":\"https:\\\/\\\/treslineasnoticias.com.ar\\\/?p=29926\"},\"wordCount\":808,\"commentCount\":0,\"image\":{\"@id\":\"https:\\\/\\\/treslineasnoticias.com.ar\\\/?p=29926#primaryimage\"},\"thumbnailUrl\":\"https:\\\/\\\/treslineasnoticias.com.ar\\\/wp-content\\\/uploads\\\/2026\\\/09\\\/sturzenegger-y-milei-1654800.jpg\",\"articleSection\":[\"Inter\u00e9s General\",\"Nacionales\"],\"inLanguage\":\"es\",\"potentialAction\":[{\"@type\":\"CommentAction\",\"name\":\"Comment\",\"target\":[\"https:\\\/\\\/treslineasnoticias.com.ar\\\/?p=29926#respond\"]}]},{\"@type\":\"WebPage\",\"@id\":\"https:\\\/\\\/treslineasnoticias.com.ar\\\/?p=29926\",\"url\":\"https:\\\/\\\/treslineasnoticias.com.ar\\\/?p=29926\",\"name\":\"La inacci\u00f3n del gobierno (MILEI) y del ministro desregulador (Sturzenegger) le costar\u00e1 al Estado U$S10 millones en honorarios a abogados de CFK - Tres Lineas Noticias\",\"isPartOf\":{\"@id\":\"https:\\\/\\\/treslineasnoticias.com.ar\\\/#website\"},\"primaryImageOfPage\":{\"@id\":\"https:\\\/\\\/treslineasnoticias.com.ar\\\/?p=29926#primaryimage\"},\"image\":{\"@id\":\"https:\\\/\\\/treslineasnoticias.com.ar\\\/?p=29926#primaryimage\"},\"thumbnailUrl\":\"https:\\\/\\\/treslineasnoticias.com.ar\\\/wp-content\\\/uploads\\\/2026\\\/09\\\/sturzenegger-y-milei-1654800.jpg\",\"datePublished\":\"2026-09-06T10:24:00+00:00\",\"dateModified\":\"2026-09-06T15:55:36+00:00\",\"author\":{\"@id\":\"https:\\\/\\\/treslineasnoticias.com.ar\\\/#\\\/schema\\\/person\\\/c5f7249e50517b84c2379b145ca14895\"},\"breadcrumb\":{\"@id\":\"https:\\\/\\\/treslineasnoticias.com.ar\\\/?p=29926#breadcrumb\"},\"inLanguage\":\"es\",\"potentialAction\":[{\"@type\":\"ReadAction\",\"target\":[\"https:\\\/\\\/treslineasnoticias.com.ar\\\/?p=29926\"]}]},{\"@type\":\"ImageObject\",\"inLanguage\":\"es\",\"@id\":\"https:\\\/\\\/treslineasnoticias.com.ar\\\/?p=29926#primaryimage\",\"url\":\"https:\\\/\\\/treslineasnoticias.com.ar\\\/wp-content\\\/uploads\\\/2026\\\/09\\\/sturzenegger-y-milei-1654800.jpg\",\"contentUrl\":\"https:\\\/\\\/treslineasnoticias.com.ar\\\/wp-content\\\/uploads\\\/2026\\\/09\\\/sturzenegger-y-milei-1654800.jpg\",\"width\":1280,\"height\":720},{\"@type\":\"BreadcrumbList\",\"@id\":\"https:\\\/\\\/treslineasnoticias.com.ar\\\/?p=29926#breadcrumb\",\"itemListElement\":[{\"@type\":\"ListItem\",\"position\":1,\"name\":\"Portada\",\"item\":\"https:\\\/\\\/treslineasnoticias.com.ar\\\/\"},{\"@type\":\"ListItem\",\"position\":2,\"name\":\"La inacci\u00f3n del gobierno (MILEI) y del ministro desregulador (Sturzenegger) le costar\u00e1 al Estado U$S10 millones en honorarios a abogados de CFK\"}]},{\"@type\":\"WebSite\",\"@id\":\"https:\\\/\\\/treslineasnoticias.com.ar\\\/#website\",\"url\":\"https:\\\/\\\/treslineasnoticias.com.ar\\\/\",\"name\":\"Tres Lineas Noticias\",\"description\":\"\",\"potentialAction\":[{\"@type\":\"SearchAction\",\"target\":{\"@type\":\"EntryPoint\",\"urlTemplate\":\"https:\\\/\\\/treslineasnoticias.com.ar\\\/?s={search_term_string}\"},\"query-input\":{\"@type\":\"PropertyValueSpecification\",\"valueRequired\":true,\"valueName\":\"search_term_string\"}}],\"inLanguage\":\"es\"},{\"@type\":\"Person\",\"@id\":\"https:\\\/\\\/treslineasnoticias.com.ar\\\/#\\\/schema\\\/person\\\/c5f7249e50517b84c2379b145ca14895\",\"name\":\"Horacio L\u00f3pez\",\"image\":{\"@type\":\"ImageObject\",\"inLanguage\":\"es\",\"@id\":\"https:\\\/\\\/treslineasnoticias.com.ar\\\/wp-content\\\/litespeed\\\/avatar\\\/f5a5e9d378b20cf999cb9a940a8324f3.jpg?ver=1788116984\",\"url\":\"https:\\\/\\\/treslineasnoticias.com.ar\\\/wp-content\\\/litespeed\\\/avatar\\\/f5a5e9d378b20cf999cb9a940a8324f3.jpg?ver=1788116984\",\"contentUrl\":\"https:\\\/\\\/treslineasnoticias.com.ar\\\/wp-content\\\/litespeed\\\/avatar\\\/f5a5e9d378b20cf999cb9a940a8324f3.jpg?ver=1788116984\",\"caption\":\"Horacio L\u00f3pez\"},\"sameAs\":[\"http:\\\/\\\/treslineasnoticias.com.ar\"],\"url\":\"https:\\\/\\\/treslineasnoticias.com.ar\\\/?author=3\"}]}<\/script>\n<!-- \/ Yoast SEO plugin. -->","yoast_head_json":{"title":"La inacci\u00f3n del gobierno (MILEI) y del ministro desregulador (Sturzenegger) le costar\u00e1 al Estado U$S10 millones en honorarios a abogados de CFK - Tres Lineas Noticias","robots":{"index":"index","follow":"follow","max-snippet":"max-snippet:-1","max-image-preview":"max-image-preview:large","max-video-preview":"max-video-preview:-1"},"canonical":"https:\/\/treslineasnoticias.com.ar\/?p=29926","og_locale":"es_ES","og_type":"article","og_title":"La inacci\u00f3n del gobierno (MILEI) y del ministro desregulador (Sturzenegger) le costar\u00e1 al Estado U$S10 millones en honorarios a abogados de CFK - Tres Lineas Noticias","og_description":"El Estado deber\u00e1 pagar casi 10 millones de d\u00f3lares a los abogados de Cristina Kirchner y otros acusados. Desde Vialidad se dej\u00f3 caer un juicio civil contra la expresidenta, por lo que el Estado lo perdi\u00f3 y la Corte Suprema definir\u00e1 si se le abonar\u00e1n los honorarios establecidos a los abogados de la expresidenta y [&hellip;]","og_url":"https:\/\/treslineasnoticias.com.ar\/?p=29926","og_site_name":"Tres Lineas Noticias","article_published_time":"2026-09-06T10:24:00+00:00","article_modified_time":"2026-09-06T15:55:36+00:00","og_image":[{"width":1280,"height":720,"url":"http:\/\/treslineasnoticias.com.ar\/wp-content\/uploads\/2026\/09\/sturzenegger-y-milei-1654800.jpg","type":"image\/jpeg"}],"author":"Horacio L\u00f3pez","twitter_card":"summary_large_image","twitter_misc":{"Escrito por":"Horacio L\u00f3pez","Tiempo de lectura":"5 minutos"},"schema":{"@context":"https:\/\/schema.org","@graph":[{"@type":"Article","@id":"https:\/\/treslineasnoticias.com.ar\/?p=29926#article","isPartOf":{"@id":"https:\/\/treslineasnoticias.com.ar\/?p=29926"},"author":{"name":"Horacio L\u00f3pez","@id":"https:\/\/treslineasnoticias.com.ar\/#\/schema\/person\/c5f7249e50517b84c2379b145ca14895"},"headline":"La inacci\u00f3n del gobierno (MILEI) y del ministro desregulador (Sturzenegger) le costar\u00e1 al Estado U$S10 millones en honorarios a abogados de CFK","datePublished":"2026-09-06T10:24:00+00:00","dateModified":"2026-09-06T15:55:36+00:00","mainEntityOfPage":{"@id":"https:\/\/treslineasnoticias.com.ar\/?p=29926"},"wordCount":808,"commentCount":0,"image":{"@id":"https:\/\/treslineasnoticias.com.ar\/?p=29926#primaryimage"},"thumbnailUrl":"https:\/\/treslineasnoticias.com.ar\/wp-content\/uploads\/2026\/09\/sturzenegger-y-milei-1654800.jpg","articleSection":["Inter\u00e9s General","Nacionales"],"inLanguage":"es","potentialAction":[{"@type":"CommentAction","name":"Comment","target":["https:\/\/treslineasnoticias.com.ar\/?p=29926#respond"]}]},{"@type":"WebPage","@id":"https:\/\/treslineasnoticias.com.ar\/?p=29926","url":"https:\/\/treslineasnoticias.com.ar\/?p=29926","name":"La inacci\u00f3n del gobierno (MILEI) y del ministro desregulador (Sturzenegger) le costar\u00e1 al Estado U$S10 millones en honorarios a abogados de CFK - Tres Lineas Noticias","isPartOf":{"@id":"https:\/\/treslineasnoticias.com.ar\/#website"},"primaryImageOfPage":{"@id":"https:\/\/treslineasnoticias.com.ar\/?p=29926#primaryimage"},"image":{"@id":"https:\/\/treslineasnoticias.com.ar\/?p=29926#primaryimage"},"thumbnailUrl":"https:\/\/treslineasnoticias.com.ar\/wp-content\/uploads\/2026\/09\/sturzenegger-y-milei-1654800.jpg","datePublished":"2026-09-06T10:24:00+00:00","dateModified":"2026-09-06T15:55:36+00:00","author":{"@id":"https:\/\/treslineasnoticias.com.ar\/#\/schema\/person\/c5f7249e50517b84c2379b145ca14895"},"breadcrumb":{"@id":"https:\/\/treslineasnoticias.com.ar\/?p=29926#breadcrumb"},"inLanguage":"es","potentialAction":[{"@type":"ReadAction","target":["https:\/\/treslineasnoticias.com.ar\/?p=29926"]}]},{"@type":"ImageObject","inLanguage":"es","@id":"https:\/\/treslineasnoticias.com.ar\/?p=29926#primaryimage","url":"https:\/\/treslineasnoticias.com.ar\/wp-content\/uploads\/2026\/09\/sturzenegger-y-milei-1654800.jpg","contentUrl":"https:\/\/treslineasnoticias.com.ar\/wp-content\/uploads\/2026\/09\/sturzenegger-y-milei-1654800.jpg","width":1280,"height":720},{"@type":"BreadcrumbList","@id":"https:\/\/treslineasnoticias.com.ar\/?p=29926#breadcrumb","itemListElement":[{"@type":"ListItem","position":1,"name":"Portada","item":"https:\/\/treslineasnoticias.com.ar\/"},{"@type":"ListItem","position":2,"name":"La inacci\u00f3n del gobierno (MILEI) y del ministro desregulador (Sturzenegger) le costar\u00e1 al Estado U$S10 millones en honorarios a abogados de CFK"}]},{"@type":"WebSite","@id":"https:\/\/treslineasnoticias.com.ar\/#website","url":"https:\/\/treslineasnoticias.com.ar\/","name":"Tres Lineas Noticias","description":"","potentialAction":[{"@type":"SearchAction","target":{"@type":"EntryPoint","urlTemplate":"https:\/\/treslineasnoticias.com.ar\/?s={search_term_string}"},"query-input":{"@type":"PropertyValueSpecification","valueRequired":true,"valueName":"search_term_string"}}],"inLanguage":"es"},{"@type":"Person","@id":"https:\/\/treslineasnoticias.com.ar\/#\/schema\/person\/c5f7249e50517b84c2379b145ca14895","name":"Horacio L\u00f3pez","image":{"@type":"ImageObject","inLanguage":"es","@id":"https:\/\/treslineasnoticias.com.ar\/wp-content\/litespeed\/avatar\/f5a5e9d378b20cf999cb9a940a8324f3.jpg?ver=1788116984","url":"https:\/\/treslineasnoticias.com.ar\/wp-content\/litespeed\/avatar\/f5a5e9d378b20cf999cb9a940a8324f3.jpg?ver=1788116984","contentUrl":"https:\/\/treslineasnoticias.com.ar\/wp-content\/litespeed\/avatar\/f5a5e9d378b20cf999cb9a940a8324f3.jpg?ver=1788116984","caption":"Horacio L\u00f3pez"},"sameAs":["http:\/\/treslineasnoticias.com.ar"],"url":"https:\/\/treslineasnoticias.com.ar\/?author=3"}]}},"jetpack_featured_media_url":"https:\/\/treslineasnoticias.com.ar\/wp-content\/uploads\/2026\/09\/sturzenegger-y-milei-1654800.jpg","jetpack_sharing_enabled":true,"_links":{"self":[{"href":"https:\/\/treslineasnoticias.com.ar\/index.php?rest_route=\/wp\/v2\/posts\/29926","targetHints":{"allow":["GET"]}}],"collection":[{"href":"https:\/\/treslineasnoticias.com.ar\/index.php?rest_route=\/wp\/v2\/posts"}],"about":[{"href":"https:\/\/treslineasnoticias.com.ar\/index.php?rest_route=\/wp\/v2\/types\/post"}],"author":[{"embeddable":true,"href":"https:\/\/treslineasnoticias.com.ar\/index.php?rest_route=\/wp\/v2\/users\/3"}],"replies":[{"embeddable":true,"href":"https:\/\/treslineasnoticias.com.ar\/index.php?rest_route=%2Fwp%2Fv2%2Fcomments&post=29926"}],"version-history":[{"count":1,"href":"https:\/\/treslineasnoticias.com.ar\/index.php?rest_route=\/wp\/v2\/posts\/29926\/revisions"}],"predecessor-version":[{"id":29933,"href":"https:\/\/treslineasnoticias.com.ar\/index.php?rest_route=\/wp\/v2\/posts\/29926\/revisions\/29933"}],"wp:featuredmedia":[{"embeddable":true,"href":"https:\/\/treslineasnoticias.com.ar\/index.php?rest_route=\/wp\/v2\/media\/29927"}],"wp:attachment":[{"href":"https:\/\/treslineasnoticias.com.ar\/index.php?rest_route=%2Fwp%2Fv2%2Fmedia&parent=29926"}],"wp:term":[{"taxonomy":"category","embeddable":true,"href":"https:\/\/treslineasnoticias.com.ar\/index.php?rest_route=%2Fwp%2Fv2%2Fcategories&post=29926"},{"taxonomy":"post_tag","embeddable":true,"href":"https:\/\/treslineasnoticias.com.ar\/index.php?rest_route=%2Fwp%2Fv2%2Ftags&post=29926"}],"curies":[{"name":"wp","href":"https:\/\/api.w.org\/{rel}","templated":true}]}}